{"id":90314,"date":"2025-02-05T10:47:54","date_gmt":"2025-02-05T09:47:54","guid":{"rendered":"https:\/\/www.anderapartners.com\/?p=90314"},"modified":"2025-02-05T10:50:26","modified_gmt":"2025-02-05T09:50:26","slug":"coup-double-strategique-pour-efor-une-deuxieme-acquisition-celle-de-project-delivery-partners-qui-marque-ce-debut-dannee","status":"publish","type":"post","link":"https:\/\/www.anderapartners.com\/fr\/coup-double-strategique-pour-efor-une-deuxieme-acquisition-celle-de-project-delivery-partners-qui-marque-ce-debut-dannee\/","title":{"rendered":"Coup double strat\u00e9gique pour Efor : une deuxi\u00e8me acquisition, celle de Project Delivery Partners, qui marque ce d\u00e9but d&rsquo;ann\u00e9e."},"content":{"rendered":"<p>Reconnu dans les domaines du CQV (Commissioning, Qualification et Validation), de l\u2019ing\u00e9nierie et de la gestion de projets complexes, le groupe PDP est pr\u00e9sent en Asie du Sud Est, en Europe et en Am\u00e9rique du Nord. Avec plus de 250 collaborateurs, Project Delivery Partners consolide l&rsquo;ancrage international d\u2019Efor ainsi que les positions historiques du groupe.<\/p>\n<p><strong>Une ambition mondiale renforc\u00e9e et des perspectives de croissance soutenues<\/strong><\/p>\n<p>L\u2019acquisition de Project Delivery Partners s\u2019inscrit pleinement dans l\u2019ambition d\u2019Efor de devenir un leader mondial, port\u00e9e par une croissance organique \u00e9lev\u00e9e et des acquisitions strat\u00e9giques cibl\u00e9es visant \u00e0 collaborer avec les meilleurs acteurs de chaque g\u00e9ographie.<\/p>\n<p>L\u2019int\u00e9gration de cette nouvelle structure permet en effet au groupe de consolider son positionnement sur les march\u00e9s cl\u00e9s de Singapour, des Etats-Unis, du Canada, de l\u2019Irlande et de la Suisse. Avec d\u00e9sormais plus de 3 000 collaborateurs et un chiffre d\u2019affaires proforma de 300 millions d\u2019euros en 2024, Efor se dote des moyens n\u00e9cessaires pour atteindre son objectif ambitieux de 600 millions d\u2019euros de chiffre d\u2019affaires en 2028.<\/p>\n<p>En rassemblant les forces de ses deux acquisitions successives, Efor poursuit sa transformation et affirme sa vision d\u2019un acteur structur\u00e9, capable de r\u00e9pondre aux exigences d\u2019un march\u00e9 globalis\u00e9.<\/p>\n<p>\u201c<em>Avec Project Delivery Partners, nous franchissons une nouvelle \u00e9tape dans notre strat\u00e9gie de croissance internationale. Leur int\u00e9gration en totale synergie avec celle de PharmEng Technology r\u00e9alis\u00e9e il y a quelques semaines, leurs implantations g\u00e9ographiques communes et leurs expertises compl\u00e9mentaires positionnent notre groupe comme un partenaire encore plus solide qui saura r\u00e9pondre aux d\u00e9fis complexes de nos clients \u00e0 l\u2019\u00e9chelle mondiale<\/em>\u201d d\u00e9clare <strong>Mathieu Roger<\/strong>, pr\u00e9sident et fondateur d\u2019Efor.<br \/>\n\u201c<em>Nous voulons d\u00e9montrer qu\u2019il est possible de structurer un leader mondial tout en restant fid\u00e8le \u00e0 nos racines et \u00e0 nos valeurs d\u2019excellence, d\u2019engagement et de partage<\/em>\u201d.<\/p>\n<p><strong>Des synergies au service des clients internationaux<\/strong><\/p>\n<p>L\u2019int\u00e9gration de PDP illustre l\u2019attractivit\u00e9 du groupe Efor et sa capacit\u00e9 \u00e0 f\u00e9d\u00e9rer les entreprises r\u00e9cemment acquises autour d\u2019un projet industriel ambitieux : b\u00e2tir un leader mondial capable de r\u00e9pondre \u00e0 l\u2019ensemble de l\u2019\u00e9cosyst\u00e8me des life sciences.<\/p>\n<p>Gr\u00e2ce \u00e0 une Direction Technique renforc\u00e9e et compos\u00e9e de plus de 250 experts, Efor dispose d\u2019une organisation unique sur le march\u00e9, capable de fournir des solutions innovantes et adapt\u00e9es aux besoins sp\u00e9cifiques des industriels tout en ma\u00eetrisant les exigences r\u00e9glementaires locales et globales.<\/p>\n<p>Le groupe se positionne ainsi comme un acteur cl\u00e9 et un partenaire strat\u00e9gique dans le cycle de d\u00e9veloppement des produits de sant\u00e9 de ses clients, offrant un accompagnement sur mesure \u00e0 chaque \u00e9tape de leurs projets.<\/p>\n<p>\u201c<em>Nous sommes fiers de rejoindre Efor et de contribuer \u00e0 construire un acteur mondial de r\u00e9f\u00e9rence.<\/em>\u201d <strong>Lawrence Smiddy<\/strong>, <strong>Keith Doran<\/strong>, et <strong>Peter Roche<\/strong>, fondateurs et pr\u00e9sidents de Project Delivery Partners<\/p>\n<p>\u201cCette int\u00e9gration est une opportunit\u00e9 unique de combiner nos expertises et d\u2019offrir \u00e0 nos clients et collaborateurs un potentiel de d\u00e9veloppement sans pr\u00e9c\u00e9dent.<i>\u201d<\/i><\/p>\n<p>Cette union a par ailleurs \u00e9t\u00e9 soutenue par le puissant consortium accompagnant le groupe Efor, compos\u00e9 du partenaire historique du groupe, Raise Invest et son fonds philanthropique \u00ab Investir pour l\u2019enfance \u00bb, ainsi que d\u2019Andera Acto et de Capza.<\/p>\n","protected":false},"excerpt":{"rendered":"<p>Reconnu dans les domaines du CQV (Commissioning, Qualification et Validation), de l\u2019ing\u00e9nierie et de la gestion de projets complexes, le groupe PDP est pr\u00e9sent en Asie du Sud Est, en Europe et en Am\u00e9rique du Nord. Avec plus de 250 collaborateurs, Project Delivery Partners consolide l&rsquo;ancrage international d\u2019Efor ainsi que les positions historiques du groupe&#8230;.<\/p>\n","protected":false},"author":2,"featured_media":0,"comment_status":"closed","ping_status":"open","sticky":false,"template":"","format":"standard","meta":[],"categories":[79],"class_list":["post-90314","post","type-post","status-publish","format-standard","hentry","category-actomezz"],"acf":[],"yoast_head":"<!-- This site is optimized with the Yoast SEO plugin v24.1 - https:\/\/yoast.com\/wordpress\/plugins\/seo\/ -->\n<title>Coup double strat\u00e9gique pour Efor : une deuxi\u00e8me acquisition, celle de Project Delivery Partners, qui marque ce d\u00e9but d&#039;ann\u00e9e. - ANDERA PARTNERS<\/title>\n<meta name=\"robots\" content=\"index, follow, max-snippet:-1, max-image-preview:large, max-video-preview:-1\" \/>\n<link rel=\"canonical\" href=\"https:\/\/www.anderapartners.com\/fr\/coup-double-strategique-pour-efor-une-deuxieme-acquisition-celle-de-project-delivery-partners-qui-marque-ce-debut-dannee\/\" \/>\n<meta property=\"og:locale\" content=\"fr_FR\" \/>\n<meta property=\"og:type\" content=\"article\" \/>\n<meta property=\"og:title\" content=\"Coup double strat\u00e9gique pour Efor : une deuxi\u00e8me acquisition, celle de Project Delivery Partners, qui marque ce d\u00e9but d&#039;ann\u00e9e. - ANDERA PARTNERS\" \/>\n<meta property=\"og:description\" content=\"Reconnu dans les domaines du CQV (Commissioning, Qualification et Validation), de l\u2019ing\u00e9nierie et de la gestion de projets complexes, le groupe PDP est pr\u00e9sent en Asie du Sud Est, en Europe et en Am\u00e9rique du Nord. Avec plus de 250 collaborateurs, Project Delivery Partners consolide l&rsquo;ancrage international d\u2019Efor ainsi que les positions historiques du groupe....\" \/>\n<meta property=\"og:url\" content=\"https:\/\/www.anderapartners.com\/fr\/coup-double-strategique-pour-efor-une-deuxieme-acquisition-celle-de-project-delivery-partners-qui-marque-ce-debut-dannee\/\" \/>\n<meta property=\"og:site_name\" content=\"ANDERA PARTNERS\" \/>\n<meta property=\"article:published_time\" content=\"2025-02-05T09:47:54+00:00\" \/>\n<meta property=\"article:modified_time\" content=\"2025-02-05T09:50:26+00:00\" \/>\n<meta name=\"author\" content=\"Nicolas Delsert\" \/>\n<meta name=\"twitter:card\" content=\"summary_large_image\" \/>\n<meta name=\"twitter:label1\" content=\"\u00c9crit par\" \/>\n\t<meta name=\"twitter:data1\" content=\"Nicolas Delsert\" \/>\n\t<meta name=\"twitter:label2\" content=\"Dur\u00e9e de lecture estim\u00e9e\" \/>\n\t<meta name=\"twitter:data2\" content=\"3 minutes\" \/>\n<script type=\"application\/ld+json\" class=\"yoast-schema-graph\">{\"@context\":\"https:\/\/schema.org\",\"@graph\":[{\"@type\":\"Article\",\"@id\":\"https:\/\/www.anderapartners.com\/fr\/coup-double-strategique-pour-efor-une-deuxieme-acquisition-celle-de-project-delivery-partners-qui-marque-ce-debut-dannee\/#article\",\"isPartOf\":{\"@id\":\"https:\/\/www.anderapartners.com\/fr\/coup-double-strategique-pour-efor-une-deuxieme-acquisition-celle-de-project-delivery-partners-qui-marque-ce-debut-dannee\/\"},\"author\":{\"name\":\"Nicolas Delsert\",\"@id\":\"https:\/\/www.anderapartners.com\/fr\/#\/schema\/person\/dce1d4a32f2d85f191a44527e202942c\"},\"headline\":\"Coup double strat\u00e9gique pour Efor : une deuxi\u00e8me acquisition, celle de Project Delivery Partners, qui marque ce d\u00e9but d&rsquo;ann\u00e9e.\",\"datePublished\":\"2025-02-05T09:47:54+00:00\",\"dateModified\":\"2025-02-05T09:50:26+00:00\",\"mainEntityOfPage\":{\"@id\":\"https:\/\/www.anderapartners.com\/fr\/coup-double-strategique-pour-efor-une-deuxieme-acquisition-celle-de-project-delivery-partners-qui-marque-ce-debut-dannee\/\"},\"wordCount\":587,\"publisher\":{\"@id\":\"https:\/\/www.anderapartners.com\/fr\/#organization\"},\"articleSection\":[\"andera Acto\"],\"inLanguage\":\"fr-FR\"},{\"@type\":\"WebPage\",\"@id\":\"https:\/\/www.anderapartners.com\/fr\/coup-double-strategique-pour-efor-une-deuxieme-acquisition-celle-de-project-delivery-partners-qui-marque-ce-debut-dannee\/\",\"url\":\"https:\/\/www.anderapartners.com\/fr\/coup-double-strategique-pour-efor-une-deuxieme-acquisition-celle-de-project-delivery-partners-qui-marque-ce-debut-dannee\/\",\"name\":\"Coup double strat\u00e9gique pour Efor : une deuxi\u00e8me acquisition, celle de Project Delivery Partners, qui marque ce d\u00e9but d'ann\u00e9e. - ANDERA PARTNERS\",\"isPartOf\":{\"@id\":\"https:\/\/www.anderapartners.com\/fr\/#website\"},\"datePublished\":\"2025-02-05T09:47:54+00:00\",\"dateModified\":\"2025-02-05T09:50:26+00:00\",\"breadcrumb\":{\"@id\":\"https:\/\/www.anderapartners.com\/fr\/coup-double-strategique-pour-efor-une-deuxieme-acquisition-celle-de-project-delivery-partners-qui-marque-ce-debut-dannee\/#breadcrumb\"},\"inLanguage\":\"fr-FR\",\"potentialAction\":[{\"@type\":\"ReadAction\",\"target\":[\"https:\/\/www.anderapartners.com\/fr\/coup-double-strategique-pour-efor-une-deuxieme-acquisition-celle-de-project-delivery-partners-qui-marque-ce-debut-dannee\/\"]}]},{\"@type\":\"BreadcrumbList\",\"@id\":\"https:\/\/www.anderapartners.com\/fr\/coup-double-strategique-pour-efor-une-deuxieme-acquisition-celle-de-project-delivery-partners-qui-marque-ce-debut-dannee\/#breadcrumb\",\"itemListElement\":[{\"@type\":\"ListItem\",\"position\":1,\"name\":\"Accueil\",\"item\":\"https:\/\/www.anderapartners.com\/fr\/\"},{\"@type\":\"ListItem\",\"position\":2,\"name\":\"Coup double strat\u00e9gique pour Efor : une deuxi\u00e8me acquisition, celle de Project Delivery Partners, qui marque ce d\u00e9but d&rsquo;ann\u00e9e.\"}]},{\"@type\":\"WebSite\",\"@id\":\"https:\/\/www.anderapartners.com\/fr\/#website\",\"url\":\"https:\/\/www.anderapartners.com\/fr\/\",\"name\":\"ANDERA PARTNERS\",\"description\":\"\",\"publisher\":{\"@id\":\"https:\/\/www.anderapartners.com\/fr\/#organization\"},\"potentialAction\":[{\"@type\":\"SearchAction\",\"target\":{\"@type\":\"EntryPoint\",\"urlTemplate\":\"https:\/\/www.anderapartners.com\/fr\/?s={search_term_string}\"},\"query-input\":{\"@type\":\"PropertyValueSpecification\",\"valueRequired\":true,\"valueName\":\"search_term_string\"}}],\"inLanguage\":\"fr-FR\"},{\"@type\":\"Organization\",\"@id\":\"https:\/\/www.anderapartners.com\/fr\/#organization\",\"name\":\"Andera Partners\",\"url\":\"https:\/\/www.anderapartners.com\/fr\/\",\"logo\":{\"@type\":\"ImageObject\",\"inLanguage\":\"fr-FR\",\"@id\":\"https:\/\/www.anderapartners.com\/fr\/#\/schema\/logo\/image\/\",\"url\":\"https:\/\/www.anderapartners.com\/wp-content\/uploads\/2020\/08\/logo-white.svg\",\"contentUrl\":\"https:\/\/www.anderapartners.com\/wp-content\/uploads\/2020\/08\/logo-white.svg\",\"width\":107,\"height\":44,\"caption\":\"Andera Partners\"},\"image\":{\"@id\":\"https:\/\/www.anderapartners.com\/fr\/#\/schema\/logo\/image\/\"}},{\"@type\":\"Person\",\"@id\":\"https:\/\/www.anderapartners.com\/fr\/#\/schema\/person\/dce1d4a32f2d85f191a44527e202942c\",\"name\":\"Nicolas Delsert\",\"image\":{\"@type\":\"ImageObject\",\"inLanguage\":\"fr-FR\",\"@id\":\"https:\/\/www.anderapartners.com\/fr\/#\/schema\/person\/image\/\",\"url\":\"https:\/\/secure.gravatar.com\/avatar\/fca7b29302058c85588bc6bc3db9bd1e?s=96&d=mm&r=g\",\"contentUrl\":\"https:\/\/secure.gravatar.com\/avatar\/fca7b29302058c85588bc6bc3db9bd1e?s=96&d=mm&r=g\",\"caption\":\"Nicolas Delsert\"}}]}<\/script>\n<!-- \/ Yoast SEO plugin. -->","yoast_head_json":{"title":"Coup double strat\u00e9gique pour Efor : une deuxi\u00e8me acquisition, celle de Project Delivery Partners, qui marque ce d\u00e9but d'ann\u00e9e. - ANDERA PARTNERS","robots":{"index":"index","follow":"follow","max-snippet":"max-snippet:-1","max-image-preview":"max-image-preview:large","max-video-preview":"max-video-preview:-1"},"canonical":"https:\/\/www.anderapartners.com\/fr\/coup-double-strategique-pour-efor-une-deuxieme-acquisition-celle-de-project-delivery-partners-qui-marque-ce-debut-dannee\/","og_locale":"fr_FR","og_type":"article","og_title":"Coup double strat\u00e9gique pour Efor : une deuxi\u00e8me acquisition, celle de Project Delivery Partners, qui marque ce d\u00e9but d'ann\u00e9e. - ANDERA PARTNERS","og_description":"Reconnu dans les domaines du CQV (Commissioning, Qualification et Validation), de l\u2019ing\u00e9nierie et de la gestion de projets complexes, le groupe PDP est pr\u00e9sent en Asie du Sud Est, en Europe et en Am\u00e9rique du Nord. Avec plus de 250 collaborateurs, Project Delivery Partners consolide l&rsquo;ancrage international d\u2019Efor ainsi que les positions historiques du groupe....","og_url":"https:\/\/www.anderapartners.com\/fr\/coup-double-strategique-pour-efor-une-deuxieme-acquisition-celle-de-project-delivery-partners-qui-marque-ce-debut-dannee\/","og_site_name":"ANDERA PARTNERS","article_published_time":"2025-02-05T09:47:54+00:00","article_modified_time":"2025-02-05T09:50:26+00:00","author":"Nicolas Delsert","twitter_card":"summary_large_image","twitter_misc":{"\u00c9crit par":"Nicolas Delsert","Dur\u00e9e de lecture estim\u00e9e":"3 minutes"},"schema":{"@context":"https:\/\/schema.org","@graph":[{"@type":"Article","@id":"https:\/\/www.anderapartners.com\/fr\/coup-double-strategique-pour-efor-une-deuxieme-acquisition-celle-de-project-delivery-partners-qui-marque-ce-debut-dannee\/#article","isPartOf":{"@id":"https:\/\/www.anderapartners.com\/fr\/coup-double-strategique-pour-efor-une-deuxieme-acquisition-celle-de-project-delivery-partners-qui-marque-ce-debut-dannee\/"},"author":{"name":"Nicolas Delsert","@id":"https:\/\/www.anderapartners.com\/fr\/#\/schema\/person\/dce1d4a32f2d85f191a44527e202942c"},"headline":"Coup double strat\u00e9gique pour Efor : une deuxi\u00e8me acquisition, celle de Project Delivery Partners, qui marque ce d\u00e9but d&rsquo;ann\u00e9e.","datePublished":"2025-02-05T09:47:54+00:00","dateModified":"2025-02-05T09:50:26+00:00","mainEntityOfPage":{"@id":"https:\/\/www.anderapartners.com\/fr\/coup-double-strategique-pour-efor-une-deuxieme-acquisition-celle-de-project-delivery-partners-qui-marque-ce-debut-dannee\/"},"wordCount":587,"publisher":{"@id":"https:\/\/www.anderapartners.com\/fr\/#organization"},"articleSection":["andera Acto"],"inLanguage":"fr-FR"},{"@type":"WebPage","@id":"https:\/\/www.anderapartners.com\/fr\/coup-double-strategique-pour-efor-une-deuxieme-acquisition-celle-de-project-delivery-partners-qui-marque-ce-debut-dannee\/","url":"https:\/\/www.anderapartners.com\/fr\/coup-double-strategique-pour-efor-une-deuxieme-acquisition-celle-de-project-delivery-partners-qui-marque-ce-debut-dannee\/","name":"Coup double strat\u00e9gique pour Efor : une deuxi\u00e8me acquisition, celle de Project Delivery Partners, qui marque ce d\u00e9but d'ann\u00e9e. - ANDERA PARTNERS","isPartOf":{"@id":"https:\/\/www.anderapartners.com\/fr\/#website"},"datePublished":"2025-02-05T09:47:54+00:00","dateModified":"2025-02-05T09:50:26+00:00","breadcrumb":{"@id":"https:\/\/www.anderapartners.com\/fr\/coup-double-strategique-pour-efor-une-deuxieme-acquisition-celle-de-project-delivery-partners-qui-marque-ce-debut-dannee\/#breadcrumb"},"inLanguage":"fr-FR","potentialAction":[{"@type":"ReadAction","target":["https:\/\/www.anderapartners.com\/fr\/coup-double-strategique-pour-efor-une-deuxieme-acquisition-celle-de-project-delivery-partners-qui-marque-ce-debut-dannee\/"]}]},{"@type":"BreadcrumbList","@id":"https:\/\/www.anderapartners.com\/fr\/coup-double-strategique-pour-efor-une-deuxieme-acquisition-celle-de-project-delivery-partners-qui-marque-ce-debut-dannee\/#breadcrumb","itemListElement":[{"@type":"ListItem","position":1,"name":"Accueil","item":"https:\/\/www.anderapartners.com\/fr\/"},{"@type":"ListItem","position":2,"name":"Coup double strat\u00e9gique pour Efor : une deuxi\u00e8me acquisition, celle de Project Delivery Partners, qui marque ce d\u00e9but d&rsquo;ann\u00e9e."}]},{"@type":"WebSite","@id":"https:\/\/www.anderapartners.com\/fr\/#website","url":"https:\/\/www.anderapartners.com\/fr\/","name":"ANDERA PARTNERS","description":"","publisher":{"@id":"https:\/\/www.anderapartners.com\/fr\/#organization"},"potentialAction":[{"@type":"SearchAction","target":{"@type":"EntryPoint","urlTemplate":"https:\/\/www.anderapartners.com\/fr\/?s={search_term_string}"},"query-input":{"@type":"PropertyValueSpecification","valueRequired":true,"valueName":"search_term_string"}}],"inLanguage":"fr-FR"},{"@type":"Organization","@id":"https:\/\/www.anderapartners.com\/fr\/#organization","name":"Andera Partners","url":"https:\/\/www.anderapartners.com\/fr\/","logo":{"@type":"ImageObject","inLanguage":"fr-FR","@id":"https:\/\/www.anderapartners.com\/fr\/#\/schema\/logo\/image\/","url":"https:\/\/www.anderapartners.com\/wp-content\/uploads\/2020\/08\/logo-white.svg","contentUrl":"https:\/\/www.anderapartners.com\/wp-content\/uploads\/2020\/08\/logo-white.svg","width":107,"height":44,"caption":"Andera Partners"},"image":{"@id":"https:\/\/www.anderapartners.com\/fr\/#\/schema\/logo\/image\/"}},{"@type":"Person","@id":"https:\/\/www.anderapartners.com\/fr\/#\/schema\/person\/dce1d4a32f2d85f191a44527e202942c","name":"Nicolas Delsert","image":{"@type":"ImageObject","inLanguage":"fr-FR","@id":"https:\/\/www.anderapartners.com\/fr\/#\/schema\/person\/image\/","url":"https:\/\/secure.gravatar.com\/avatar\/fca7b29302058c85588bc6bc3db9bd1e?s=96&d=mm&r=g","contentUrl":"https:\/\/secure.gravatar.com\/avatar\/fca7b29302058c85588bc6bc3db9bd1e?s=96&d=mm&r=g","caption":"Nicolas Delsert"}}]}},"_links":{"self":[{"href":"https:\/\/www.anderapartners.com\/fr\/wp-json\/wp\/v2\/posts\/90314","targetHints":{"allow":["GET"]}}],"collection":[{"href":"https:\/\/www.anderapartners.com\/fr\/wp-json\/wp\/v2\/posts"}],"about":[{"href":"https:\/\/www.anderapartners.com\/fr\/wp-json\/wp\/v2\/types\/post"}],"author":[{"embeddable":true,"href":"https:\/\/www.anderapartners.com\/fr\/wp-json\/wp\/v2\/users\/2"}],"replies":[{"embeddable":true,"href":"https:\/\/www.anderapartners.com\/fr\/wp-json\/wp\/v2\/comments?post=90314"}],"version-history":[{"count":3,"href":"https:\/\/www.anderapartners.com\/fr\/wp-json\/wp\/v2\/posts\/90314\/revisions"}],"predecessor-version":[{"id":90318,"href":"https:\/\/www.anderapartners.com\/fr\/wp-json\/wp\/v2\/posts\/90314\/revisions\/90318"}],"wp:attachment":[{"href":"https:\/\/www.anderapartners.com\/fr\/wp-json\/wp\/v2\/media?parent=90314"}],"wp:term":[{"taxonomy":"category","embeddable":true,"href":"https:\/\/www.anderapartners.com\/fr\/wp-json\/wp\/v2\/categories?post=90314"}],"curies":[{"name":"wp","href":"https:\/\/api.w.org\/{rel}","templated":true}]}}