{"id":8924,"date":"2022-03-21T10:07:09","date_gmt":"2022-03-21T09:07:09","guid":{"rendered":"https:\/\/www.anderapartners.com\/?p=8924"},"modified":"2022-03-21T10:16:23","modified_gmt":"2022-03-21T09:16:23","slug":"le-management-de-la-societe-renaud-distribution-accompagne-par-andera-acto-partners-et-arkea-capital-prend-son-independance-du-groupe-interflora","status":"publish","type":"post","link":"https:\/\/www.anderapartners.com\/fr\/le-management-de-la-societe-renaud-distribution-accompagne-par-andera-acto-partners-et-arkea-capital-prend-son-independance-du-groupe-interflora\/","title":{"rendered":"Le Management de la soci\u00e9t\u00e9 Renaud Distribution, accompagn\u00e9 par Andera Partners et Ark\u00e9a Capital prend son ind\u00e9pendance du groupe Interflora."},"content":{"rendered":"<p>Implant\u00e9e en r\u00e9gion nantaise, la soci\u00e9t\u00e9 Renaud Distribution est sp\u00e9cialis\u00e9e dans la vente de mat\u00e9riel de d\u00e9coration et de consommables \u00e0 destination des fleuristes. Le groupe adresse un portefeuille de plus de 13 000 clients et s\u2019est r\u00e9cemment diversifi\u00e9 (sous l\u2019\u00e9gide de son dirigeant, Jehan Tanguy, arriv\u00e9 en 2018) vers une client\u00e8le de grands comptes. Le groupe a r\u00e9alis\u00e9 en 2021 un chiffre d\u2019affaires de plus de 38 M\u20ac et emploie plus de 150 salari\u00e9s.<\/p>\n<p>Dans le giron du groupe Interflora depuis 1992 (d\u00e9sireux de recentrer sa strat\u00e9gie autour de son activit\u00e9 historique), la soci\u00e9t\u00e9 a \u00e9t\u00e9 c\u00e9d\u00e9e \u2013 dans le cadre d\u2019un process interm\u00e9di\u00e9 par Natixis Partners \u2013 \u00e0 l\u2019\u00e9quipe de Management emmen\u00e9e par Jehan Tanguy \u2013 conseill\u00e9e par Exponens Corporate Finance \u2013, et accompagn\u00e9e par Andera Acto et Ark\u00e9a Capital.<\/p>\n<p>Cette op\u00e9ration de reprise, arrang\u00e9e par Andera Partners (via sa franchise sponsorless Andera Acto) aux c\u00f4t\u00e9s d\u2019Ark\u00e9a Capital, est structur\u00e9e via un financement mezzanine et un apport en capital, permettant ainsi \u00e0 l\u2019\u00e9quipe de Management de devenir le premier actionnaire du groupe.<\/p>\n<p>Andera Acto et Ark\u00e9a Capital accompagnent ainsi le Management dans cette prise d\u2019ind\u00e9pendance et dans son projet de d\u00e9veloppement ; Au cours des prochaines ann\u00e9es, le groupe compte consolider sa position de leader incontest\u00e9e sur son march\u00e9, que ce soit sur son segment historique (via croissance organique ou croissance externe) ou par diversification de la client\u00e8le, via les grands comptes et de nouveaux segments (m\u00e9tiers de bouche notamment).<\/p>\n<p><strong>Jehan Tanguy<\/strong>, pr\u00e9sident de Renaud Distribution d\u00e9clare\u00a0:<span style=\"font-style: normal !msorm;\"><em> \u00ab\u00a0Nous sommes tr\u00e8s heureux d\u2019\u00eatre accompagn\u00e9s par Andera Acto et <\/em><\/span><span style=\"font-style: normal !msorm;\"><em>Ark\u00e9a<\/em><\/span><span style=\"font-style: normal !msorm;\"><em> Capital qui nous donneront les moyens de poursuivre en France et \u00e0 l\u2019International notre strat\u00e9gie de digitalisation de l&rsquo;entreprise, de croissance organique au travers de nouveaux march\u00e9s et de croissance externe en France et \u00e0 l&rsquo;\u00e9tranger. <\/em><\/span><\/p>\n<p><span style=\"font-style: normal !msorm;\"><em>Nous continuerons \u00e0 renforcer et \u00e0 am\u00e9liorer l&rsquo;accompagnement de nos 13 000 clients fleuristes et groupements d&rsquo;enseignes, avec une large gamme de produits adapt\u00e9s et innovants, de nouveaux services num\u00e9riques sans oublier le renforcement de notre strat\u00e9gie de proximit\u00e9. Nous nous r\u00e9jouissons que le Groupe Interflora continue \u00e0 jouer, dans le futur, son r\u00f4le de partenaire strat\u00e9gique et historique.<\/em><\/span><\/p>\n<p><span style=\"font-style: normal !msorm;\"><em>De plus, au nom de l\u2019\u00e9quipe de management, je tiens \u00e0 remercier vivement Herv\u00e9 Colson (Exponens Corporate Finance) et Julien Cohen (Lef\u00e8vre Soci\u00e9t\u00e9 d\u2019Avocats) qui ont su nous conseiller efficacement dans le cadre de cette op\u00e9ration <\/em><\/span><span style=\"font-style: normal !msorm;\"><em>\u201c<\/em><\/span><span style=\"font-style: normal !msorm;\"><em>sponsorless<\/em><\/span><span style=\"font-style: normal !msorm;\"><em>\u201d.<\/em><\/span><span style=\"font-style: normal !msorm;\"><em>\u00a0\u00bb<\/em><\/span><\/p>\n<p><strong>Arnaud Faure<\/strong>, associ\u00e9 d\u2019Andera Acto compl\u00e8te\u00a0: <span style=\"font-style: normal !msorm;\"><em>\u00ab\u00a0Nous sommes ravis d\u2019accompagner l\u2019\u00e9quipe de Management dans cette prise d\u2019ind\u00e9pendance et sommes convaincus que le groupe est parfaitement positionn\u00e9 pour b\u00e9n\u00e9ficier des gisements de croissance au cours des prochaines ann\u00e9es. Nous sommes tr\u00e8s heureux de la pr\u00e9sence d\u2019Ark\u00e9a Capital dans l\u2019actionnariat et remercions Interflora pour sa bienveillance vis-\u00e0-vis de ce montage sponsorless et de son soutien au projet d\u2019ind\u00e9pendance de l\u2019\u00e9quipe de Management<\/em><\/span><span style=\"font-style: normal !msorm;\"><em>.<\/em><\/span><span style=\"font-style: normal !msorm;\"><em>\u00a0\u00bb.<\/em><\/span><\/p>\n<p><strong>Marc Bri\u00e8re<\/strong>, Pr\u00e9sident du Directoire d\u2019Ark\u00e9a Capital poursuit \u00a0: <em>\u00ab<\/em> Nous sommes tr\u00e8s heureux de soutenir l\u2019\u00e9quipe de management de Renaud Distribution dans cette \u00e9tape importante du d\u00e9veloppement de leur entreprise et de contribuer ainsi au renforcement de l\u2019ancrage territorial de cette belle PME en l\u2019accompagnant en proximit\u00e9 de notre bureau de Nantes. Cet investissement, le cinqui\u00e8me que nous r\u00e9alisons via le fonds Breizh Ma Bro, et dont l\u2019objectif est de permettre \u00e0 des souscripteurs particuliers de contribuer au d\u00e9veloppement, au soutien et \u00e0 la relance de l\u2019\u00e9conomie en Bretagne et Loire Atlantique, prend ici tout son sens. \u00bb<\/p>\n<p><strong>Eric Ledroux<\/strong>, pr\u00e9sident d\u2019Interflora conclut\u00a0:\u00a0<span style=\"font-style: normal !msorm;\"><em>\u00ab\u00a0Nous sommes heureux que le management de Renaud ait choisi d\u2019investir dans l\u2019entreprise avec un grand projet de d\u00e9veloppement. Renaud Distribution et Interflora continueront de construire le partenariat strat\u00e9gique existant pour le b\u00e9n\u00e9fice de l\u2019activit\u00e9 et des fleuristes du r\u00e9seau. Enfin, le groupe Interflora concentrera ses efforts sur son m\u00e9tier principal et son d\u00e9veloppement europ\u00e9en \u00bb.<\/em><\/span><\/p>\n","protected":false},"excerpt":{"rendered":"<p>Implant\u00e9e en r\u00e9gion nantaise, la soci\u00e9t\u00e9 Renaud Distribution est sp\u00e9cialis\u00e9e dans la vente de mat\u00e9riel de d\u00e9coration et de consommables \u00e0 destination des fleuristes. Le groupe adresse un portefeuille de plus de 13 000 clients et s\u2019est r\u00e9cemment diversifi\u00e9 (sous l\u2019\u00e9gide de son dirigeant, Jehan Tanguy, arriv\u00e9 en 2018) vers une client\u00e8le de grands comptes&#8230;.<\/p>\n","protected":false},"author":2,"featured_media":0,"comment_status":"closed","ping_status":"open","sticky":false,"template":"","format":"standard","meta":[],"categories":[79],"class_list":["post-8924","post","type-post","status-publish","format-standard","hentry","category-actomezz"],"acf":[],"yoast_head":"<!-- This site is optimized with the Yoast SEO plugin v24.1 - https:\/\/yoast.com\/wordpress\/plugins\/seo\/ -->\n<title>Le Management de la soci\u00e9t\u00e9 Renaud Distribution, accompagn\u00e9 par Andera Partners et Ark\u00e9a Capital prend son ind\u00e9pendance du groupe Interflora. - ANDERA PARTNERS<\/title>\n<meta name=\"robots\" content=\"index, follow, max-snippet:-1, max-image-preview:large, max-video-preview:-1\" \/>\n<link rel=\"canonical\" href=\"https:\/\/www.anderapartners.com\/fr\/le-management-de-la-societe-renaud-distribution-accompagne-par-andera-acto-partners-et-arkea-capital-prend-son-independance-du-groupe-interflora\/\" \/>\n<meta property=\"og:locale\" content=\"fr_FR\" \/>\n<meta property=\"og:type\" content=\"article\" \/>\n<meta property=\"og:title\" content=\"Le Management de la soci\u00e9t\u00e9 Renaud Distribution, accompagn\u00e9 par Andera Partners et Ark\u00e9a Capital prend son ind\u00e9pendance du groupe Interflora. - ANDERA PARTNERS\" \/>\n<meta property=\"og:description\" content=\"Implant\u00e9e en r\u00e9gion nantaise, la soci\u00e9t\u00e9 Renaud Distribution est sp\u00e9cialis\u00e9e dans la vente de mat\u00e9riel de d\u00e9coration et de consommables \u00e0 destination des fleuristes. Le groupe adresse un portefeuille de plus de 13 000 clients et s\u2019est r\u00e9cemment diversifi\u00e9 (sous l\u2019\u00e9gide de son dirigeant, Jehan Tanguy, arriv\u00e9 en 2018) vers une client\u00e8le de grands comptes....\" \/>\n<meta property=\"og:url\" content=\"https:\/\/www.anderapartners.com\/fr\/le-management-de-la-societe-renaud-distribution-accompagne-par-andera-acto-partners-et-arkea-capital-prend-son-independance-du-groupe-interflora\/\" \/>\n<meta property=\"og:site_name\" content=\"ANDERA PARTNERS\" \/>\n<meta property=\"article:published_time\" content=\"2022-03-21T09:07:09+00:00\" \/>\n<meta property=\"article:modified_time\" content=\"2022-03-21T09:16:23+00:00\" \/>\n<meta name=\"author\" content=\"Nicolas Delsert\" \/>\n<meta name=\"twitter:card\" content=\"summary_large_image\" \/>\n<meta name=\"twitter:label1\" content=\"\u00c9crit par\" \/>\n\t<meta name=\"twitter:data1\" content=\"Nicolas Delsert\" \/>\n\t<meta name=\"twitter:label2\" content=\"Dur\u00e9e de lecture estim\u00e9e\" \/>\n\t<meta name=\"twitter:data2\" content=\"4 minutes\" \/>\n<script type=\"application\/ld+json\" class=\"yoast-schema-graph\">{\"@context\":\"https:\/\/schema.org\",\"@graph\":[{\"@type\":\"Article\",\"@id\":\"https:\/\/www.anderapartners.com\/fr\/le-management-de-la-societe-renaud-distribution-accompagne-par-andera-acto-partners-et-arkea-capital-prend-son-independance-du-groupe-interflora\/#article\",\"isPartOf\":{\"@id\":\"https:\/\/www.anderapartners.com\/fr\/le-management-de-la-societe-renaud-distribution-accompagne-par-andera-acto-partners-et-arkea-capital-prend-son-independance-du-groupe-interflora\/\"},\"author\":{\"name\":\"Nicolas Delsert\",\"@id\":\"https:\/\/www.anderapartners.com\/fr\/#\/schema\/person\/dce1d4a32f2d85f191a44527e202942c\"},\"headline\":\"Le Management de la soci\u00e9t\u00e9 Renaud Distribution, accompagn\u00e9 par Andera Partners et Ark\u00e9a Capital prend son ind\u00e9pendance du groupe Interflora.\",\"datePublished\":\"2022-03-21T09:07:09+00:00\",\"dateModified\":\"2022-03-21T09:16:23+00:00\",\"mainEntityOfPage\":{\"@id\":\"https:\/\/www.anderapartners.com\/fr\/le-management-de-la-societe-renaud-distribution-accompagne-par-andera-acto-partners-et-arkea-capital-prend-son-independance-du-groupe-interflora\/\"},\"wordCount\":728,\"publisher\":{\"@id\":\"https:\/\/www.anderapartners.com\/fr\/#organization\"},\"articleSection\":[\"andera Acto\"],\"inLanguage\":\"fr-FR\"},{\"@type\":\"WebPage\",\"@id\":\"https:\/\/www.anderapartners.com\/fr\/le-management-de-la-societe-renaud-distribution-accompagne-par-andera-acto-partners-et-arkea-capital-prend-son-independance-du-groupe-interflora\/\",\"url\":\"https:\/\/www.anderapartners.com\/fr\/le-management-de-la-societe-renaud-distribution-accompagne-par-andera-acto-partners-et-arkea-capital-prend-son-independance-du-groupe-interflora\/\",\"name\":\"Le Management de la soci\u00e9t\u00e9 Renaud Distribution, accompagn\u00e9 par Andera Partners et Ark\u00e9a Capital prend son ind\u00e9pendance du groupe Interflora. - ANDERA PARTNERS\",\"isPartOf\":{\"@id\":\"https:\/\/www.anderapartners.com\/fr\/#website\"},\"datePublished\":\"2022-03-21T09:07:09+00:00\",\"dateModified\":\"2022-03-21T09:16:23+00:00\",\"breadcrumb\":{\"@id\":\"https:\/\/www.anderapartners.com\/fr\/le-management-de-la-societe-renaud-distribution-accompagne-par-andera-acto-partners-et-arkea-capital-prend-son-independance-du-groupe-interflora\/#breadcrumb\"},\"inLanguage\":\"fr-FR\",\"potentialAction\":[{\"@type\":\"ReadAction\",\"target\":[\"https:\/\/www.anderapartners.com\/fr\/le-management-de-la-societe-renaud-distribution-accompagne-par-andera-acto-partners-et-arkea-capital-prend-son-independance-du-groupe-interflora\/\"]}]},{\"@type\":\"BreadcrumbList\",\"@id\":\"https:\/\/www.anderapartners.com\/fr\/le-management-de-la-societe-renaud-distribution-accompagne-par-andera-acto-partners-et-arkea-capital-prend-son-independance-du-groupe-interflora\/#breadcrumb\",\"itemListElement\":[{\"@type\":\"ListItem\",\"position\":1,\"name\":\"Accueil\",\"item\":\"https:\/\/www.anderapartners.com\/fr\/\"},{\"@type\":\"ListItem\",\"position\":2,\"name\":\"Le Management de la soci\u00e9t\u00e9 Renaud Distribution, accompagn\u00e9 par Andera Partners et Ark\u00e9a Capital prend son ind\u00e9pendance du groupe Interflora.\"}]},{\"@type\":\"WebSite\",\"@id\":\"https:\/\/www.anderapartners.com\/fr\/#website\",\"url\":\"https:\/\/www.anderapartners.com\/fr\/\",\"name\":\"ANDERA PARTNERS\",\"description\":\"\",\"publisher\":{\"@id\":\"https:\/\/www.anderapartners.com\/fr\/#organization\"},\"potentialAction\":[{\"@type\":\"SearchAction\",\"target\":{\"@type\":\"EntryPoint\",\"urlTemplate\":\"https:\/\/www.anderapartners.com\/fr\/?s={search_term_string}\"},\"query-input\":{\"@type\":\"PropertyValueSpecification\",\"valueRequired\":true,\"valueName\":\"search_term_string\"}}],\"inLanguage\":\"fr-FR\"},{\"@type\":\"Organization\",\"@id\":\"https:\/\/www.anderapartners.com\/fr\/#organization\",\"name\":\"Andera Partners\",\"url\":\"https:\/\/www.anderapartners.com\/fr\/\",\"logo\":{\"@type\":\"ImageObject\",\"inLanguage\":\"fr-FR\",\"@id\":\"https:\/\/www.anderapartners.com\/fr\/#\/schema\/logo\/image\/\",\"url\":\"https:\/\/www.anderapartners.com\/wp-content\/uploads\/2020\/08\/logo-white.svg\",\"contentUrl\":\"https:\/\/www.anderapartners.com\/wp-content\/uploads\/2020\/08\/logo-white.svg\",\"width\":107,\"height\":44,\"caption\":\"Andera Partners\"},\"image\":{\"@id\":\"https:\/\/www.anderapartners.com\/fr\/#\/schema\/logo\/image\/\"}},{\"@type\":\"Person\",\"@id\":\"https:\/\/www.anderapartners.com\/fr\/#\/schema\/person\/dce1d4a32f2d85f191a44527e202942c\",\"name\":\"Nicolas Delsert\",\"image\":{\"@type\":\"ImageObject\",\"inLanguage\":\"fr-FR\",\"@id\":\"https:\/\/www.anderapartners.com\/fr\/#\/schema\/person\/image\/\",\"url\":\"https:\/\/secure.gravatar.com\/avatar\/fca7b29302058c85588bc6bc3db9bd1e?s=96&d=mm&r=g\",\"contentUrl\":\"https:\/\/secure.gravatar.com\/avatar\/fca7b29302058c85588bc6bc3db9bd1e?s=96&d=mm&r=g\",\"caption\":\"Nicolas Delsert\"}}]}<\/script>\n<!-- \/ Yoast SEO plugin. -->","yoast_head_json":{"title":"Le Management de la soci\u00e9t\u00e9 Renaud Distribution, accompagn\u00e9 par Andera Partners et Ark\u00e9a Capital prend son ind\u00e9pendance du groupe Interflora. - ANDERA PARTNERS","robots":{"index":"index","follow":"follow","max-snippet":"max-snippet:-1","max-image-preview":"max-image-preview:large","max-video-preview":"max-video-preview:-1"},"canonical":"https:\/\/www.anderapartners.com\/fr\/le-management-de-la-societe-renaud-distribution-accompagne-par-andera-acto-partners-et-arkea-capital-prend-son-independance-du-groupe-interflora\/","og_locale":"fr_FR","og_type":"article","og_title":"Le Management de la soci\u00e9t\u00e9 Renaud Distribution, accompagn\u00e9 par Andera Partners et Ark\u00e9a Capital prend son ind\u00e9pendance du groupe Interflora. - ANDERA PARTNERS","og_description":"Implant\u00e9e en r\u00e9gion nantaise, la soci\u00e9t\u00e9 Renaud Distribution est sp\u00e9cialis\u00e9e dans la vente de mat\u00e9riel de d\u00e9coration et de consommables \u00e0 destination des fleuristes. Le groupe adresse un portefeuille de plus de 13 000 clients et s\u2019est r\u00e9cemment diversifi\u00e9 (sous l\u2019\u00e9gide de son dirigeant, Jehan Tanguy, arriv\u00e9 en 2018) vers une client\u00e8le de grands comptes....","og_url":"https:\/\/www.anderapartners.com\/fr\/le-management-de-la-societe-renaud-distribution-accompagne-par-andera-acto-partners-et-arkea-capital-prend-son-independance-du-groupe-interflora\/","og_site_name":"ANDERA PARTNERS","article_published_time":"2022-03-21T09:07:09+00:00","article_modified_time":"2022-03-21T09:16:23+00:00","author":"Nicolas Delsert","twitter_card":"summary_large_image","twitter_misc":{"\u00c9crit par":"Nicolas Delsert","Dur\u00e9e de lecture estim\u00e9e":"4 minutes"},"schema":{"@context":"https:\/\/schema.org","@graph":[{"@type":"Article","@id":"https:\/\/www.anderapartners.com\/fr\/le-management-de-la-societe-renaud-distribution-accompagne-par-andera-acto-partners-et-arkea-capital-prend-son-independance-du-groupe-interflora\/#article","isPartOf":{"@id":"https:\/\/www.anderapartners.com\/fr\/le-management-de-la-societe-renaud-distribution-accompagne-par-andera-acto-partners-et-arkea-capital-prend-son-independance-du-groupe-interflora\/"},"author":{"name":"Nicolas Delsert","@id":"https:\/\/www.anderapartners.com\/fr\/#\/schema\/person\/dce1d4a32f2d85f191a44527e202942c"},"headline":"Le Management de la soci\u00e9t\u00e9 Renaud Distribution, accompagn\u00e9 par Andera Partners et Ark\u00e9a Capital prend son ind\u00e9pendance du groupe Interflora.","datePublished":"2022-03-21T09:07:09+00:00","dateModified":"2022-03-21T09:16:23+00:00","mainEntityOfPage":{"@id":"https:\/\/www.anderapartners.com\/fr\/le-management-de-la-societe-renaud-distribution-accompagne-par-andera-acto-partners-et-arkea-capital-prend-son-independance-du-groupe-interflora\/"},"wordCount":728,"publisher":{"@id":"https:\/\/www.anderapartners.com\/fr\/#organization"},"articleSection":["andera Acto"],"inLanguage":"fr-FR"},{"@type":"WebPage","@id":"https:\/\/www.anderapartners.com\/fr\/le-management-de-la-societe-renaud-distribution-accompagne-par-andera-acto-partners-et-arkea-capital-prend-son-independance-du-groupe-interflora\/","url":"https:\/\/www.anderapartners.com\/fr\/le-management-de-la-societe-renaud-distribution-accompagne-par-andera-acto-partners-et-arkea-capital-prend-son-independance-du-groupe-interflora\/","name":"Le Management de la soci\u00e9t\u00e9 Renaud Distribution, accompagn\u00e9 par Andera Partners et Ark\u00e9a Capital prend son ind\u00e9pendance du groupe Interflora. - ANDERA PARTNERS","isPartOf":{"@id":"https:\/\/www.anderapartners.com\/fr\/#website"},"datePublished":"2022-03-21T09:07:09+00:00","dateModified":"2022-03-21T09:16:23+00:00","breadcrumb":{"@id":"https:\/\/www.anderapartners.com\/fr\/le-management-de-la-societe-renaud-distribution-accompagne-par-andera-acto-partners-et-arkea-capital-prend-son-independance-du-groupe-interflora\/#breadcrumb"},"inLanguage":"fr-FR","potentialAction":[{"@type":"ReadAction","target":["https:\/\/www.anderapartners.com\/fr\/le-management-de-la-societe-renaud-distribution-accompagne-par-andera-acto-partners-et-arkea-capital-prend-son-independance-du-groupe-interflora\/"]}]},{"@type":"BreadcrumbList","@id":"https:\/\/www.anderapartners.com\/fr\/le-management-de-la-societe-renaud-distribution-accompagne-par-andera-acto-partners-et-arkea-capital-prend-son-independance-du-groupe-interflora\/#breadcrumb","itemListElement":[{"@type":"ListItem","position":1,"name":"Accueil","item":"https:\/\/www.anderapartners.com\/fr\/"},{"@type":"ListItem","position":2,"name":"Le Management de la soci\u00e9t\u00e9 Renaud Distribution, accompagn\u00e9 par Andera Partners et Ark\u00e9a Capital prend son ind\u00e9pendance du groupe Interflora."}]},{"@type":"WebSite","@id":"https:\/\/www.anderapartners.com\/fr\/#website","url":"https:\/\/www.anderapartners.com\/fr\/","name":"ANDERA PARTNERS","description":"","publisher":{"@id":"https:\/\/www.anderapartners.com\/fr\/#organization"},"potentialAction":[{"@type":"SearchAction","target":{"@type":"EntryPoint","urlTemplate":"https:\/\/www.anderapartners.com\/fr\/?s={search_term_string}"},"query-input":{"@type":"PropertyValueSpecification","valueRequired":true,"valueName":"search_term_string"}}],"inLanguage":"fr-FR"},{"@type":"Organization","@id":"https:\/\/www.anderapartners.com\/fr\/#organization","name":"Andera Partners","url":"https:\/\/www.anderapartners.com\/fr\/","logo":{"@type":"ImageObject","inLanguage":"fr-FR","@id":"https:\/\/www.anderapartners.com\/fr\/#\/schema\/logo\/image\/","url":"https:\/\/www.anderapartners.com\/wp-content\/uploads\/2020\/08\/logo-white.svg","contentUrl":"https:\/\/www.anderapartners.com\/wp-content\/uploads\/2020\/08\/logo-white.svg","width":107,"height":44,"caption":"Andera Partners"},"image":{"@id":"https:\/\/www.anderapartners.com\/fr\/#\/schema\/logo\/image\/"}},{"@type":"Person","@id":"https:\/\/www.anderapartners.com\/fr\/#\/schema\/person\/dce1d4a32f2d85f191a44527e202942c","name":"Nicolas Delsert","image":{"@type":"ImageObject","inLanguage":"fr-FR","@id":"https:\/\/www.anderapartners.com\/fr\/#\/schema\/person\/image\/","url":"https:\/\/secure.gravatar.com\/avatar\/fca7b29302058c85588bc6bc3db9bd1e?s=96&d=mm&r=g","contentUrl":"https:\/\/secure.gravatar.com\/avatar\/fca7b29302058c85588bc6bc3db9bd1e?s=96&d=mm&r=g","caption":"Nicolas Delsert"}}]}},"_links":{"self":[{"href":"https:\/\/www.anderapartners.com\/fr\/wp-json\/wp\/v2\/posts\/8924","targetHints":{"allow":["GET"]}}],"collection":[{"href":"https:\/\/www.anderapartners.com\/fr\/wp-json\/wp\/v2\/posts"}],"about":[{"href":"https:\/\/www.anderapartners.com\/fr\/wp-json\/wp\/v2\/types\/post"}],"author":[{"embeddable":true,"href":"https:\/\/www.anderapartners.com\/fr\/wp-json\/wp\/v2\/users\/2"}],"replies":[{"embeddable":true,"href":"https:\/\/www.anderapartners.com\/fr\/wp-json\/wp\/v2\/comments?post=8924"}],"version-history":[{"count":0,"href":"https:\/\/www.anderapartners.com\/fr\/wp-json\/wp\/v2\/posts\/8924\/revisions"}],"wp:attachment":[{"href":"https:\/\/www.anderapartners.com\/fr\/wp-json\/wp\/v2\/media?parent=8924"}],"wp:term":[{"taxonomy":"category","embeddable":true,"href":"https:\/\/www.anderapartners.com\/fr\/wp-json\/wp\/v2\/categories?post=8924"}],"curies":[{"name":"wp","href":"https:\/\/api.w.org\/{rel}","templated":true}]}}