{"id":8907,"date":"2022-03-17T11:10:44","date_gmt":"2022-03-17T10:10:44","guid":{"rendered":"https:\/\/www.anderapartners.com\/?p=8907"},"modified":"2022-03-17T11:10:44","modified_gmt":"2022-03-17T10:10:44","slug":"andera-partners-accompagne-les-dirigeants-deleven-strategy-dans-le-rachat-de-leur-entreprise","status":"publish","type":"post","link":"https:\/\/www.anderapartners.com\/fr\/andera-partners-accompagne-les-dirigeants-deleven-strategy-dans-le-rachat-de-leur-entreprise\/","title":{"rendered":"Andera Partners accompagne les dirigeants d\u2019Eleven Strategy dans le rachat de leur entreprise"},"content":{"rendered":"<p>Eleven Strategy est un des leaders fran\u00e7ais dans le conseil en strat\u00e9gie et en data science au service de grands corporates et de fonds de <em>private equity <\/em>internationaux. Les actionnaires d\u2019Eleven Strategy ont choisi Andera Acto, sp\u00e9cialiste des op\u00e9rations sponsorless, pour recomposer son capital et le combiner \u00e0 une relution significative des associ\u00e9s du groupe (partners, principals et managers de l\u2019\u00e9quipe d\u2019Eleven Strategy). L\u2019op\u00e9ration vise \u00e0 accompagner Eleven Strategy dans les prochaines \u00e9tapes de son d\u00e9veloppement.<\/p>\n<p>Cr\u00e9\u00e9 en 2008 et fort d\u2019une cinquantaine de collaborateurs bas\u00e9s \u00e0 Paris, Eleven Strategy est un cabinet de conseil sp\u00e9cialis\u00e9 dans la transformation digitale et la data science. Son approche unique, qui allie analyse strat\u00e9gique et expertise data, lui permet de proposer des solutions originales, pertinentes et pragmatiques \u00e0 ses clients. Le Groupe a connu au cours des derni\u00e8res ann\u00e9es une dynamique de croissance tr\u00e8s forte, port\u00e9e par la mont\u00e9e en puissance de la digitalisation des entreprises et de la valorisation des datas afin de mieux comprendre les besoins des clients ou am\u00e9liorer les process internes.<\/p>\n<p>Eleven Strategy a r\u00e9ussi \u00e0 construire une marque employeur forte : ses collaborateurs sont issus des toutes meilleures \u00e9coles de commerce et d\u2019ing\u00e9nieurs et l\u2019entreprise affiche un taux de r\u00e9tention \u00e9lev\u00e9 de ses consultants gr\u00e2ce \u00e0 la vari\u00e9t\u00e9 des missions \u00e0 forte valeur ajout\u00e9e, un atout certain dans un contexte de tension sur les talents.<\/p>\n<p>Cette op\u00e9ration sponsorless permet d\u2019associer au capital de nouveaux cadres, tout en offrant une liquidit\u00e9 \u00e0 ISAI Expansion et \u00e0 Bertrand Semaille l\u2019un des fondateurs historiques. L\u2019ambition des associ\u00e9s et managers d\u2019Eleven Strategy est dor\u00e9navant de s\u2019appuyer sur ce partenariat avec Andera Acto pour continuer \u00e0 se d\u00e9velopper, tout en continuant d\u2019attirer et fid\u00e9liser les meilleurs talents.<\/p>\n<p>Les associ\u00e9s <strong>Maxime Caro, Ambroise Huret, Morand Studer, Pietro Turati et Stevan Urien<\/strong> d\u00e9clarent :<em> \u00ab Andera Acto a su structurer tr\u00e8s rapidement une proposition correspondant pr\u00e9cis\u00e9ment \u00e0 nos ambitions pour la recomposition de notre capital : l\u2019\u00e9largissement de notre base d\u2019associ\u00e9s \u00e0 de nouveaux talents tr\u00e8s prometteurs et l\u2019ouverture d\u2019un nouveau chapitre pour Eleven Strategy, avec un partenaire qui pourra nous \u00e9pauler aussi bien pour notre croissance organique que pour d\u2019\u00e9ventuels build-ups<\/em>.\u00a0\u00bb<\/p>\n<p><strong>Lauren Fichter<\/strong>, Partner chez Andera Acto ajoute : <em>\u00ab\u00a0Nous sommes tr\u00e8s heureux d\u2019accompagner Maxime<\/em>,<em> Ambroise, Morand, Pietro, Stevan<\/em> <em>et les managers dans le d\u00e9veloppement d\u2019Eleven Strategy. Nous avons \u00e9t\u00e9 tr\u00e8s impressionn\u00e9s par la croissance de ce cabinet et par le fait que cette croissance repose \u00e0 la fois sur des sous-jacents tr\u00e8s solides et sur une attention particuli\u00e8re \u00e0 l\u2019attraction des meilleurs talents. La croissance du secteur, l\u2019ambition des dirigeants et la strat\u00e9gie d\u2019association des cadres cl\u00e9s se marient parfaitement \u00e0 la philosophie des op\u00e9rations d\u2019Andera Acto. \u00bb<\/em><\/p>\n<p><strong>Bertrand Semaille<\/strong>, cofondateur d\u2019Eleven Strategy d\u00e9clare\u00a0: \u00ab\u00a0<em>Un nouveau chapitre de l\u2019histoire d\u2019Eleven Strategy va s\u2019\u00e9crire avec une \u00e9quipe de dirigeants, d\u2019associ\u00e9s et de consultants absolument unique sur le march\u00e9. C\u2019est avec beaucoup d\u2019enthousiasme et de confiance que je suivrai ses prochains succ\u00e8s.<\/em> \u00bb<\/p>\n<p><strong>Pierre Martini<\/strong>, Managing Partner, en charge des fonds ISAI Expansion compl\u00e8te : <em>\u00ab Nous sommes ravis d\u2019avoir accompagn\u00e9 Eleven Strategy et ses dirigeants sur les quatre derni\u00e8res ann\u00e9es. Eleven Strategy a su se construire une place de choix parmi les cabinets de conseil en strat\u00e9gie nativement centr\u00e9s sur le digital. La pertinence et l\u2019expertise de leur approche ainsi que les besoins particuli\u00e8rement nombreux sur ce march\u00e9 en fort d\u00e9veloppement offrent un boulevard \u00e0 la soci\u00e9t\u00e9 pour acc\u00e9l\u00e9rer sa trajectoire. \u00bb<\/em><\/p>\n<p>&nbsp;<\/p>\n<p><strong>Intervenants sur l\u2019op\u00e9ration\u00a0: <\/strong><\/p>\n<ul>\n<li><strong>Eleven Strategy\u00a0<\/strong>: Maxime Caro, Ambroise Huret, Morand Studer, Pietro Turati, Stevan Urien,<\/li>\n<li><strong>Andera Acto<\/strong> : Laurent Fichter, Christine Martinovic, Antoine Gu\u00e9rillon<\/li>\n<li><strong>Isai Expansion <\/strong>: Pierre Martini, Antoine Lacour<\/li>\n<\/ul>\n<p><strong>Conseils :<\/strong><\/p>\n<ul>\n<li><strong>C\u00e9dants\u00a0: <\/strong><em>Eleven Strategy \/ ISAI Expansion<\/em>\n<ul>\n<li><strong>Conseil M&amp;A sell-side :<\/strong> Rothschild (Virginie Lazes, Alexandre Boukhari, Margaux Chevillard, Antoine Vecchione, Louis Dejeant)<\/li>\n<li><strong>Due-diligence financi\u00e8re\u00a0: <\/strong>Exelmans (St\u00e9phane Dahan, \u00c9ric Chan, Edouard de la Motte Rouge)<\/li>\n<li><strong>Avocats Corporate<\/strong> : Archers (Marc Baffreau, Melis Aribas)<\/li>\n<\/ul>\n<\/li>\n<li><strong>Investisseur\u00a0Financier : <\/strong><em>Andera Acto<\/em>\n<ul>\n<li><strong>Due-diligence financi\u00e8re\u00a0: <\/strong>Advance Capital (Olivier Poncin, Mathieu Gibaud, Arnaud Barret)<\/li>\n<li><strong>Due-diligence strat\u00e9gique\u00a0: <\/strong>CMI (Romain Girard, Bastien Hontebeyrie, Olivier Oriez, Cl\u00e9ment Joyaux)<\/li>\n<li><strong>Due-diligence juridique, fiscale et sociale<\/strong> : Hogan Lovells (St\u00e9phane Huten, Alexandre Jeannerot)<\/li>\n<li><strong>Conseil juridique : <\/strong>Hogan Lovells (St\u00e9phane Huten, Alexandre Jeannerot)<\/li>\n<\/ul>\n<\/li>\n<\/ul>\n","protected":false},"excerpt":{"rendered":"<p>Eleven Strategy est un des leaders fran\u00e7ais dans le conseil en strat\u00e9gie et en data science au service de grands corporates et de fonds de private equity internationaux. Les actionnaires d\u2019Eleven Strategy ont choisi Andera Acto, sp\u00e9cialiste des op\u00e9rations sponsorless, pour recomposer son capital et le combiner \u00e0 une relution significative des associ\u00e9s du groupe&#8230;<\/p>\n","protected":false},"author":2,"featured_media":0,"comment_status":"closed","ping_status":"open","sticky":false,"template":"","format":"standard","meta":[],"categories":[79],"class_list":["post-8907","post","type-post","status-publish","format-standard","hentry","category-actomezz"],"acf":[],"yoast_head":"<!-- This site is optimized with the Yoast SEO plugin v24.1 - https:\/\/yoast.com\/wordpress\/plugins\/seo\/ -->\n<title>Andera Partners accompagne les dirigeants d\u2019Eleven Strategy dans le rachat de leur entreprise - ANDERA PARTNERS<\/title>\n<meta name=\"robots\" content=\"index, follow, max-snippet:-1, max-image-preview:large, max-video-preview:-1\" \/>\n<link rel=\"canonical\" href=\"https:\/\/www.anderapartners.com\/fr\/andera-partners-accompagne-les-dirigeants-deleven-strategy-dans-le-rachat-de-leur-entreprise\/\" \/>\n<meta property=\"og:locale\" content=\"fr_FR\" \/>\n<meta property=\"og:type\" content=\"article\" \/>\n<meta property=\"og:title\" content=\"Andera Partners accompagne les dirigeants d\u2019Eleven Strategy dans le rachat de leur entreprise - ANDERA PARTNERS\" \/>\n<meta property=\"og:description\" content=\"Eleven Strategy est un des leaders fran\u00e7ais dans le conseil en strat\u00e9gie et en data science au service de grands corporates et de fonds de private equity internationaux. Les actionnaires d\u2019Eleven Strategy ont choisi Andera Acto, sp\u00e9cialiste des op\u00e9rations sponsorless, pour recomposer son capital et le combiner \u00e0 une relution significative des associ\u00e9s du groupe...\" \/>\n<meta property=\"og:url\" content=\"https:\/\/www.anderapartners.com\/fr\/andera-partners-accompagne-les-dirigeants-deleven-strategy-dans-le-rachat-de-leur-entreprise\/\" \/>\n<meta property=\"og:site_name\" content=\"ANDERA PARTNERS\" \/>\n<meta property=\"article:published_time\" content=\"2022-03-17T10:10:44+00:00\" \/>\n<meta name=\"author\" content=\"Nicolas Delsert\" \/>\n<meta name=\"twitter:card\" content=\"summary_large_image\" \/>\n<meta name=\"twitter:label1\" content=\"\u00c9crit par\" \/>\n\t<meta name=\"twitter:data1\" content=\"Nicolas Delsert\" \/>\n\t<meta name=\"twitter:label2\" content=\"Dur\u00e9e de lecture estim\u00e9e\" \/>\n\t<meta name=\"twitter:data2\" content=\"4 minutes\" \/>\n<script type=\"application\/ld+json\" class=\"yoast-schema-graph\">{\"@context\":\"https:\/\/schema.org\",\"@graph\":[{\"@type\":\"Article\",\"@id\":\"https:\/\/www.anderapartners.com\/fr\/andera-partners-accompagne-les-dirigeants-deleven-strategy-dans-le-rachat-de-leur-entreprise\/#article\",\"isPartOf\":{\"@id\":\"https:\/\/www.anderapartners.com\/fr\/andera-partners-accompagne-les-dirigeants-deleven-strategy-dans-le-rachat-de-leur-entreprise\/\"},\"author\":{\"name\":\"Nicolas Delsert\",\"@id\":\"https:\/\/www.anderapartners.com\/fr\/#\/schema\/person\/dce1d4a32f2d85f191a44527e202942c\"},\"headline\":\"Andera Partners accompagne les dirigeants d\u2019Eleven Strategy dans le rachat de leur entreprise\",\"datePublished\":\"2022-03-17T10:10:44+00:00\",\"dateModified\":\"2022-03-17T10:10:44+00:00\",\"mainEntityOfPage\":{\"@id\":\"https:\/\/www.anderapartners.com\/fr\/andera-partners-accompagne-les-dirigeants-deleven-strategy-dans-le-rachat-de-leur-entreprise\/\"},\"wordCount\":770,\"publisher\":{\"@id\":\"https:\/\/www.anderapartners.com\/fr\/#organization\"},\"articleSection\":[\"andera Acto\"],\"inLanguage\":\"fr-FR\"},{\"@type\":\"WebPage\",\"@id\":\"https:\/\/www.anderapartners.com\/fr\/andera-partners-accompagne-les-dirigeants-deleven-strategy-dans-le-rachat-de-leur-entreprise\/\",\"url\":\"https:\/\/www.anderapartners.com\/fr\/andera-partners-accompagne-les-dirigeants-deleven-strategy-dans-le-rachat-de-leur-entreprise\/\",\"name\":\"Andera Partners accompagne les dirigeants d\u2019Eleven Strategy dans le rachat de leur entreprise - ANDERA PARTNERS\",\"isPartOf\":{\"@id\":\"https:\/\/www.anderapartners.com\/fr\/#website\"},\"datePublished\":\"2022-03-17T10:10:44+00:00\",\"dateModified\":\"2022-03-17T10:10:44+00:00\",\"breadcrumb\":{\"@id\":\"https:\/\/www.anderapartners.com\/fr\/andera-partners-accompagne-les-dirigeants-deleven-strategy-dans-le-rachat-de-leur-entreprise\/#breadcrumb\"},\"inLanguage\":\"fr-FR\",\"potentialAction\":[{\"@type\":\"ReadAction\",\"target\":[\"https:\/\/www.anderapartners.com\/fr\/andera-partners-accompagne-les-dirigeants-deleven-strategy-dans-le-rachat-de-leur-entreprise\/\"]}]},{\"@type\":\"BreadcrumbList\",\"@id\":\"https:\/\/www.anderapartners.com\/fr\/andera-partners-accompagne-les-dirigeants-deleven-strategy-dans-le-rachat-de-leur-entreprise\/#breadcrumb\",\"itemListElement\":[{\"@type\":\"ListItem\",\"position\":1,\"name\":\"Accueil\",\"item\":\"https:\/\/www.anderapartners.com\/fr\/\"},{\"@type\":\"ListItem\",\"position\":2,\"name\":\"Andera Partners accompagne les dirigeants d\u2019Eleven Strategy dans le rachat de leur entreprise\"}]},{\"@type\":\"WebSite\",\"@id\":\"https:\/\/www.anderapartners.com\/fr\/#website\",\"url\":\"https:\/\/www.anderapartners.com\/fr\/\",\"name\":\"ANDERA PARTNERS\",\"description\":\"\",\"publisher\":{\"@id\":\"https:\/\/www.anderapartners.com\/fr\/#organization\"},\"potentialAction\":[{\"@type\":\"SearchAction\",\"target\":{\"@type\":\"EntryPoint\",\"urlTemplate\":\"https:\/\/www.anderapartners.com\/fr\/?s={search_term_string}\"},\"query-input\":{\"@type\":\"PropertyValueSpecification\",\"valueRequired\":true,\"valueName\":\"search_term_string\"}}],\"inLanguage\":\"fr-FR\"},{\"@type\":\"Organization\",\"@id\":\"https:\/\/www.anderapartners.com\/fr\/#organization\",\"name\":\"Andera Partners\",\"url\":\"https:\/\/www.anderapartners.com\/fr\/\",\"logo\":{\"@type\":\"ImageObject\",\"inLanguage\":\"fr-FR\",\"@id\":\"https:\/\/www.anderapartners.com\/fr\/#\/schema\/logo\/image\/\",\"url\":\"https:\/\/www.anderapartners.com\/wp-content\/uploads\/2020\/08\/logo-white.svg\",\"contentUrl\":\"https:\/\/www.anderapartners.com\/wp-content\/uploads\/2020\/08\/logo-white.svg\",\"width\":107,\"height\":44,\"caption\":\"Andera Partners\"},\"image\":{\"@id\":\"https:\/\/www.anderapartners.com\/fr\/#\/schema\/logo\/image\/\"}},{\"@type\":\"Person\",\"@id\":\"https:\/\/www.anderapartners.com\/fr\/#\/schema\/person\/dce1d4a32f2d85f191a44527e202942c\",\"name\":\"Nicolas Delsert\",\"image\":{\"@type\":\"ImageObject\",\"inLanguage\":\"fr-FR\",\"@id\":\"https:\/\/www.anderapartners.com\/fr\/#\/schema\/person\/image\/\",\"url\":\"https:\/\/secure.gravatar.com\/avatar\/fca7b29302058c85588bc6bc3db9bd1e?s=96&d=mm&r=g\",\"contentUrl\":\"https:\/\/secure.gravatar.com\/avatar\/fca7b29302058c85588bc6bc3db9bd1e?s=96&d=mm&r=g\",\"caption\":\"Nicolas Delsert\"}}]}<\/script>\n<!-- \/ Yoast SEO plugin. -->","yoast_head_json":{"title":"Andera Partners accompagne les dirigeants d\u2019Eleven Strategy dans le rachat de leur entreprise - ANDERA PARTNERS","robots":{"index":"index","follow":"follow","max-snippet":"max-snippet:-1","max-image-preview":"max-image-preview:large","max-video-preview":"max-video-preview:-1"},"canonical":"https:\/\/www.anderapartners.com\/fr\/andera-partners-accompagne-les-dirigeants-deleven-strategy-dans-le-rachat-de-leur-entreprise\/","og_locale":"fr_FR","og_type":"article","og_title":"Andera Partners accompagne les dirigeants d\u2019Eleven Strategy dans le rachat de leur entreprise - ANDERA PARTNERS","og_description":"Eleven Strategy est un des leaders fran\u00e7ais dans le conseil en strat\u00e9gie et en data science au service de grands corporates et de fonds de private equity internationaux. Les actionnaires d\u2019Eleven Strategy ont choisi Andera Acto, sp\u00e9cialiste des op\u00e9rations sponsorless, pour recomposer son capital et le combiner \u00e0 une relution significative des associ\u00e9s du groupe...","og_url":"https:\/\/www.anderapartners.com\/fr\/andera-partners-accompagne-les-dirigeants-deleven-strategy-dans-le-rachat-de-leur-entreprise\/","og_site_name":"ANDERA PARTNERS","article_published_time":"2022-03-17T10:10:44+00:00","author":"Nicolas Delsert","twitter_card":"summary_large_image","twitter_misc":{"\u00c9crit par":"Nicolas Delsert","Dur\u00e9e de lecture estim\u00e9e":"4 minutes"},"schema":{"@context":"https:\/\/schema.org","@graph":[{"@type":"Article","@id":"https:\/\/www.anderapartners.com\/fr\/andera-partners-accompagne-les-dirigeants-deleven-strategy-dans-le-rachat-de-leur-entreprise\/#article","isPartOf":{"@id":"https:\/\/www.anderapartners.com\/fr\/andera-partners-accompagne-les-dirigeants-deleven-strategy-dans-le-rachat-de-leur-entreprise\/"},"author":{"name":"Nicolas Delsert","@id":"https:\/\/www.anderapartners.com\/fr\/#\/schema\/person\/dce1d4a32f2d85f191a44527e202942c"},"headline":"Andera Partners accompagne les dirigeants d\u2019Eleven Strategy dans le rachat de leur entreprise","datePublished":"2022-03-17T10:10:44+00:00","dateModified":"2022-03-17T10:10:44+00:00","mainEntityOfPage":{"@id":"https:\/\/www.anderapartners.com\/fr\/andera-partners-accompagne-les-dirigeants-deleven-strategy-dans-le-rachat-de-leur-entreprise\/"},"wordCount":770,"publisher":{"@id":"https:\/\/www.anderapartners.com\/fr\/#organization"},"articleSection":["andera Acto"],"inLanguage":"fr-FR"},{"@type":"WebPage","@id":"https:\/\/www.anderapartners.com\/fr\/andera-partners-accompagne-les-dirigeants-deleven-strategy-dans-le-rachat-de-leur-entreprise\/","url":"https:\/\/www.anderapartners.com\/fr\/andera-partners-accompagne-les-dirigeants-deleven-strategy-dans-le-rachat-de-leur-entreprise\/","name":"Andera Partners accompagne les dirigeants d\u2019Eleven Strategy dans le rachat de leur entreprise - ANDERA PARTNERS","isPartOf":{"@id":"https:\/\/www.anderapartners.com\/fr\/#website"},"datePublished":"2022-03-17T10:10:44+00:00","dateModified":"2022-03-17T10:10:44+00:00","breadcrumb":{"@id":"https:\/\/www.anderapartners.com\/fr\/andera-partners-accompagne-les-dirigeants-deleven-strategy-dans-le-rachat-de-leur-entreprise\/#breadcrumb"},"inLanguage":"fr-FR","potentialAction":[{"@type":"ReadAction","target":["https:\/\/www.anderapartners.com\/fr\/andera-partners-accompagne-les-dirigeants-deleven-strategy-dans-le-rachat-de-leur-entreprise\/"]}]},{"@type":"BreadcrumbList","@id":"https:\/\/www.anderapartners.com\/fr\/andera-partners-accompagne-les-dirigeants-deleven-strategy-dans-le-rachat-de-leur-entreprise\/#breadcrumb","itemListElement":[{"@type":"ListItem","position":1,"name":"Accueil","item":"https:\/\/www.anderapartners.com\/fr\/"},{"@type":"ListItem","position":2,"name":"Andera Partners accompagne les dirigeants d\u2019Eleven Strategy dans le rachat de leur entreprise"}]},{"@type":"WebSite","@id":"https:\/\/www.anderapartners.com\/fr\/#website","url":"https:\/\/www.anderapartners.com\/fr\/","name":"ANDERA PARTNERS","description":"","publisher":{"@id":"https:\/\/www.anderapartners.com\/fr\/#organization"},"potentialAction":[{"@type":"SearchAction","target":{"@type":"EntryPoint","urlTemplate":"https:\/\/www.anderapartners.com\/fr\/?s={search_term_string}"},"query-input":{"@type":"PropertyValueSpecification","valueRequired":true,"valueName":"search_term_string"}}],"inLanguage":"fr-FR"},{"@type":"Organization","@id":"https:\/\/www.anderapartners.com\/fr\/#organization","name":"Andera Partners","url":"https:\/\/www.anderapartners.com\/fr\/","logo":{"@type":"ImageObject","inLanguage":"fr-FR","@id":"https:\/\/www.anderapartners.com\/fr\/#\/schema\/logo\/image\/","url":"https:\/\/www.anderapartners.com\/wp-content\/uploads\/2020\/08\/logo-white.svg","contentUrl":"https:\/\/www.anderapartners.com\/wp-content\/uploads\/2020\/08\/logo-white.svg","width":107,"height":44,"caption":"Andera Partners"},"image":{"@id":"https:\/\/www.anderapartners.com\/fr\/#\/schema\/logo\/image\/"}},{"@type":"Person","@id":"https:\/\/www.anderapartners.com\/fr\/#\/schema\/person\/dce1d4a32f2d85f191a44527e202942c","name":"Nicolas Delsert","image":{"@type":"ImageObject","inLanguage":"fr-FR","@id":"https:\/\/www.anderapartners.com\/fr\/#\/schema\/person\/image\/","url":"https:\/\/secure.gravatar.com\/avatar\/fca7b29302058c85588bc6bc3db9bd1e?s=96&d=mm&r=g","contentUrl":"https:\/\/secure.gravatar.com\/avatar\/fca7b29302058c85588bc6bc3db9bd1e?s=96&d=mm&r=g","caption":"Nicolas Delsert"}}]}},"_links":{"self":[{"href":"https:\/\/www.anderapartners.com\/fr\/wp-json\/wp\/v2\/posts\/8907","targetHints":{"allow":["GET"]}}],"collection":[{"href":"https:\/\/www.anderapartners.com\/fr\/wp-json\/wp\/v2\/posts"}],"about":[{"href":"https:\/\/www.anderapartners.com\/fr\/wp-json\/wp\/v2\/types\/post"}],"author":[{"embeddable":true,"href":"https:\/\/www.anderapartners.com\/fr\/wp-json\/wp\/v2\/users\/2"}],"replies":[{"embeddable":true,"href":"https:\/\/www.anderapartners.com\/fr\/wp-json\/wp\/v2\/comments?post=8907"}],"version-history":[{"count":0,"href":"https:\/\/www.anderapartners.com\/fr\/wp-json\/wp\/v2\/posts\/8907\/revisions"}],"wp:attachment":[{"href":"https:\/\/www.anderapartners.com\/fr\/wp-json\/wp\/v2\/media?parent=8907"}],"wp:term":[{"taxonomy":"category","embeddable":true,"href":"https:\/\/www.anderapartners.com\/fr\/wp-json\/wp\/v2\/categories?post=8907"}],"curies":[{"name":"wp","href":"https:\/\/api.w.org\/{rel}","templated":true}]}}