{"id":88925,"date":"2024-09-05T09:45:58","date_gmt":"2024-09-05T07:45:58","guid":{"rendered":"https:\/\/www.anderapartners.com\/?p=88925"},"modified":"2024-09-04T18:41:58","modified_gmt":"2024-09-04T16:41:58","slug":"andera-partners-accueille-bruno-bonnin-en-qualite-dassocie","status":"publish","type":"post","link":"https:\/\/www.anderapartners.com\/fr\/andera-partners-accueille-bruno-bonnin-en-qualite-dassocie\/","title":{"rendered":"Andera Partners accueille Bruno Bonnin en qualit\u00e9 d&rsquo;Associ\u00e9"},"content":{"rendered":"<p>Andera Acto, l\u2019\u00e9quipe d\u00e9di\u00e9 \u00e0 l\u2019investissement mezzanine sponsorless d\u2019Andera Partners, renforce ses effectifs et accueille son 5<sup>e<\/sup> associ\u00e9, Bruno Bonnin.<\/p>\n<p>Bruno Bonnin (40 ans, Ecole Centrale Lyon\u00a0; HEC) rejoint Andera Partners en septembre 2024 en qualit\u00e9 d\u2019associ\u00e9 de l\u2019\u00e9quipe Andera Acto. Il \u00e9tait auparavant associ\u00e9 au sein de MBO+, de 2022 \u00e0 2024, et de Capza, de 2009 \u00e0 2022. Il a \u00e9galement exerc\u00e9 au sein de Perfectis Private Equity, en 2009, et chez Altran de 2006 \u00e0 2008.<\/p>\n<p>Bruno Bonnin a accompagn\u00e9 pr\u00e8s de 25 soci\u00e9t\u00e9s dans leur d\u00e9veloppement et a notamment si\u00e9g\u00e9 aux conseils de Wshop, Ynov Campus, Sirsa, Finnegan, Recommerce Group et Dataword.<\/p>\n<p><em>\u00ab\u00a0Rejoindre Andera Acto et plus g\u00e9n\u00e9ralement Andera Partners, acteur de r\u00e9f\u00e9rence du Private Equity en France et en Europe, est pour moi une v\u00e9ritable opportunit\u00e9 \u00e0 un moment strat\u00e9gique de son d\u00e9veloppement.\u00a0 Je suis tr\u00e8s enthousiaste et impatient de contribuer au succ\u00e8s de l&rsquo;\u00e9quipe, notamment \u00e0 travers la lev\u00e9e de son cinqui\u00e8me fonds et son d\u00e9ploiement, qui promet de renforcer notre position sur le march\u00e9 \u00ab\u00a0,<\/em> <strong>commente Bruno Bonnin, nouvel associ\u00e9 de l\u2019\u00e9quipe Andera Acto<\/strong>.<\/p>\n<p><em>\u00ab\u00a0Nous sommes ravis d&rsquo;accueillir Bruno Bonnin au sein d&rsquo;Andera Acto. Son expertise et son exp\u00e9rience seront des atouts pr\u00e9cieux pour notre \u00e9quipe, dans un contexte o\u00f9 notre activit\u00e9 poursuit sa croissance, en France et en Europe. Avec la lev\u00e9e de notre cinqui\u00e8me mill\u00e9sime, nous sommes toujours plus ambitieux \u00e0 l\u2019investissement et son arriv\u00e9e nous permettra de continuer \u00e0 offrir un soutien de qualit\u00e9 \u00e0 nos partenaires et \u00e0 maximiser la cr\u00e9ation de valeur pour nos investisseurs \u00ab\u00a0, <\/em><strong>d\u00e9clare St\u00e9phane Bergez, associ\u00e9 responsable d\u2019Andera Acto<\/strong><\/p>\n<p>L\u2019\u00e9quipe Andera Acto est d\u00e9sormais constitu\u00e9e de 16 investisseurs, dont 5 associ\u00e9s. Avec pr\u00e8s de 1,5 milliards d\u2019euros sous gestion, l\u2019\u00e9quipe compte actuellement 34 soci\u00e9t\u00e9s en portefeuille et a accompagn\u00e9 plus de 85 dirigeants depuis sa cr\u00e9ation. Andera Acto poursuit activement la lev\u00e9e de son 5<sup>e<\/sup> mill\u00e9sime, Acto V, pour lequel elle cible 1 milliard d\u2019euros. L\u2019\u00e9quipe annonce \u00e9galement l\u2019arriv\u00e9e prochainement d\u2019une charg\u00e9e d\u2019affaires senior, afin de poursuivre son renforcement.<\/p>\n","protected":false},"excerpt":{"rendered":"<p>Andera Acto, l\u2019\u00e9quipe d\u00e9di\u00e9 \u00e0 l\u2019investissement mezzanine sponsorless d\u2019Andera Partners, renforce ses effectifs et accueille son 5e associ\u00e9, Bruno Bonnin. Bruno Bonnin (40 ans, Ecole Centrale Lyon\u00a0; HEC) rejoint Andera Partners en septembre 2024 en qualit\u00e9 d\u2019associ\u00e9 de l\u2019\u00e9quipe Andera Acto. Il \u00e9tait auparavant associ\u00e9 au sein de MBO+, de 2022 \u00e0 2024, et de&#8230;<\/p>\n","protected":false},"author":2,"featured_media":0,"comment_status":"closed","ping_status":"open","sticky":false,"template":"","format":"standard","meta":[],"categories":[79],"class_list":["post-88925","post","type-post","status-publish","format-standard","hentry","category-actomezz"],"acf":[],"yoast_head":"<!-- This site is optimized with the Yoast SEO plugin v24.1 - https:\/\/yoast.com\/wordpress\/plugins\/seo\/ -->\n<title>Andera Partners accueille Bruno Bonnin en qualit\u00e9 d&#039;Associ\u00e9 - ANDERA PARTNERS<\/title>\n<meta name=\"robots\" content=\"index, follow, max-snippet:-1, max-image-preview:large, max-video-preview:-1\" \/>\n<link rel=\"canonical\" href=\"https:\/\/www.anderapartners.com\/en\/?p=89006\" \/>\n<meta property=\"og:locale\" content=\"fr_FR\" \/>\n<meta property=\"og:type\" content=\"article\" \/>\n<meta property=\"og:title\" content=\"Andera Partners accueille Bruno Bonnin en qualit\u00e9 d&#039;Associ\u00e9 - ANDERA PARTNERS\" \/>\n<meta property=\"og:description\" content=\"Andera Acto, l\u2019\u00e9quipe d\u00e9di\u00e9 \u00e0 l\u2019investissement mezzanine sponsorless d\u2019Andera Partners, renforce ses effectifs et accueille son 5e associ\u00e9, Bruno Bonnin. Bruno Bonnin (40 ans, Ecole Centrale Lyon\u00a0; HEC) rejoint Andera Partners en septembre 2024 en qualit\u00e9 d\u2019associ\u00e9 de l\u2019\u00e9quipe Andera Acto. Il \u00e9tait auparavant associ\u00e9 au sein de MBO+, de 2022 \u00e0 2024, et de...\" \/>\n<meta property=\"og:url\" content=\"https:\/\/www.anderapartners.com\/en\/?p=89006\" \/>\n<meta property=\"og:site_name\" content=\"ANDERA PARTNERS\" \/>\n<meta property=\"article:published_time\" content=\"2024-09-05T07:45:58+00:00\" \/>\n<meta property=\"article:modified_time\" content=\"2024-09-04T16:41:58+00:00\" \/>\n<meta name=\"author\" content=\"Nicolas Delsert\" \/>\n<meta name=\"twitter:card\" content=\"summary_large_image\" \/>\n<meta name=\"twitter:label1\" content=\"\u00c9crit par\" \/>\n\t<meta name=\"twitter:data1\" content=\"Nicolas Delsert\" \/>\n\t<meta name=\"twitter:label2\" content=\"Dur\u00e9e de lecture estim\u00e9e\" \/>\n\t<meta name=\"twitter:data2\" content=\"2 minutes\" \/>\n<script type=\"application\/ld+json\" class=\"yoast-schema-graph\">{\"@context\":\"https:\/\/schema.org\",\"@graph\":[{\"@type\":\"Article\",\"@id\":\"https:\/\/www.anderapartners.com\/en\/?p=89006#article\",\"isPartOf\":{\"@id\":\"https:\/\/www.anderapartners.com\/en\/?p=89006\"},\"author\":{\"name\":\"Nicolas Delsert\",\"@id\":\"https:\/\/www.anderapartners.com\/fr\/#\/schema\/person\/dce1d4a32f2d85f191a44527e202942c\"},\"headline\":\"Andera Partners accueille Bruno Bonnin en qualit\u00e9 d&rsquo;Associ\u00e9\",\"datePublished\":\"2024-09-05T07:45:58+00:00\",\"dateModified\":\"2024-09-04T16:41:58+00:00\",\"mainEntityOfPage\":{\"@id\":\"https:\/\/www.anderapartners.com\/en\/?p=89006\"},\"wordCount\":373,\"publisher\":{\"@id\":\"https:\/\/www.anderapartners.com\/fr\/#organization\"},\"articleSection\":[\"andera Acto\"],\"inLanguage\":\"fr-FR\"},{\"@type\":\"WebPage\",\"@id\":\"https:\/\/www.anderapartners.com\/en\/?p=89006\",\"url\":\"https:\/\/www.anderapartners.com\/en\/?p=89006\",\"name\":\"Andera Partners accueille Bruno Bonnin en qualit\u00e9 d'Associ\u00e9 - ANDERA PARTNERS\",\"isPartOf\":{\"@id\":\"https:\/\/www.anderapartners.com\/fr\/#website\"},\"datePublished\":\"2024-09-05T07:45:58+00:00\",\"dateModified\":\"2024-09-04T16:41:58+00:00\",\"breadcrumb\":{\"@id\":\"https:\/\/www.anderapartners.com\/en\/?p=89006#breadcrumb\"},\"inLanguage\":\"fr-FR\",\"potentialAction\":[{\"@type\":\"ReadAction\",\"target\":[\"https:\/\/www.anderapartners.com\/en\/?p=89006\"]}]},{\"@type\":\"BreadcrumbList\",\"@id\":\"https:\/\/www.anderapartners.com\/en\/?p=89006#breadcrumb\",\"itemListElement\":[{\"@type\":\"ListItem\",\"position\":1,\"name\":\"Accueil\",\"item\":\"https:\/\/www.anderapartners.com\/fr\/\"},{\"@type\":\"ListItem\",\"position\":2,\"name\":\"Andera Partners accueille Bruno Bonnin en qualit\u00e9 d&#8217;Associ\u00e9\"}]},{\"@type\":\"WebSite\",\"@id\":\"https:\/\/www.anderapartners.com\/fr\/#website\",\"url\":\"https:\/\/www.anderapartners.com\/fr\/\",\"name\":\"ANDERA PARTNERS\",\"description\":\"\",\"publisher\":{\"@id\":\"https:\/\/www.anderapartners.com\/fr\/#organization\"},\"potentialAction\":[{\"@type\":\"SearchAction\",\"target\":{\"@type\":\"EntryPoint\",\"urlTemplate\":\"https:\/\/www.anderapartners.com\/fr\/?s={search_term_string}\"},\"query-input\":{\"@type\":\"PropertyValueSpecification\",\"valueRequired\":true,\"valueName\":\"search_term_string\"}}],\"inLanguage\":\"fr-FR\"},{\"@type\":\"Organization\",\"@id\":\"https:\/\/www.anderapartners.com\/fr\/#organization\",\"name\":\"Andera Partners\",\"url\":\"https:\/\/www.anderapartners.com\/fr\/\",\"logo\":{\"@type\":\"ImageObject\",\"inLanguage\":\"fr-FR\",\"@id\":\"https:\/\/www.anderapartners.com\/fr\/#\/schema\/logo\/image\/\",\"url\":\"https:\/\/www.anderapartners.com\/wp-content\/uploads\/2020\/08\/logo-white.svg\",\"contentUrl\":\"https:\/\/www.anderapartners.com\/wp-content\/uploads\/2020\/08\/logo-white.svg\",\"width\":107,\"height\":44,\"caption\":\"Andera Partners\"},\"image\":{\"@id\":\"https:\/\/www.anderapartners.com\/fr\/#\/schema\/logo\/image\/\"}},{\"@type\":\"Person\",\"@id\":\"https:\/\/www.anderapartners.com\/fr\/#\/schema\/person\/dce1d4a32f2d85f191a44527e202942c\",\"name\":\"Nicolas Delsert\",\"image\":{\"@type\":\"ImageObject\",\"inLanguage\":\"fr-FR\",\"@id\":\"https:\/\/www.anderapartners.com\/fr\/#\/schema\/person\/image\/\",\"url\":\"https:\/\/secure.gravatar.com\/avatar\/fca7b29302058c85588bc6bc3db9bd1e?s=96&d=mm&r=g\",\"contentUrl\":\"https:\/\/secure.gravatar.com\/avatar\/fca7b29302058c85588bc6bc3db9bd1e?s=96&d=mm&r=g\",\"caption\":\"Nicolas Delsert\"}}]}<\/script>\n<!-- \/ Yoast SEO plugin. -->","yoast_head_json":{"title":"Andera Partners accueille Bruno Bonnin en qualit\u00e9 d'Associ\u00e9 - ANDERA PARTNERS","robots":{"index":"index","follow":"follow","max-snippet":"max-snippet:-1","max-image-preview":"max-image-preview:large","max-video-preview":"max-video-preview:-1"},"canonical":"https:\/\/www.anderapartners.com\/en\/?p=89006","og_locale":"fr_FR","og_type":"article","og_title":"Andera Partners accueille Bruno Bonnin en qualit\u00e9 d'Associ\u00e9 - ANDERA PARTNERS","og_description":"Andera Acto, l\u2019\u00e9quipe d\u00e9di\u00e9 \u00e0 l\u2019investissement mezzanine sponsorless d\u2019Andera Partners, renforce ses effectifs et accueille son 5e associ\u00e9, Bruno Bonnin. Bruno Bonnin (40 ans, Ecole Centrale Lyon\u00a0; HEC) rejoint Andera Partners en septembre 2024 en qualit\u00e9 d\u2019associ\u00e9 de l\u2019\u00e9quipe Andera Acto. Il \u00e9tait auparavant associ\u00e9 au sein de MBO+, de 2022 \u00e0 2024, et de...","og_url":"https:\/\/www.anderapartners.com\/en\/?p=89006","og_site_name":"ANDERA PARTNERS","article_published_time":"2024-09-05T07:45:58+00:00","article_modified_time":"2024-09-04T16:41:58+00:00","author":"Nicolas Delsert","twitter_card":"summary_large_image","twitter_misc":{"\u00c9crit par":"Nicolas Delsert","Dur\u00e9e de lecture estim\u00e9e":"2 minutes"},"schema":{"@context":"https:\/\/schema.org","@graph":[{"@type":"Article","@id":"https:\/\/www.anderapartners.com\/en\/?p=89006#article","isPartOf":{"@id":"https:\/\/www.anderapartners.com\/en\/?p=89006"},"author":{"name":"Nicolas Delsert","@id":"https:\/\/www.anderapartners.com\/fr\/#\/schema\/person\/dce1d4a32f2d85f191a44527e202942c"},"headline":"Andera Partners accueille Bruno Bonnin en qualit\u00e9 d&rsquo;Associ\u00e9","datePublished":"2024-09-05T07:45:58+00:00","dateModified":"2024-09-04T16:41:58+00:00","mainEntityOfPage":{"@id":"https:\/\/www.anderapartners.com\/en\/?p=89006"},"wordCount":373,"publisher":{"@id":"https:\/\/www.anderapartners.com\/fr\/#organization"},"articleSection":["andera Acto"],"inLanguage":"fr-FR"},{"@type":"WebPage","@id":"https:\/\/www.anderapartners.com\/en\/?p=89006","url":"https:\/\/www.anderapartners.com\/en\/?p=89006","name":"Andera Partners accueille Bruno Bonnin en qualit\u00e9 d'Associ\u00e9 - ANDERA PARTNERS","isPartOf":{"@id":"https:\/\/www.anderapartners.com\/fr\/#website"},"datePublished":"2024-09-05T07:45:58+00:00","dateModified":"2024-09-04T16:41:58+00:00","breadcrumb":{"@id":"https:\/\/www.anderapartners.com\/en\/?p=89006#breadcrumb"},"inLanguage":"fr-FR","potentialAction":[{"@type":"ReadAction","target":["https:\/\/www.anderapartners.com\/en\/?p=89006"]}]},{"@type":"BreadcrumbList","@id":"https:\/\/www.anderapartners.com\/en\/?p=89006#breadcrumb","itemListElement":[{"@type":"ListItem","position":1,"name":"Accueil","item":"https:\/\/www.anderapartners.com\/fr\/"},{"@type":"ListItem","position":2,"name":"Andera Partners accueille Bruno Bonnin en qualit\u00e9 d&#8217;Associ\u00e9"}]},{"@type":"WebSite","@id":"https:\/\/www.anderapartners.com\/fr\/#website","url":"https:\/\/www.anderapartners.com\/fr\/","name":"ANDERA PARTNERS","description":"","publisher":{"@id":"https:\/\/www.anderapartners.com\/fr\/#organization"},"potentialAction":[{"@type":"SearchAction","target":{"@type":"EntryPoint","urlTemplate":"https:\/\/www.anderapartners.com\/fr\/?s={search_term_string}"},"query-input":{"@type":"PropertyValueSpecification","valueRequired":true,"valueName":"search_term_string"}}],"inLanguage":"fr-FR"},{"@type":"Organization","@id":"https:\/\/www.anderapartners.com\/fr\/#organization","name":"Andera Partners","url":"https:\/\/www.anderapartners.com\/fr\/","logo":{"@type":"ImageObject","inLanguage":"fr-FR","@id":"https:\/\/www.anderapartners.com\/fr\/#\/schema\/logo\/image\/","url":"https:\/\/www.anderapartners.com\/wp-content\/uploads\/2020\/08\/logo-white.svg","contentUrl":"https:\/\/www.anderapartners.com\/wp-content\/uploads\/2020\/08\/logo-white.svg","width":107,"height":44,"caption":"Andera Partners"},"image":{"@id":"https:\/\/www.anderapartners.com\/fr\/#\/schema\/logo\/image\/"}},{"@type":"Person","@id":"https:\/\/www.anderapartners.com\/fr\/#\/schema\/person\/dce1d4a32f2d85f191a44527e202942c","name":"Nicolas Delsert","image":{"@type":"ImageObject","inLanguage":"fr-FR","@id":"https:\/\/www.anderapartners.com\/fr\/#\/schema\/person\/image\/","url":"https:\/\/secure.gravatar.com\/avatar\/fca7b29302058c85588bc6bc3db9bd1e?s=96&d=mm&r=g","contentUrl":"https:\/\/secure.gravatar.com\/avatar\/fca7b29302058c85588bc6bc3db9bd1e?s=96&d=mm&r=g","caption":"Nicolas Delsert"}}]}},"_links":{"self":[{"href":"https:\/\/www.anderapartners.com\/fr\/wp-json\/wp\/v2\/posts\/88925","targetHints":{"allow":["GET"]}}],"collection":[{"href":"https:\/\/www.anderapartners.com\/fr\/wp-json\/wp\/v2\/posts"}],"about":[{"href":"https:\/\/www.anderapartners.com\/fr\/wp-json\/wp\/v2\/types\/post"}],"author":[{"embeddable":true,"href":"https:\/\/www.anderapartners.com\/fr\/wp-json\/wp\/v2\/users\/2"}],"replies":[{"embeddable":true,"href":"https:\/\/www.anderapartners.com\/fr\/wp-json\/wp\/v2\/comments?post=88925"}],"version-history":[{"count":1,"href":"https:\/\/www.anderapartners.com\/fr\/wp-json\/wp\/v2\/posts\/88925\/revisions"}],"predecessor-version":[{"id":88926,"href":"https:\/\/www.anderapartners.com\/fr\/wp-json\/wp\/v2\/posts\/88925\/revisions\/88926"}],"wp:attachment":[{"href":"https:\/\/www.anderapartners.com\/fr\/wp-json\/wp\/v2\/media?parent=88925"}],"wp:term":[{"taxonomy":"category","embeddable":true,"href":"https:\/\/www.anderapartners.com\/fr\/wp-json\/wp\/v2\/categories?post=88925"}],"curies":[{"name":"wp","href":"https:\/\/api.w.org\/{rel}","templated":true}]}}