{"id":88217,"date":"2024-03-14T09:02:38","date_gmt":"2024-03-14T08:02:38","guid":{"rendered":"https:\/\/www.anderapartners.com\/?p=88217"},"modified":"2024-03-14T09:04:48","modified_gmt":"2024-03-14T08:04:48","slug":"amolyt-pharma-au-portefeuille-dandera-partners-annonce-son-acquisition-par-astrazeneca","status":"publish","type":"post","link":"https:\/\/www.anderapartners.com\/fr\/amolyt-pharma-au-portefeuille-dandera-partners-annonce-son-acquisition-par-astrazeneca\/","title":{"rendered":"Amolyt Pharma, au portefeuille d\u2019Andera Partners,  annonce son acquisition par AstraZeneca"},"content":{"rendered":"<p>Amolyt Pharma, soci\u00e9t\u00e9 internationale sp\u00e9cialis\u00e9e dans le d\u00e9veloppement de peptides th\u00e9rapeutiques au stade clinique ciblant les maladies endocriniennes et m\u00e9taboliques rares, a conclu un accord d\u00e9finitif au terme duquel AstraZeneca fera l\u2019acquisition d\u2019Amolyt Pharma pour un montant initial de 800 millions de dollars et un paiement d\u2019\u00e9tape potentiel de 250 millions de dollars. Alexion accueillera l\u2019\u00e9quipe d\u2019Amolyt Pharma.<\/p>\n<p><em>\u00ab\u00a0Nous sommes fiers du travail remarquable accompli par <\/em><em>notre \u00e9quipe pour d\u00e9velopper un portefeuille de peptides th\u00e9rapeutiques <\/em><em>avec le potentiel de r\u00e9pondre \u00e0 des besoins m\u00e9dicaux encore non combl\u00e9s pour les maladies endocriniennes et m\u00e9taboliques rares. En moins de 5 ans, nous avons ainsi avanc\u00e9 l\u2019\u00e9n\u00e9boparatide en Phase 3 pour le traitement de l\u2019hypoparathyroidie et cr\u00e9\u00e9 un portefeuille de programmes pr\u00e9coces. \u00a0<\/em><em>Nous tenons \u00e0 remercier en particulier les investigateurs, les patients et les associations de patients qui nous ont aid\u00e9s \u00e0 atteindre ces objectifs\u00a0\u00bb<\/em> d\u00e9clare <strong>Thierry Abribat, Ph.D., Fondateur et PDG d\u2019Amolyt Pharma<\/strong>. <em>\u00ab\u00a0Nous sommes impatients de poursuivre le d\u00e9veloppement de notre portefeuille au sein d\u2019Alexion, AstraZeneca Rare Disease, une soci\u00e9t\u00e9 \u00e0 l\u2019expertise reconnue et qui compte \u00e0 son actif de multiples succ\u00e8s dans la mise \u00e0 disposition dans le monde entier de traitements innovants pour les patients atteints de maladies rares.\u00bb<\/em><\/p>\n<p><strong>Rapha\u00ebl Wisniewski, associ\u00e9 au sein d\u2019Andera Partners<\/strong>, commente\u00a0: <em>\u00ab <\/em><em>Nous sommes fiers d\u2019avoir accompagn\u00e9 Amolyt depuis 2021. Il s&rsquo;agissait du premier investissement du fonds BioDiscovery 6 en France. La soci\u00e9t\u00e9, men\u00e9e par Thierry Abribat et son \u00e9quipe exceptionnelle, a pu d\u00e9velopper des innovations importantes pour les patients atteints de maladies endocriniennes et m\u00e9taboliques rares. Cette nouvelle \u00e9tape, aux c\u00f4t\u00e9s d\u2019Alexion et d&rsquo;AstraZeneca, t\u00e9moigne du remarquable dynamisme du secteur en France et en Europe. Nous f\u00e9licitons l&rsquo;ensemble des collaborateurs qui font et continuent de faire d&rsquo;Amolyt une histoire de succ\u00e8s.\u00a0\u00bb<\/em><\/p>\n<p>Le portefeuille clinique d\u2019Amolyt comprend des peptides th\u00e9rapeutiques diff\u00e9renci\u00e9s pour le traitement de maladies endocriniennes rares aux besoins cliniques importants. L\u2019\u00e9n\u00e9boparatide (AZP-3601) est un agoniste du r\u00e9cepteur 1 de la parathormone (PTHR1) administr\u00e9 quotidiennement par voie sous-cutan\u00e9e pour le traitement de l\u2019hypoparathyro\u00efdie, actuellement en \u00e9tude de Phase 3. L\u2019AZP-3813 est un antagoniste peptidique du r\u00e9cepteur de l\u2019hormone de croissance (GHR) pour le traitement potentiel des patients atteints d\u2019acrom\u00e9galie, actuellement en \u00e9tude de Phase 1.<\/p>\n","protected":false},"excerpt":{"rendered":"<p>Amolyt Pharma, soci\u00e9t\u00e9 internationale sp\u00e9cialis\u00e9e dans le d\u00e9veloppement de peptides th\u00e9rapeutiques au stade clinique ciblant les maladies endocriniennes et m\u00e9taboliques rares, a conclu un accord d\u00e9finitif au terme duquel AstraZeneca fera l\u2019acquisition d\u2019Amolyt Pharma pour un montant initial de 800 millions de dollars et un paiement d\u2019\u00e9tape potentiel de 250 millions de dollars. Alexion accueillera&#8230;<\/p>\n","protected":false},"author":2,"featured_media":0,"comment_status":"closed","ping_status":"open","sticky":false,"template":"","format":"standard","meta":[],"categories":[78],"class_list":["post-88217","post","type-post","status-publish","format-standard","hentry","category-biodiscovery"],"acf":[],"yoast_head":"<!-- This site is optimized with the Yoast SEO plugin v24.1 - https:\/\/yoast.com\/wordpress\/plugins\/seo\/ -->\n<title>Amolyt Pharma, au portefeuille d\u2019Andera Partners, annonce son acquisition par AstraZeneca - ANDERA PARTNERS<\/title>\n<meta name=\"robots\" content=\"index, follow, max-snippet:-1, max-image-preview:large, max-video-preview:-1\" \/>\n<link rel=\"canonical\" href=\"https:\/\/www.anderapartners.com\/fr\/amolyt-pharma-au-portefeuille-dandera-partners-annonce-son-acquisition-par-astrazeneca\/\" \/>\n<meta property=\"og:locale\" content=\"fr_FR\" \/>\n<meta property=\"og:type\" content=\"article\" \/>\n<meta property=\"og:title\" content=\"Amolyt Pharma, au portefeuille d\u2019Andera Partners, annonce son acquisition par AstraZeneca - ANDERA PARTNERS\" \/>\n<meta property=\"og:description\" content=\"Amolyt Pharma, soci\u00e9t\u00e9 internationale sp\u00e9cialis\u00e9e dans le d\u00e9veloppement de peptides th\u00e9rapeutiques au stade clinique ciblant les maladies endocriniennes et m\u00e9taboliques rares, a conclu un accord d\u00e9finitif au terme duquel AstraZeneca fera l\u2019acquisition d\u2019Amolyt Pharma pour un montant initial de 800 millions de dollars et un paiement d\u2019\u00e9tape potentiel de 250 millions de dollars. Alexion accueillera...\" \/>\n<meta property=\"og:url\" content=\"https:\/\/www.anderapartners.com\/fr\/amolyt-pharma-au-portefeuille-dandera-partners-annonce-son-acquisition-par-astrazeneca\/\" \/>\n<meta property=\"og:site_name\" content=\"ANDERA PARTNERS\" \/>\n<meta property=\"article:published_time\" content=\"2024-03-14T08:02:38+00:00\" \/>\n<meta property=\"article:modified_time\" content=\"2024-03-14T08:04:48+00:00\" \/>\n<meta name=\"author\" content=\"Nicolas Delsert\" \/>\n<meta name=\"twitter:card\" content=\"summary_large_image\" \/>\n<meta name=\"twitter:label1\" content=\"\u00c9crit par\" \/>\n\t<meta name=\"twitter:data1\" content=\"Nicolas Delsert\" \/>\n\t<meta name=\"twitter:label2\" content=\"Dur\u00e9e de lecture estim\u00e9e\" \/>\n\t<meta name=\"twitter:data2\" content=\"2 minutes\" \/>\n<script type=\"application\/ld+json\" class=\"yoast-schema-graph\">{\"@context\":\"https:\/\/schema.org\",\"@graph\":[{\"@type\":\"Article\",\"@id\":\"https:\/\/www.anderapartners.com\/fr\/amolyt-pharma-au-portefeuille-dandera-partners-annonce-son-acquisition-par-astrazeneca\/#article\",\"isPartOf\":{\"@id\":\"https:\/\/www.anderapartners.com\/fr\/amolyt-pharma-au-portefeuille-dandera-partners-annonce-son-acquisition-par-astrazeneca\/\"},\"author\":{\"name\":\"Nicolas Delsert\",\"@id\":\"https:\/\/www.anderapartners.com\/fr\/#\/schema\/person\/dce1d4a32f2d85f191a44527e202942c\"},\"headline\":\"Amolyt Pharma, au portefeuille d\u2019Andera Partners, annonce son acquisition par AstraZeneca\",\"datePublished\":\"2024-03-14T08:02:38+00:00\",\"dateModified\":\"2024-03-14T08:04:48+00:00\",\"mainEntityOfPage\":{\"@id\":\"https:\/\/www.anderapartners.com\/fr\/amolyt-pharma-au-portefeuille-dandera-partners-annonce-son-acquisition-par-astrazeneca\/\"},\"wordCount\":422,\"publisher\":{\"@id\":\"https:\/\/www.anderapartners.com\/fr\/#organization\"},\"articleSection\":[\"andera Life Sciences\"],\"inLanguage\":\"fr-FR\"},{\"@type\":\"WebPage\",\"@id\":\"https:\/\/www.anderapartners.com\/fr\/amolyt-pharma-au-portefeuille-dandera-partners-annonce-son-acquisition-par-astrazeneca\/\",\"url\":\"https:\/\/www.anderapartners.com\/fr\/amolyt-pharma-au-portefeuille-dandera-partners-annonce-son-acquisition-par-astrazeneca\/\",\"name\":\"Amolyt Pharma, au portefeuille d\u2019Andera Partners, annonce son acquisition par AstraZeneca - ANDERA PARTNERS\",\"isPartOf\":{\"@id\":\"https:\/\/www.anderapartners.com\/fr\/#website\"},\"datePublished\":\"2024-03-14T08:02:38+00:00\",\"dateModified\":\"2024-03-14T08:04:48+00:00\",\"breadcrumb\":{\"@id\":\"https:\/\/www.anderapartners.com\/fr\/amolyt-pharma-au-portefeuille-dandera-partners-annonce-son-acquisition-par-astrazeneca\/#breadcrumb\"},\"inLanguage\":\"fr-FR\",\"potentialAction\":[{\"@type\":\"ReadAction\",\"target\":[\"https:\/\/www.anderapartners.com\/fr\/amolyt-pharma-au-portefeuille-dandera-partners-annonce-son-acquisition-par-astrazeneca\/\"]}]},{\"@type\":\"BreadcrumbList\",\"@id\":\"https:\/\/www.anderapartners.com\/fr\/amolyt-pharma-au-portefeuille-dandera-partners-annonce-son-acquisition-par-astrazeneca\/#breadcrumb\",\"itemListElement\":[{\"@type\":\"ListItem\",\"position\":1,\"name\":\"Accueil\",\"item\":\"https:\/\/www.anderapartners.com\/fr\/\"},{\"@type\":\"ListItem\",\"position\":2,\"name\":\"Amolyt Pharma, au portefeuille d\u2019Andera Partners, annonce son acquisition par AstraZeneca\"}]},{\"@type\":\"WebSite\",\"@id\":\"https:\/\/www.anderapartners.com\/fr\/#website\",\"url\":\"https:\/\/www.anderapartners.com\/fr\/\",\"name\":\"ANDERA PARTNERS\",\"description\":\"\",\"publisher\":{\"@id\":\"https:\/\/www.anderapartners.com\/fr\/#organization\"},\"potentialAction\":[{\"@type\":\"SearchAction\",\"target\":{\"@type\":\"EntryPoint\",\"urlTemplate\":\"https:\/\/www.anderapartners.com\/fr\/?s={search_term_string}\"},\"query-input\":{\"@type\":\"PropertyValueSpecification\",\"valueRequired\":true,\"valueName\":\"search_term_string\"}}],\"inLanguage\":\"fr-FR\"},{\"@type\":\"Organization\",\"@id\":\"https:\/\/www.anderapartners.com\/fr\/#organization\",\"name\":\"Andera Partners\",\"url\":\"https:\/\/www.anderapartners.com\/fr\/\",\"logo\":{\"@type\":\"ImageObject\",\"inLanguage\":\"fr-FR\",\"@id\":\"https:\/\/www.anderapartners.com\/fr\/#\/schema\/logo\/image\/\",\"url\":\"https:\/\/www.anderapartners.com\/wp-content\/uploads\/2020\/08\/logo-white.svg\",\"contentUrl\":\"https:\/\/www.anderapartners.com\/wp-content\/uploads\/2020\/08\/logo-white.svg\",\"width\":107,\"height\":44,\"caption\":\"Andera Partners\"},\"image\":{\"@id\":\"https:\/\/www.anderapartners.com\/fr\/#\/schema\/logo\/image\/\"}},{\"@type\":\"Person\",\"@id\":\"https:\/\/www.anderapartners.com\/fr\/#\/schema\/person\/dce1d4a32f2d85f191a44527e202942c\",\"name\":\"Nicolas Delsert\",\"image\":{\"@type\":\"ImageObject\",\"inLanguage\":\"fr-FR\",\"@id\":\"https:\/\/www.anderapartners.com\/fr\/#\/schema\/person\/image\/\",\"url\":\"https:\/\/secure.gravatar.com\/avatar\/fca7b29302058c85588bc6bc3db9bd1e?s=96&d=mm&r=g\",\"contentUrl\":\"https:\/\/secure.gravatar.com\/avatar\/fca7b29302058c85588bc6bc3db9bd1e?s=96&d=mm&r=g\",\"caption\":\"Nicolas Delsert\"}}]}<\/script>\n<!-- \/ Yoast SEO plugin. -->","yoast_head_json":{"title":"Amolyt Pharma, au portefeuille d\u2019Andera Partners, annonce son acquisition par AstraZeneca - ANDERA PARTNERS","robots":{"index":"index","follow":"follow","max-snippet":"max-snippet:-1","max-image-preview":"max-image-preview:large","max-video-preview":"max-video-preview:-1"},"canonical":"https:\/\/www.anderapartners.com\/fr\/amolyt-pharma-au-portefeuille-dandera-partners-annonce-son-acquisition-par-astrazeneca\/","og_locale":"fr_FR","og_type":"article","og_title":"Amolyt Pharma, au portefeuille d\u2019Andera Partners, annonce son acquisition par AstraZeneca - ANDERA PARTNERS","og_description":"Amolyt Pharma, soci\u00e9t\u00e9 internationale sp\u00e9cialis\u00e9e dans le d\u00e9veloppement de peptides th\u00e9rapeutiques au stade clinique ciblant les maladies endocriniennes et m\u00e9taboliques rares, a conclu un accord d\u00e9finitif au terme duquel AstraZeneca fera l\u2019acquisition d\u2019Amolyt Pharma pour un montant initial de 800 millions de dollars et un paiement d\u2019\u00e9tape potentiel de 250 millions de dollars. Alexion accueillera...","og_url":"https:\/\/www.anderapartners.com\/fr\/amolyt-pharma-au-portefeuille-dandera-partners-annonce-son-acquisition-par-astrazeneca\/","og_site_name":"ANDERA PARTNERS","article_published_time":"2024-03-14T08:02:38+00:00","article_modified_time":"2024-03-14T08:04:48+00:00","author":"Nicolas Delsert","twitter_card":"summary_large_image","twitter_misc":{"\u00c9crit par":"Nicolas Delsert","Dur\u00e9e de lecture estim\u00e9e":"2 minutes"},"schema":{"@context":"https:\/\/schema.org","@graph":[{"@type":"Article","@id":"https:\/\/www.anderapartners.com\/fr\/amolyt-pharma-au-portefeuille-dandera-partners-annonce-son-acquisition-par-astrazeneca\/#article","isPartOf":{"@id":"https:\/\/www.anderapartners.com\/fr\/amolyt-pharma-au-portefeuille-dandera-partners-annonce-son-acquisition-par-astrazeneca\/"},"author":{"name":"Nicolas Delsert","@id":"https:\/\/www.anderapartners.com\/fr\/#\/schema\/person\/dce1d4a32f2d85f191a44527e202942c"},"headline":"Amolyt Pharma, au portefeuille d\u2019Andera Partners, annonce son acquisition par AstraZeneca","datePublished":"2024-03-14T08:02:38+00:00","dateModified":"2024-03-14T08:04:48+00:00","mainEntityOfPage":{"@id":"https:\/\/www.anderapartners.com\/fr\/amolyt-pharma-au-portefeuille-dandera-partners-annonce-son-acquisition-par-astrazeneca\/"},"wordCount":422,"publisher":{"@id":"https:\/\/www.anderapartners.com\/fr\/#organization"},"articleSection":["andera Life Sciences"],"inLanguage":"fr-FR"},{"@type":"WebPage","@id":"https:\/\/www.anderapartners.com\/fr\/amolyt-pharma-au-portefeuille-dandera-partners-annonce-son-acquisition-par-astrazeneca\/","url":"https:\/\/www.anderapartners.com\/fr\/amolyt-pharma-au-portefeuille-dandera-partners-annonce-son-acquisition-par-astrazeneca\/","name":"Amolyt Pharma, au portefeuille d\u2019Andera Partners, annonce son acquisition par AstraZeneca - ANDERA PARTNERS","isPartOf":{"@id":"https:\/\/www.anderapartners.com\/fr\/#website"},"datePublished":"2024-03-14T08:02:38+00:00","dateModified":"2024-03-14T08:04:48+00:00","breadcrumb":{"@id":"https:\/\/www.anderapartners.com\/fr\/amolyt-pharma-au-portefeuille-dandera-partners-annonce-son-acquisition-par-astrazeneca\/#breadcrumb"},"inLanguage":"fr-FR","potentialAction":[{"@type":"ReadAction","target":["https:\/\/www.anderapartners.com\/fr\/amolyt-pharma-au-portefeuille-dandera-partners-annonce-son-acquisition-par-astrazeneca\/"]}]},{"@type":"BreadcrumbList","@id":"https:\/\/www.anderapartners.com\/fr\/amolyt-pharma-au-portefeuille-dandera-partners-annonce-son-acquisition-par-astrazeneca\/#breadcrumb","itemListElement":[{"@type":"ListItem","position":1,"name":"Accueil","item":"https:\/\/www.anderapartners.com\/fr\/"},{"@type":"ListItem","position":2,"name":"Amolyt Pharma, au portefeuille d\u2019Andera Partners, annonce son acquisition par AstraZeneca"}]},{"@type":"WebSite","@id":"https:\/\/www.anderapartners.com\/fr\/#website","url":"https:\/\/www.anderapartners.com\/fr\/","name":"ANDERA PARTNERS","description":"","publisher":{"@id":"https:\/\/www.anderapartners.com\/fr\/#organization"},"potentialAction":[{"@type":"SearchAction","target":{"@type":"EntryPoint","urlTemplate":"https:\/\/www.anderapartners.com\/fr\/?s={search_term_string}"},"query-input":{"@type":"PropertyValueSpecification","valueRequired":true,"valueName":"search_term_string"}}],"inLanguage":"fr-FR"},{"@type":"Organization","@id":"https:\/\/www.anderapartners.com\/fr\/#organization","name":"Andera Partners","url":"https:\/\/www.anderapartners.com\/fr\/","logo":{"@type":"ImageObject","inLanguage":"fr-FR","@id":"https:\/\/www.anderapartners.com\/fr\/#\/schema\/logo\/image\/","url":"https:\/\/www.anderapartners.com\/wp-content\/uploads\/2020\/08\/logo-white.svg","contentUrl":"https:\/\/www.anderapartners.com\/wp-content\/uploads\/2020\/08\/logo-white.svg","width":107,"height":44,"caption":"Andera Partners"},"image":{"@id":"https:\/\/www.anderapartners.com\/fr\/#\/schema\/logo\/image\/"}},{"@type":"Person","@id":"https:\/\/www.anderapartners.com\/fr\/#\/schema\/person\/dce1d4a32f2d85f191a44527e202942c","name":"Nicolas Delsert","image":{"@type":"ImageObject","inLanguage":"fr-FR","@id":"https:\/\/www.anderapartners.com\/fr\/#\/schema\/person\/image\/","url":"https:\/\/secure.gravatar.com\/avatar\/fca7b29302058c85588bc6bc3db9bd1e?s=96&d=mm&r=g","contentUrl":"https:\/\/secure.gravatar.com\/avatar\/fca7b29302058c85588bc6bc3db9bd1e?s=96&d=mm&r=g","caption":"Nicolas Delsert"}}]}},"_links":{"self":[{"href":"https:\/\/www.anderapartners.com\/fr\/wp-json\/wp\/v2\/posts\/88217","targetHints":{"allow":["GET"]}}],"collection":[{"href":"https:\/\/www.anderapartners.com\/fr\/wp-json\/wp\/v2\/posts"}],"about":[{"href":"https:\/\/www.anderapartners.com\/fr\/wp-json\/wp\/v2\/types\/post"}],"author":[{"embeddable":true,"href":"https:\/\/www.anderapartners.com\/fr\/wp-json\/wp\/v2\/users\/2"}],"replies":[{"embeddable":true,"href":"https:\/\/www.anderapartners.com\/fr\/wp-json\/wp\/v2\/comments?post=88217"}],"version-history":[{"count":0,"href":"https:\/\/www.anderapartners.com\/fr\/wp-json\/wp\/v2\/posts\/88217\/revisions"}],"wp:attachment":[{"href":"https:\/\/www.anderapartners.com\/fr\/wp-json\/wp\/v2\/media?parent=88217"}],"wp:term":[{"taxonomy":"category","embeddable":true,"href":"https:\/\/www.anderapartners.com\/fr\/wp-json\/wp\/v2\/categories?post=88217"}],"curies":[{"name":"wp","href":"https:\/\/api.w.org\/{rel}","templated":true}]}}