{"id":8573,"date":"2022-01-10T09:58:34","date_gmt":"2022-01-10T08:58:34","guid":{"rendered":"https:\/\/www.anderapartners.com\/?p=8573"},"modified":"2022-01-10T09:58:34","modified_gmt":"2022-01-10T08:58:34","slug":"le-groupe-acb-detenu-par-andera-expansion-refinance-la-totalite-de-sa-dette","status":"publish","type":"post","link":"https:\/\/www.anderapartners.com\/fr\/le-groupe-acb-detenu-par-andera-expansion-refinance-la-totalite-de-sa-dette\/","title":{"rendered":"Le groupe ACB, d\u00e9tenu par Andera Expansion, refinance la  totalit\u00e9 de sa dette"},"content":{"rendered":"<p>Andera Partners, acteur de premier plan dans le domaine du capital investissement \u2013 notamment dans les PME via son activit\u00e9 Andera Expansion \u2013 a acquis, aux c\u00f4t\u00e9s de son dirigeant Gilles Rigon, en octobre 2016 le groupe ACB, acteur majeur en Europe de la fabrication de circuits imprim\u00e9s pour environnements s\u00e9v\u00e8res. Tir\u00e9e par la croissance des industries de la d\u00e9fense, de l\u2019a\u00e9ronautique, du spatial et du m\u00e9dical, l\u2019activit\u00e9 du groupe a depuis 5 ans b\u00e9n\u00e9fici\u00e9 de la tr\u00e8s bonne performance du p\u00e9rim\u00e8tre historique, ainsi que de deux acquisitions r\u00e9alis\u00e9es en 2019 et d\u00e9sormais totalement int\u00e9gr\u00e9es : Elmitech (CA de 5 M\u20ac), qui apporte au groupe un compl\u00e9ment de service dans le conditionnement et la programmation de composants, et Cibel (CA de 7 M\u20ac), sp\u00e9cialiste des circuits imprim\u00e9s haute technologie en d\u00e9lai tr\u00e8s courts.<\/p>\n<p>Avec un chiffre d\u2019affaires de 35 M\u20ac en 2021, ACB op\u00e8re aujourd\u2019hui 6 sites industriels, dont quatre en France, un en Belgique et un en Tunisie, employant un total de 320 personnes.<\/p>\n<p>B\u00e9n\u00e9ficiant d\u2019un excellent carnet de commandes, le groupe entend renforcer son positionnement sur ses principaux clients et segments, et poursuivre la consolidation des acteurs europ\u00e9ens des circuits imprim\u00e9s pour environnement s\u00e9v\u00e8re. Plusieurs cibles de croissance externes sont actuellement \u00e0 l\u2019\u00e9tude, en France et dans des pays limitrophes.<\/p>\n<p>Suscitant un fort int\u00e9r\u00eat des \u00e9tablissements financiers, le refinancement de la dette du groupe est men\u00e9 par la Soci\u00e9t\u00e9 G\u00e9n\u00e9rale, au travers d\u2019une prise ferme \u00e0 100%, destin\u00e9e \u00e0 (i) refinancer le cr\u00e9dit senior existant et (ii) rembourser int\u00e9gralement la dette obligataire souscrite en 2016 par le fonds Cabestan Capital 2 g\u00e9r\u00e9 par l\u2019\u00e9quipe Andera Expansion.<\/p>\n<p>En abaissant significativement son co\u00fbt de financement, le groupe va d\u00e9gager des marges de man\u0153uvre importantes pour continuer notamment \u00e0 financer l\u2019acc\u00e9l\u00e9ration de sa croissance dans le spatial et le m\u00e9dical, et poursuivre sa strat\u00e9gie de croissances externes cibl\u00e9es.<\/p>\n","protected":false},"excerpt":{"rendered":"<p>Andera Partners, acteur de premier plan dans le domaine du capital investissement \u2013 notamment dans les PME via son activit\u00e9 Andera Expansion \u2013 a acquis, aux c\u00f4t\u00e9s de son dirigeant Gilles Rigon, en octobre 2016 le groupe ACB, acteur majeur en Europe de la fabrication de circuits imprim\u00e9s pour environnements s\u00e9v\u00e8res. Tir\u00e9e par la croissance&#8230;<\/p>\n","protected":false},"author":2,"featured_media":0,"comment_status":"closed","ping_status":"open","sticky":false,"template":"","format":"standard","meta":[],"categories":[81],"class_list":["post-8573","post","type-post","status-publish","format-standard","hentry","category-cabestan-capital"],"acf":[],"yoast_head":"<!-- This site is optimized with the Yoast SEO plugin v24.1 - https:\/\/yoast.com\/wordpress\/plugins\/seo\/ -->\n<title>Le groupe ACB, d\u00e9tenu par Andera Expansion, refinance la totalit\u00e9 de sa dette - ANDERA PARTNERS<\/title>\n<meta name=\"robots\" content=\"index, follow, max-snippet:-1, max-image-preview:large, max-video-preview:-1\" \/>\n<link rel=\"canonical\" href=\"https:\/\/www.anderapartners.com\/fr\/le-groupe-acb-detenu-par-andera-expansion-refinance-la-totalite-de-sa-dette\/\" \/>\n<meta property=\"og:locale\" content=\"fr_FR\" \/>\n<meta property=\"og:type\" content=\"article\" \/>\n<meta property=\"og:title\" content=\"Le groupe ACB, d\u00e9tenu par Andera Expansion, refinance la totalit\u00e9 de sa dette - ANDERA PARTNERS\" \/>\n<meta property=\"og:description\" content=\"Andera Partners, acteur de premier plan dans le domaine du capital investissement \u2013 notamment dans les PME via son activit\u00e9 Andera Expansion \u2013 a acquis, aux c\u00f4t\u00e9s de son dirigeant Gilles Rigon, en octobre 2016 le groupe ACB, acteur majeur en Europe de la fabrication de circuits imprim\u00e9s pour environnements s\u00e9v\u00e8res. Tir\u00e9e par la croissance...\" \/>\n<meta property=\"og:url\" content=\"https:\/\/www.anderapartners.com\/fr\/le-groupe-acb-detenu-par-andera-expansion-refinance-la-totalite-de-sa-dette\/\" \/>\n<meta property=\"og:site_name\" content=\"ANDERA PARTNERS\" \/>\n<meta property=\"article:published_time\" content=\"2022-01-10T08:58:34+00:00\" \/>\n<meta name=\"author\" content=\"Nicolas Delsert\" \/>\n<meta name=\"twitter:card\" content=\"summary_large_image\" \/>\n<meta name=\"twitter:label1\" content=\"\u00c9crit par\" \/>\n\t<meta name=\"twitter:data1\" content=\"Nicolas Delsert\" \/>\n\t<meta name=\"twitter:label2\" content=\"Dur\u00e9e de lecture estim\u00e9e\" \/>\n\t<meta name=\"twitter:data2\" content=\"2 minutes\" \/>\n<script type=\"application\/ld+json\" class=\"yoast-schema-graph\">{\"@context\":\"https:\/\/schema.org\",\"@graph\":[{\"@type\":\"Article\",\"@id\":\"https:\/\/www.anderapartners.com\/fr\/le-groupe-acb-detenu-par-andera-expansion-refinance-la-totalite-de-sa-dette\/#article\",\"isPartOf\":{\"@id\":\"https:\/\/www.anderapartners.com\/fr\/le-groupe-acb-detenu-par-andera-expansion-refinance-la-totalite-de-sa-dette\/\"},\"author\":{\"name\":\"Nicolas Delsert\",\"@id\":\"https:\/\/www.anderapartners.com\/fr\/#\/schema\/person\/dce1d4a32f2d85f191a44527e202942c\"},\"headline\":\"Le groupe ACB, d\u00e9tenu par Andera Expansion, refinance la totalit\u00e9 de sa dette\",\"datePublished\":\"2022-01-10T08:58:34+00:00\",\"dateModified\":\"2022-01-10T08:58:34+00:00\",\"mainEntityOfPage\":{\"@id\":\"https:\/\/www.anderapartners.com\/fr\/le-groupe-acb-detenu-par-andera-expansion-refinance-la-totalite-de-sa-dette\/\"},\"wordCount\":359,\"publisher\":{\"@id\":\"https:\/\/www.anderapartners.com\/fr\/#organization\"},\"articleSection\":[\"andera Expansion\/Croissance\"],\"inLanguage\":\"fr-FR\"},{\"@type\":\"WebPage\",\"@id\":\"https:\/\/www.anderapartners.com\/fr\/le-groupe-acb-detenu-par-andera-expansion-refinance-la-totalite-de-sa-dette\/\",\"url\":\"https:\/\/www.anderapartners.com\/fr\/le-groupe-acb-detenu-par-andera-expansion-refinance-la-totalite-de-sa-dette\/\",\"name\":\"Le groupe ACB, d\u00e9tenu par Andera Expansion, refinance la totalit\u00e9 de sa dette - ANDERA PARTNERS\",\"isPartOf\":{\"@id\":\"https:\/\/www.anderapartners.com\/fr\/#website\"},\"datePublished\":\"2022-01-10T08:58:34+00:00\",\"dateModified\":\"2022-01-10T08:58:34+00:00\",\"breadcrumb\":{\"@id\":\"https:\/\/www.anderapartners.com\/fr\/le-groupe-acb-detenu-par-andera-expansion-refinance-la-totalite-de-sa-dette\/#breadcrumb\"},\"inLanguage\":\"fr-FR\",\"potentialAction\":[{\"@type\":\"ReadAction\",\"target\":[\"https:\/\/www.anderapartners.com\/fr\/le-groupe-acb-detenu-par-andera-expansion-refinance-la-totalite-de-sa-dette\/\"]}]},{\"@type\":\"BreadcrumbList\",\"@id\":\"https:\/\/www.anderapartners.com\/fr\/le-groupe-acb-detenu-par-andera-expansion-refinance-la-totalite-de-sa-dette\/#breadcrumb\",\"itemListElement\":[{\"@type\":\"ListItem\",\"position\":1,\"name\":\"Accueil\",\"item\":\"https:\/\/www.anderapartners.com\/fr\/\"},{\"@type\":\"ListItem\",\"position\":2,\"name\":\"Le groupe ACB, d\u00e9tenu par Andera Expansion, refinance la totalit\u00e9 de sa dette\"}]},{\"@type\":\"WebSite\",\"@id\":\"https:\/\/www.anderapartners.com\/fr\/#website\",\"url\":\"https:\/\/www.anderapartners.com\/fr\/\",\"name\":\"ANDERA PARTNERS\",\"description\":\"\",\"publisher\":{\"@id\":\"https:\/\/www.anderapartners.com\/fr\/#organization\"},\"potentialAction\":[{\"@type\":\"SearchAction\",\"target\":{\"@type\":\"EntryPoint\",\"urlTemplate\":\"https:\/\/www.anderapartners.com\/fr\/?s={search_term_string}\"},\"query-input\":{\"@type\":\"PropertyValueSpecification\",\"valueRequired\":true,\"valueName\":\"search_term_string\"}}],\"inLanguage\":\"fr-FR\"},{\"@type\":\"Organization\",\"@id\":\"https:\/\/www.anderapartners.com\/fr\/#organization\",\"name\":\"Andera Partners\",\"url\":\"https:\/\/www.anderapartners.com\/fr\/\",\"logo\":{\"@type\":\"ImageObject\",\"inLanguage\":\"fr-FR\",\"@id\":\"https:\/\/www.anderapartners.com\/fr\/#\/schema\/logo\/image\/\",\"url\":\"https:\/\/www.anderapartners.com\/wp-content\/uploads\/2020\/08\/logo-white.svg\",\"contentUrl\":\"https:\/\/www.anderapartners.com\/wp-content\/uploads\/2020\/08\/logo-white.svg\",\"width\":107,\"height\":44,\"caption\":\"Andera Partners\"},\"image\":{\"@id\":\"https:\/\/www.anderapartners.com\/fr\/#\/schema\/logo\/image\/\"}},{\"@type\":\"Person\",\"@id\":\"https:\/\/www.anderapartners.com\/fr\/#\/schema\/person\/dce1d4a32f2d85f191a44527e202942c\",\"name\":\"Nicolas Delsert\",\"image\":{\"@type\":\"ImageObject\",\"inLanguage\":\"fr-FR\",\"@id\":\"https:\/\/www.anderapartners.com\/fr\/#\/schema\/person\/image\/\",\"url\":\"https:\/\/secure.gravatar.com\/avatar\/fca7b29302058c85588bc6bc3db9bd1e?s=96&d=mm&r=g\",\"contentUrl\":\"https:\/\/secure.gravatar.com\/avatar\/fca7b29302058c85588bc6bc3db9bd1e?s=96&d=mm&r=g\",\"caption\":\"Nicolas Delsert\"}}]}<\/script>\n<!-- \/ Yoast SEO plugin. -->","yoast_head_json":{"title":"Le groupe ACB, d\u00e9tenu par Andera Expansion, refinance la totalit\u00e9 de sa dette - ANDERA PARTNERS","robots":{"index":"index","follow":"follow","max-snippet":"max-snippet:-1","max-image-preview":"max-image-preview:large","max-video-preview":"max-video-preview:-1"},"canonical":"https:\/\/www.anderapartners.com\/fr\/le-groupe-acb-detenu-par-andera-expansion-refinance-la-totalite-de-sa-dette\/","og_locale":"fr_FR","og_type":"article","og_title":"Le groupe ACB, d\u00e9tenu par Andera Expansion, refinance la totalit\u00e9 de sa dette - ANDERA PARTNERS","og_description":"Andera Partners, acteur de premier plan dans le domaine du capital investissement \u2013 notamment dans les PME via son activit\u00e9 Andera Expansion \u2013 a acquis, aux c\u00f4t\u00e9s de son dirigeant Gilles Rigon, en octobre 2016 le groupe ACB, acteur majeur en Europe de la fabrication de circuits imprim\u00e9s pour environnements s\u00e9v\u00e8res. Tir\u00e9e par la croissance...","og_url":"https:\/\/www.anderapartners.com\/fr\/le-groupe-acb-detenu-par-andera-expansion-refinance-la-totalite-de-sa-dette\/","og_site_name":"ANDERA PARTNERS","article_published_time":"2022-01-10T08:58:34+00:00","author":"Nicolas Delsert","twitter_card":"summary_large_image","twitter_misc":{"\u00c9crit par":"Nicolas Delsert","Dur\u00e9e de lecture estim\u00e9e":"2 minutes"},"schema":{"@context":"https:\/\/schema.org","@graph":[{"@type":"Article","@id":"https:\/\/www.anderapartners.com\/fr\/le-groupe-acb-detenu-par-andera-expansion-refinance-la-totalite-de-sa-dette\/#article","isPartOf":{"@id":"https:\/\/www.anderapartners.com\/fr\/le-groupe-acb-detenu-par-andera-expansion-refinance-la-totalite-de-sa-dette\/"},"author":{"name":"Nicolas Delsert","@id":"https:\/\/www.anderapartners.com\/fr\/#\/schema\/person\/dce1d4a32f2d85f191a44527e202942c"},"headline":"Le groupe ACB, d\u00e9tenu par Andera Expansion, refinance la totalit\u00e9 de sa dette","datePublished":"2022-01-10T08:58:34+00:00","dateModified":"2022-01-10T08:58:34+00:00","mainEntityOfPage":{"@id":"https:\/\/www.anderapartners.com\/fr\/le-groupe-acb-detenu-par-andera-expansion-refinance-la-totalite-de-sa-dette\/"},"wordCount":359,"publisher":{"@id":"https:\/\/www.anderapartners.com\/fr\/#organization"},"articleSection":["andera Expansion\/Croissance"],"inLanguage":"fr-FR"},{"@type":"WebPage","@id":"https:\/\/www.anderapartners.com\/fr\/le-groupe-acb-detenu-par-andera-expansion-refinance-la-totalite-de-sa-dette\/","url":"https:\/\/www.anderapartners.com\/fr\/le-groupe-acb-detenu-par-andera-expansion-refinance-la-totalite-de-sa-dette\/","name":"Le groupe ACB, d\u00e9tenu par Andera Expansion, refinance la totalit\u00e9 de sa dette - ANDERA PARTNERS","isPartOf":{"@id":"https:\/\/www.anderapartners.com\/fr\/#website"},"datePublished":"2022-01-10T08:58:34+00:00","dateModified":"2022-01-10T08:58:34+00:00","breadcrumb":{"@id":"https:\/\/www.anderapartners.com\/fr\/le-groupe-acb-detenu-par-andera-expansion-refinance-la-totalite-de-sa-dette\/#breadcrumb"},"inLanguage":"fr-FR","potentialAction":[{"@type":"ReadAction","target":["https:\/\/www.anderapartners.com\/fr\/le-groupe-acb-detenu-par-andera-expansion-refinance-la-totalite-de-sa-dette\/"]}]},{"@type":"BreadcrumbList","@id":"https:\/\/www.anderapartners.com\/fr\/le-groupe-acb-detenu-par-andera-expansion-refinance-la-totalite-de-sa-dette\/#breadcrumb","itemListElement":[{"@type":"ListItem","position":1,"name":"Accueil","item":"https:\/\/www.anderapartners.com\/fr\/"},{"@type":"ListItem","position":2,"name":"Le groupe ACB, d\u00e9tenu par Andera Expansion, refinance la totalit\u00e9 de sa dette"}]},{"@type":"WebSite","@id":"https:\/\/www.anderapartners.com\/fr\/#website","url":"https:\/\/www.anderapartners.com\/fr\/","name":"ANDERA PARTNERS","description":"","publisher":{"@id":"https:\/\/www.anderapartners.com\/fr\/#organization"},"potentialAction":[{"@type":"SearchAction","target":{"@type":"EntryPoint","urlTemplate":"https:\/\/www.anderapartners.com\/fr\/?s={search_term_string}"},"query-input":{"@type":"PropertyValueSpecification","valueRequired":true,"valueName":"search_term_string"}}],"inLanguage":"fr-FR"},{"@type":"Organization","@id":"https:\/\/www.anderapartners.com\/fr\/#organization","name":"Andera Partners","url":"https:\/\/www.anderapartners.com\/fr\/","logo":{"@type":"ImageObject","inLanguage":"fr-FR","@id":"https:\/\/www.anderapartners.com\/fr\/#\/schema\/logo\/image\/","url":"https:\/\/www.anderapartners.com\/wp-content\/uploads\/2020\/08\/logo-white.svg","contentUrl":"https:\/\/www.anderapartners.com\/wp-content\/uploads\/2020\/08\/logo-white.svg","width":107,"height":44,"caption":"Andera Partners"},"image":{"@id":"https:\/\/www.anderapartners.com\/fr\/#\/schema\/logo\/image\/"}},{"@type":"Person","@id":"https:\/\/www.anderapartners.com\/fr\/#\/schema\/person\/dce1d4a32f2d85f191a44527e202942c","name":"Nicolas Delsert","image":{"@type":"ImageObject","inLanguage":"fr-FR","@id":"https:\/\/www.anderapartners.com\/fr\/#\/schema\/person\/image\/","url":"https:\/\/secure.gravatar.com\/avatar\/fca7b29302058c85588bc6bc3db9bd1e?s=96&d=mm&r=g","contentUrl":"https:\/\/secure.gravatar.com\/avatar\/fca7b29302058c85588bc6bc3db9bd1e?s=96&d=mm&r=g","caption":"Nicolas Delsert"}}]}},"_links":{"self":[{"href":"https:\/\/www.anderapartners.com\/fr\/wp-json\/wp\/v2\/posts\/8573","targetHints":{"allow":["GET"]}}],"collection":[{"href":"https:\/\/www.anderapartners.com\/fr\/wp-json\/wp\/v2\/posts"}],"about":[{"href":"https:\/\/www.anderapartners.com\/fr\/wp-json\/wp\/v2\/types\/post"}],"author":[{"embeddable":true,"href":"https:\/\/www.anderapartners.com\/fr\/wp-json\/wp\/v2\/users\/2"}],"replies":[{"embeddable":true,"href":"https:\/\/www.anderapartners.com\/fr\/wp-json\/wp\/v2\/comments?post=8573"}],"version-history":[{"count":0,"href":"https:\/\/www.anderapartners.com\/fr\/wp-json\/wp\/v2\/posts\/8573\/revisions"}],"wp:attachment":[{"href":"https:\/\/www.anderapartners.com\/fr\/wp-json\/wp\/v2\/media?parent=8573"}],"wp:term":[{"taxonomy":"category","embeddable":true,"href":"https:\/\/www.anderapartners.com\/fr\/wp-json\/wp\/v2\/categories?post=8573"}],"curies":[{"name":"wp","href":"https:\/\/api.w.org\/{rel}","templated":true}]}}