{"id":84880,"date":"2023-10-10T11:08:42","date_gmt":"2023-10-10T09:08:42","guid":{"rendered":"https:\/\/www.anderapartners.com\/?p=84880"},"modified":"2023-10-10T11:37:19","modified_gmt":"2023-10-10T09:37:19","slug":"elan-languages-realise-lacquisition-de-la-societe-neerlandaise-avb-vertalingen","status":"publish","type":"post","link":"https:\/\/www.anderapartners.com\/fr\/elan-languages-realise-lacquisition-de-la-societe-neerlandaise-avb-vertalingen\/","title":{"rendered":"ELAN Languages r\u00e9alise l\u2019acquisition de la soci\u00e9t\u00e9 n\u00e9erlandaise AVB Vertalingen"},"content":{"rendered":"<p>ElaN Languages, qui r\u00e9alise un chiffre d\u2019affaires d\u2019environ 30 M\u20ac suite \u00e0 l\u2019acquisition en juin 2023 de Lingua World en Allemagne, b\u00e9n\u00e9ficie d\u2019une solide r\u00e9putation sur la qualit\u00e9 de services aupr\u00e8s d\u2019une client\u00e8le tr\u00e8s exigeante comme le gouvernement national et les gouvernements r\u00e9gionaux belges et allemands, la Commission Europ\u00e9enne et de nombreuses entreprises priv\u00e9es europ\u00e9ennes de toutes tailles pour lesquelles la traduction est un enjeu critique.<\/p>\n<p>Les services de traduction constituent l\u2019offre majeure du groupe propos\u00e9e dans un large \u00e9ventail de domaines (financier, juridique, m\u00e9dical, commercial, administratif, etc.) pour des documents vari\u00e9s (sites web, documents juridiques, rapports annuels, communications techniques, commerciales, etc.) s\u2019appuyant sur un savoir-faire unique alliant l\u2019intervention humaine et l\u2019int\u00e9gration des technologies les plus pointues (Intelligence Artificielle \/ <em>Natural Language Processing<\/em>) sur une plateforme technologique propri\u00e9taire.<\/p>\n<p>Fond\u00e9 il y a plus de 40 ans, AVB Vertalingen, dont le chiffre d\u2019affaires atteint plus de 16 M\u20ac, est l&rsquo;un des plus importants fournisseurs de services de traduction et d&rsquo;interpr\u00e9tation aux Pays-Bas proposant ses services \u00e0 des entit\u00e9s publiques et priv\u00e9es.<\/p>\n<p><strong>Robrecht Beli\u00ebn et Geert De Blende, co-CEO of ElaN Group,\u00a0commentent :<\/strong> <em>\u00ab\u00a0Nous sommes tr\u00e8s enthousiastes \u00e0 l\u2019id\u00e9e d\u2019accueillir AVB au sein du groupe ElaN, et ainsi renforcer notre pr\u00e9sence aux Pays-Bas, un march\u00e9 particuli\u00e8rement attractif pour nous, et sur lequel nous b\u00e9n\u00e9ficierons d\u00e9sormais d\u2019une position de leader. ElaN et AVB sont tr\u00e8s compl\u00e9mentaires et nous sommes heureux qu\u2019Isabella Van Rooij et Raymond de Groot aient souhait\u00e9 poursuivre l\u2019aventure avec nous pour tirer parti des nombreuses synergies commerciales et op\u00e9rationnelles \u00e0 venir.\u00bb <\/em><\/p>\n<p><strong>Isabella Van Rooij et Raymond de Groot, ex-CEO et CEO d\u2019AVB Vertalingen, indiquent :<\/strong> <em>\u00ab\u00a0AVB est un acteur important du march\u00e9 de la traduction et de l\u2019interpr\u00e9tariat aux Pays-Bas qui connait un rythme de croissance \u00e9lev\u00e9 depuis plusieurs ann\u00e9es. ElaN est une entreprise tr\u00e8s dynamique dont la qualit\u00e9 et la culture sont proches de celles que ma famille et moi avons construit chez AVB depuis 40 ans. C\u2019est pour moi le partenaire id\u00e9al.\u00a0\u00bb<\/em><\/p>\n<p><strong>Olivier Le Gall et Mayeul Caron, Associ\u00e9s, et Nicolas Debonneuil, Directeur de Participations d\u2019Andera Partners, ajoutent <\/strong>: <em>\u00ab L\u2019acquisition d\u2019AVB est strat\u00e9gique pour ElaN car elle nous permet de renforcer significativement notre part de march\u00e9 au Benelux. Au moment de notre investissement dans ElaN, nous avions pour objectif de doubler de taille en 5 ans : les acquisitions de Lingua World en juin dernier et d\u2019AVB nous permettent d\u2019atteindre cet objectif d\u00e8s \u00e0 pr\u00e9sent. Nous comptons<br \/>\npoursuivre cette strat\u00e9gie \u00e0 l\u2019avenir. \u00bb<\/em><\/p>\n<p>Actionnaire majoritaire de ElaN Languages depuis avril 2022, Andera Partners soutient l\u2019\u00e9quipe de management emmen\u00e9e par Robrecht Beli\u00ebn et Geert De Blende dans l\u2019acc\u00e9l\u00e9ration du d\u00e9veloppement du groupe. Fort d\u2019une acquisition en Allemagne (Lingua-World en juin 2023) et de trois acquisitions aux Pays-Bas et en Pologne (PassworD en 2020, Translavic en 2021 et AVB en 2023), ElaN g\u00e9n\u00e8re plus de 48 M\u20ac de chiffre d\u2019affaires, compte 170 employ\u00e9s r\u00e9partis sur 5 bureaux, sert environ 2 500 clients, et poss\u00e8de une dynamique.<\/p>\n<p>&nbsp;<\/p>\n<p>&nbsp;<\/p>\n","protected":false},"excerpt":{"rendered":"<p>ElaN Languages, qui r\u00e9alise un chiffre d\u2019affaires d\u2019environ 30 M\u20ac suite \u00e0 l\u2019acquisition en juin 2023 de Lingua World en Allemagne, b\u00e9n\u00e9ficie d\u2019une solide r\u00e9putation sur la qualit\u00e9 de services aupr\u00e8s d\u2019une client\u00e8le tr\u00e8s exigeante comme le gouvernement national et les gouvernements r\u00e9gionaux belges et allemands, la Commission Europ\u00e9enne et de nombreuses entreprises priv\u00e9es europ\u00e9ennes&#8230;<\/p>\n","protected":false},"author":2,"featured_media":0,"comment_status":"closed","ping_status":"open","sticky":false,"template":"","format":"standard","meta":[],"categories":[81],"class_list":["post-84880","post","type-post","status-publish","format-standard","hentry","category-cabestan-capital"],"acf":[],"yoast_head":"<!-- This site is optimized with the Yoast SEO plugin v24.1 - https:\/\/yoast.com\/wordpress\/plugins\/seo\/ -->\n<title>ELAN Languages r\u00e9alise l\u2019acquisition de la soci\u00e9t\u00e9 n\u00e9erlandaise AVB Vertalingen - ANDERA PARTNERS<\/title>\n<meta name=\"robots\" content=\"index, follow, max-snippet:-1, max-image-preview:large, max-video-preview:-1\" \/>\n<link rel=\"canonical\" href=\"https:\/\/www.anderapartners.com\/fr\/elan-languages-realise-lacquisition-de-la-societe-neerlandaise-avb-vertalingen\/\" \/>\n<meta property=\"og:locale\" content=\"fr_FR\" \/>\n<meta property=\"og:type\" content=\"article\" \/>\n<meta property=\"og:title\" content=\"ELAN Languages r\u00e9alise l\u2019acquisition de la soci\u00e9t\u00e9 n\u00e9erlandaise AVB Vertalingen - ANDERA PARTNERS\" \/>\n<meta property=\"og:description\" content=\"ElaN Languages, qui r\u00e9alise un chiffre d\u2019affaires d\u2019environ 30 M\u20ac suite \u00e0 l\u2019acquisition en juin 2023 de Lingua World en Allemagne, b\u00e9n\u00e9ficie d\u2019une solide r\u00e9putation sur la qualit\u00e9 de services aupr\u00e8s d\u2019une client\u00e8le tr\u00e8s exigeante comme le gouvernement national et les gouvernements r\u00e9gionaux belges et allemands, la Commission Europ\u00e9enne et de nombreuses entreprises priv\u00e9es europ\u00e9ennes...\" \/>\n<meta property=\"og:url\" content=\"https:\/\/www.anderapartners.com\/fr\/elan-languages-realise-lacquisition-de-la-societe-neerlandaise-avb-vertalingen\/\" \/>\n<meta property=\"og:site_name\" content=\"ANDERA PARTNERS\" \/>\n<meta property=\"article:published_time\" content=\"2023-10-10T09:08:42+00:00\" \/>\n<meta property=\"article:modified_time\" content=\"2023-10-10T09:37:19+00:00\" \/>\n<meta name=\"author\" content=\"Nicolas Delsert\" \/>\n<meta name=\"twitter:card\" content=\"summary_large_image\" \/>\n<meta name=\"twitter:label1\" content=\"\u00c9crit par\" \/>\n\t<meta name=\"twitter:data1\" content=\"Nicolas Delsert\" \/>\n\t<meta name=\"twitter:label2\" content=\"Dur\u00e9e de lecture estim\u00e9e\" \/>\n\t<meta name=\"twitter:data2\" content=\"3 minutes\" \/>\n<script type=\"application\/ld+json\" class=\"yoast-schema-graph\">{\"@context\":\"https:\/\/schema.org\",\"@graph\":[{\"@type\":\"Article\",\"@id\":\"https:\/\/www.anderapartners.com\/fr\/elan-languages-realise-lacquisition-de-la-societe-neerlandaise-avb-vertalingen\/#article\",\"isPartOf\":{\"@id\":\"https:\/\/www.anderapartners.com\/fr\/elan-languages-realise-lacquisition-de-la-societe-neerlandaise-avb-vertalingen\/\"},\"author\":{\"name\":\"Nicolas Delsert\",\"@id\":\"https:\/\/www.anderapartners.com\/fr\/#\/schema\/person\/dce1d4a32f2d85f191a44527e202942c\"},\"headline\":\"ELAN Languages r\u00e9alise l\u2019acquisition de la soci\u00e9t\u00e9 n\u00e9erlandaise AVB Vertalingen\",\"datePublished\":\"2023-10-10T09:08:42+00:00\",\"dateModified\":\"2023-10-10T09:37:19+00:00\",\"mainEntityOfPage\":{\"@id\":\"https:\/\/www.anderapartners.com\/fr\/elan-languages-realise-lacquisition-de-la-societe-neerlandaise-avb-vertalingen\/\"},\"wordCount\":554,\"publisher\":{\"@id\":\"https:\/\/www.anderapartners.com\/fr\/#organization\"},\"articleSection\":[\"andera Expansion\/Croissance\"],\"inLanguage\":\"fr-FR\"},{\"@type\":\"WebPage\",\"@id\":\"https:\/\/www.anderapartners.com\/fr\/elan-languages-realise-lacquisition-de-la-societe-neerlandaise-avb-vertalingen\/\",\"url\":\"https:\/\/www.anderapartners.com\/fr\/elan-languages-realise-lacquisition-de-la-societe-neerlandaise-avb-vertalingen\/\",\"name\":\"ELAN Languages r\u00e9alise l\u2019acquisition de la soci\u00e9t\u00e9 n\u00e9erlandaise AVB Vertalingen - ANDERA PARTNERS\",\"isPartOf\":{\"@id\":\"https:\/\/www.anderapartners.com\/fr\/#website\"},\"datePublished\":\"2023-10-10T09:08:42+00:00\",\"dateModified\":\"2023-10-10T09:37:19+00:00\",\"breadcrumb\":{\"@id\":\"https:\/\/www.anderapartners.com\/fr\/elan-languages-realise-lacquisition-de-la-societe-neerlandaise-avb-vertalingen\/#breadcrumb\"},\"inLanguage\":\"fr-FR\",\"potentialAction\":[{\"@type\":\"ReadAction\",\"target\":[\"https:\/\/www.anderapartners.com\/fr\/elan-languages-realise-lacquisition-de-la-societe-neerlandaise-avb-vertalingen\/\"]}]},{\"@type\":\"BreadcrumbList\",\"@id\":\"https:\/\/www.anderapartners.com\/fr\/elan-languages-realise-lacquisition-de-la-societe-neerlandaise-avb-vertalingen\/#breadcrumb\",\"itemListElement\":[{\"@type\":\"ListItem\",\"position\":1,\"name\":\"Accueil\",\"item\":\"https:\/\/www.anderapartners.com\/fr\/\"},{\"@type\":\"ListItem\",\"position\":2,\"name\":\"ELAN Languages r\u00e9alise l\u2019acquisition de la soci\u00e9t\u00e9 n\u00e9erlandaise AVB Vertalingen\"}]},{\"@type\":\"WebSite\",\"@id\":\"https:\/\/www.anderapartners.com\/fr\/#website\",\"url\":\"https:\/\/www.anderapartners.com\/fr\/\",\"name\":\"ANDERA PARTNERS\",\"description\":\"\",\"publisher\":{\"@id\":\"https:\/\/www.anderapartners.com\/fr\/#organization\"},\"potentialAction\":[{\"@type\":\"SearchAction\",\"target\":{\"@type\":\"EntryPoint\",\"urlTemplate\":\"https:\/\/www.anderapartners.com\/fr\/?s={search_term_string}\"},\"query-input\":{\"@type\":\"PropertyValueSpecification\",\"valueRequired\":true,\"valueName\":\"search_term_string\"}}],\"inLanguage\":\"fr-FR\"},{\"@type\":\"Organization\",\"@id\":\"https:\/\/www.anderapartners.com\/fr\/#organization\",\"name\":\"Andera Partners\",\"url\":\"https:\/\/www.anderapartners.com\/fr\/\",\"logo\":{\"@type\":\"ImageObject\",\"inLanguage\":\"fr-FR\",\"@id\":\"https:\/\/www.anderapartners.com\/fr\/#\/schema\/logo\/image\/\",\"url\":\"https:\/\/www.anderapartners.com\/wp-content\/uploads\/2020\/08\/logo-white.svg\",\"contentUrl\":\"https:\/\/www.anderapartners.com\/wp-content\/uploads\/2020\/08\/logo-white.svg\",\"width\":107,\"height\":44,\"caption\":\"Andera Partners\"},\"image\":{\"@id\":\"https:\/\/www.anderapartners.com\/fr\/#\/schema\/logo\/image\/\"}},{\"@type\":\"Person\",\"@id\":\"https:\/\/www.anderapartners.com\/fr\/#\/schema\/person\/dce1d4a32f2d85f191a44527e202942c\",\"name\":\"Nicolas Delsert\",\"image\":{\"@type\":\"ImageObject\",\"inLanguage\":\"fr-FR\",\"@id\":\"https:\/\/www.anderapartners.com\/fr\/#\/schema\/person\/image\/\",\"url\":\"https:\/\/secure.gravatar.com\/avatar\/fca7b29302058c85588bc6bc3db9bd1e?s=96&d=mm&r=g\",\"contentUrl\":\"https:\/\/secure.gravatar.com\/avatar\/fca7b29302058c85588bc6bc3db9bd1e?s=96&d=mm&r=g\",\"caption\":\"Nicolas Delsert\"}}]}<\/script>\n<!-- \/ Yoast SEO plugin. -->","yoast_head_json":{"title":"ELAN Languages r\u00e9alise l\u2019acquisition de la soci\u00e9t\u00e9 n\u00e9erlandaise AVB Vertalingen - ANDERA PARTNERS","robots":{"index":"index","follow":"follow","max-snippet":"max-snippet:-1","max-image-preview":"max-image-preview:large","max-video-preview":"max-video-preview:-1"},"canonical":"https:\/\/www.anderapartners.com\/fr\/elan-languages-realise-lacquisition-de-la-societe-neerlandaise-avb-vertalingen\/","og_locale":"fr_FR","og_type":"article","og_title":"ELAN Languages r\u00e9alise l\u2019acquisition de la soci\u00e9t\u00e9 n\u00e9erlandaise AVB Vertalingen - ANDERA PARTNERS","og_description":"ElaN Languages, qui r\u00e9alise un chiffre d\u2019affaires d\u2019environ 30 M\u20ac suite \u00e0 l\u2019acquisition en juin 2023 de Lingua World en Allemagne, b\u00e9n\u00e9ficie d\u2019une solide r\u00e9putation sur la qualit\u00e9 de services aupr\u00e8s d\u2019une client\u00e8le tr\u00e8s exigeante comme le gouvernement national et les gouvernements r\u00e9gionaux belges et allemands, la Commission Europ\u00e9enne et de nombreuses entreprises priv\u00e9es europ\u00e9ennes...","og_url":"https:\/\/www.anderapartners.com\/fr\/elan-languages-realise-lacquisition-de-la-societe-neerlandaise-avb-vertalingen\/","og_site_name":"ANDERA PARTNERS","article_published_time":"2023-10-10T09:08:42+00:00","article_modified_time":"2023-10-10T09:37:19+00:00","author":"Nicolas Delsert","twitter_card":"summary_large_image","twitter_misc":{"\u00c9crit par":"Nicolas Delsert","Dur\u00e9e de lecture estim\u00e9e":"3 minutes"},"schema":{"@context":"https:\/\/schema.org","@graph":[{"@type":"Article","@id":"https:\/\/www.anderapartners.com\/fr\/elan-languages-realise-lacquisition-de-la-societe-neerlandaise-avb-vertalingen\/#article","isPartOf":{"@id":"https:\/\/www.anderapartners.com\/fr\/elan-languages-realise-lacquisition-de-la-societe-neerlandaise-avb-vertalingen\/"},"author":{"name":"Nicolas Delsert","@id":"https:\/\/www.anderapartners.com\/fr\/#\/schema\/person\/dce1d4a32f2d85f191a44527e202942c"},"headline":"ELAN Languages r\u00e9alise l\u2019acquisition de la soci\u00e9t\u00e9 n\u00e9erlandaise AVB Vertalingen","datePublished":"2023-10-10T09:08:42+00:00","dateModified":"2023-10-10T09:37:19+00:00","mainEntityOfPage":{"@id":"https:\/\/www.anderapartners.com\/fr\/elan-languages-realise-lacquisition-de-la-societe-neerlandaise-avb-vertalingen\/"},"wordCount":554,"publisher":{"@id":"https:\/\/www.anderapartners.com\/fr\/#organization"},"articleSection":["andera Expansion\/Croissance"],"inLanguage":"fr-FR"},{"@type":"WebPage","@id":"https:\/\/www.anderapartners.com\/fr\/elan-languages-realise-lacquisition-de-la-societe-neerlandaise-avb-vertalingen\/","url":"https:\/\/www.anderapartners.com\/fr\/elan-languages-realise-lacquisition-de-la-societe-neerlandaise-avb-vertalingen\/","name":"ELAN Languages r\u00e9alise l\u2019acquisition de la soci\u00e9t\u00e9 n\u00e9erlandaise AVB Vertalingen - ANDERA PARTNERS","isPartOf":{"@id":"https:\/\/www.anderapartners.com\/fr\/#website"},"datePublished":"2023-10-10T09:08:42+00:00","dateModified":"2023-10-10T09:37:19+00:00","breadcrumb":{"@id":"https:\/\/www.anderapartners.com\/fr\/elan-languages-realise-lacquisition-de-la-societe-neerlandaise-avb-vertalingen\/#breadcrumb"},"inLanguage":"fr-FR","potentialAction":[{"@type":"ReadAction","target":["https:\/\/www.anderapartners.com\/fr\/elan-languages-realise-lacquisition-de-la-societe-neerlandaise-avb-vertalingen\/"]}]},{"@type":"BreadcrumbList","@id":"https:\/\/www.anderapartners.com\/fr\/elan-languages-realise-lacquisition-de-la-societe-neerlandaise-avb-vertalingen\/#breadcrumb","itemListElement":[{"@type":"ListItem","position":1,"name":"Accueil","item":"https:\/\/www.anderapartners.com\/fr\/"},{"@type":"ListItem","position":2,"name":"ELAN Languages r\u00e9alise l\u2019acquisition de la soci\u00e9t\u00e9 n\u00e9erlandaise AVB Vertalingen"}]},{"@type":"WebSite","@id":"https:\/\/www.anderapartners.com\/fr\/#website","url":"https:\/\/www.anderapartners.com\/fr\/","name":"ANDERA PARTNERS","description":"","publisher":{"@id":"https:\/\/www.anderapartners.com\/fr\/#organization"},"potentialAction":[{"@type":"SearchAction","target":{"@type":"EntryPoint","urlTemplate":"https:\/\/www.anderapartners.com\/fr\/?s={search_term_string}"},"query-input":{"@type":"PropertyValueSpecification","valueRequired":true,"valueName":"search_term_string"}}],"inLanguage":"fr-FR"},{"@type":"Organization","@id":"https:\/\/www.anderapartners.com\/fr\/#organization","name":"Andera Partners","url":"https:\/\/www.anderapartners.com\/fr\/","logo":{"@type":"ImageObject","inLanguage":"fr-FR","@id":"https:\/\/www.anderapartners.com\/fr\/#\/schema\/logo\/image\/","url":"https:\/\/www.anderapartners.com\/wp-content\/uploads\/2020\/08\/logo-white.svg","contentUrl":"https:\/\/www.anderapartners.com\/wp-content\/uploads\/2020\/08\/logo-white.svg","width":107,"height":44,"caption":"Andera Partners"},"image":{"@id":"https:\/\/www.anderapartners.com\/fr\/#\/schema\/logo\/image\/"}},{"@type":"Person","@id":"https:\/\/www.anderapartners.com\/fr\/#\/schema\/person\/dce1d4a32f2d85f191a44527e202942c","name":"Nicolas Delsert","image":{"@type":"ImageObject","inLanguage":"fr-FR","@id":"https:\/\/www.anderapartners.com\/fr\/#\/schema\/person\/image\/","url":"https:\/\/secure.gravatar.com\/avatar\/fca7b29302058c85588bc6bc3db9bd1e?s=96&d=mm&r=g","contentUrl":"https:\/\/secure.gravatar.com\/avatar\/fca7b29302058c85588bc6bc3db9bd1e?s=96&d=mm&r=g","caption":"Nicolas Delsert"}}]}},"_links":{"self":[{"href":"https:\/\/www.anderapartners.com\/fr\/wp-json\/wp\/v2\/posts\/84880","targetHints":{"allow":["GET"]}}],"collection":[{"href":"https:\/\/www.anderapartners.com\/fr\/wp-json\/wp\/v2\/posts"}],"about":[{"href":"https:\/\/www.anderapartners.com\/fr\/wp-json\/wp\/v2\/types\/post"}],"author":[{"embeddable":true,"href":"https:\/\/www.anderapartners.com\/fr\/wp-json\/wp\/v2\/users\/2"}],"replies":[{"embeddable":true,"href":"https:\/\/www.anderapartners.com\/fr\/wp-json\/wp\/v2\/comments?post=84880"}],"version-history":[{"count":0,"href":"https:\/\/www.anderapartners.com\/fr\/wp-json\/wp\/v2\/posts\/84880\/revisions"}],"wp:attachment":[{"href":"https:\/\/www.anderapartners.com\/fr\/wp-json\/wp\/v2\/media?parent=84880"}],"wp:term":[{"taxonomy":"category","embeddable":true,"href":"https:\/\/www.anderapartners.com\/fr\/wp-json\/wp\/v2\/categories?post=84880"}],"curies":[{"name":"wp","href":"https:\/\/api.w.org\/{rel}","templated":true}]}}