{"id":8371,"date":"2021-11-08T09:26:55","date_gmt":"2021-11-08T08:26:55","guid":{"rendered":"https:\/\/www.anderapartners.com\/?p=8371"},"modified":"2021-11-08T09:26:55","modified_gmt":"2021-11-08T08:26:55","slug":"immo-city-entame-une-nouvelle-phase-de-croissance-avec-lentree-a-son-capital-dandera-partners","status":"publish","type":"post","link":"https:\/\/www.anderapartners.com\/fr\/immo-city-entame-une-nouvelle-phase-de-croissance-avec-lentree-a-son-capital-dandera-partners\/","title":{"rendered":"Immo City entame une nouvelle phase de croissance avec l\u2019entr\u00e9e \u00e0 son capital d\u2019Andera Partners"},"content":{"rendered":"<p><strong>Andera Partners<\/strong>, acteur de premier plan dans le domaine du capital-investissement \u2013 notamment dans les PME via son activit\u00e9 <strong>Andera Expansion<\/strong> \u2013 devient l\u2019actionnaire minoritaire de r\u00e9f\u00e9rence du groupe Immo City aux c\u00f4t\u00e9s de son \u00e9quipe de management, afin de l\u2019accompagner dans sa strat\u00e9gie de d\u00e9veloppement et sa volont\u00e9 de participer \u00e0 la consolidation du march\u00e9 de l\u2019administration de biens immobiliers en Ile-de-France.<\/p>\n<p>Fond\u00e9 par David Giuly en 1999, Immo City est devenu en quelques ann\u00e9es un des leaders ind\u00e9pendants de l\u2019administration de biens immobiliers en Ile-de-France, op\u00e9rant un r\u00e9seau de 9 agences et employant plus de 110 collaborateurs. Le groupe propose \u00e0 sa client\u00e8le des prestations de syndic de copropri\u00e9t\u00e9, de gestion locative et de transaction immobili\u00e8re, principalement sur des biens r\u00e9sidentiels.<\/p>\n<p>Bas\u00e9 historiquement \u00e0 Paris, Immo City couvre d\u00e9sormais la petite couronne avec des implantations \u00e0 Montreuil, Romainville, Montrouge, Choisy-le-Roi et Thiais. Le d\u00e9veloppement du groupe repose notamment sur un engagement qualit\u00e9 envers ses clients ainsi qu\u2019une politique de croissance externe cibl\u00e9e et ambitieuse avec 4 op\u00e9rations sur les 4 derni\u00e8res ann\u00e9es\u00a0: SGI en 2017, Coulon et Mauduit en 2019, et Gerloge en 2020.<\/p>\n<p>La gouvernance d\u2019Immo City ne change pas, David Giuly en reste Pr\u00e9sident, entour\u00e9 de Robin Soulier et Patrick Frigaux, respectivement Directeur Associ\u00e9 et Directeur G\u00e9n\u00e9ral.<\/p>\n<p>L\u2019entr\u00e9e d\u2019Andera Partners au capital d\u2019Immo City a \u00e9t\u00e9 r\u00e9alis\u00e9e sans effet de levier de mani\u00e8re \u00e0 laisser au groupe toutes ses marges de man\u0153uvre pour acc\u00e9l\u00e9rer son d\u00e9veloppement ax\u00e9 notamment autour de la poursuite de la croissance externe.<\/p>\n<p><strong>David Giuly, Pr\u00e9sident d\u2019Immo City <\/strong>: <em>\u00ab\u00a0L\u2019\u00e9quipe des fondateurs, soud\u00e9e depuis plus de 20 ans, se r\u00e9jouit de l\u2019entr\u00e9e au capital d\u2019Andera Partners. Sur un march\u00e9 encore tr\u00e8s fragment\u00e9, cette op\u00e9ration nous donne l\u2019opportunit\u00e9 de franchir une nouvelle \u00e9tape : d\u00e9velopper de nouvelles offres pour nos clients et nous positionner en tant que consolidateur du march\u00e9 en Ile-de-France. Nous sommes heureux d\u2019accueillir notre nouveau partenaire qui partage, comme l\u2019ensemble de nos collaborateurs, des valeurs d\u2019excellence et de professionnalisme. \u00bb<\/em><\/p>\n<p><strong>\u00a0<\/strong><strong>David Robin, Associ\u00e9 d\u2019Andera Partners<\/strong>\u00a0: <em>\u00ab\u00a0David Giuly et son \u00e9quipe de management ont r\u00e9ussi en quelques ann\u00e9es \u00e0 faire d\u2019Immo City un acteur de premier plan de l\u2019administration de biens immobiliers en Ile-de-France. Leur positionnement pertinent sur un march\u00e9 r\u00e9silient et encore atomis\u00e9, ainsi que leur plan de d\u00e9veloppement tr\u00e8s ambitieux bas\u00e9 sur la poursuite de la consolidation du march\u00e9, nous ont convaincus de les accompagner dans cette nouvelle phase de d\u00e9veloppement du groupe.\u00a0\u00bb<\/em><\/p>\n<p>&nbsp;<\/p>\n<p><strong>\u00a0<\/strong><strong>***<\/strong><\/p>\n<p><strong>\u00a0<\/strong><strong>Intervenants<\/strong><\/p>\n<p><strong>\u00a0<\/strong><strong>Andera Partners<\/strong><\/p>\n<ul>\n<li>David ROBIN, L\u00e9opold BRICHARD, Victor CABAUD<\/li>\n<li><strong>Conseils<\/strong> :\n<ul>\n<li>Due diligence strat\u00e9gique : CMI (Nicolas KANDEL, Simon COLBOC, Nicola VIRGATA)<\/li>\n<li>Due diligence financi\u00e8re : Oderis (Julien PASSERAT, Paul LOCATELLI)<\/li>\n<li>Avocats conseil et due diligence juridique, fiscale et sociale : McDermott Will &amp; Emery (Gr\u00e9goire ANDRIEUX, Antoine RICOL, Tess SOUQUET BASIEGE, C\u00f4me DE SAINT-VINCENT) et Fidal (Anne FRECHETTE, Lorraine RAIMBERT-NUSSE, Mika\u00ebl MAHEUST)<\/li>\n<li>Commissaire \u00e9valuateur : Aurys (Ghislain D\u2019OUINCE)<\/li>\n<\/ul>\n<\/li>\n<\/ul>\n<p><strong>Management<\/strong><\/p>\n<ul>\n<li>David GIULY, Robin SOULIER, Patrick FRIGAUX<\/li>\n<li><strong>Conseils\u00a0:<\/strong>\n<ul>\n<li>Conseil M&amp;A : Financi\u00e8re de Courcelles (Matthieu DE BAYNAST, Audrey GENNEQUIN, Yanis ALAOUI)<\/li>\n<li>Avocats conseil : Jeausserand Audouard (David LAMBERT, Jean-Baptiste AFCHAIN)<\/li>\n<\/ul>\n<\/li>\n<\/ul>\n","protected":false},"excerpt":{"rendered":"<p>Andera Partners, acteur de premier plan dans le domaine du capital-investissement \u2013 notamment dans les PME via son activit\u00e9 Andera Expansion \u2013 devient l\u2019actionnaire minoritaire de r\u00e9f\u00e9rence du groupe Immo City aux c\u00f4t\u00e9s de son \u00e9quipe de management, afin de l\u2019accompagner dans sa strat\u00e9gie de d\u00e9veloppement et sa volont\u00e9 de participer \u00e0 la consolidation du&#8230;<\/p>\n","protected":false},"author":2,"featured_media":0,"comment_status":"closed","ping_status":"open","sticky":false,"template":"","format":"standard","meta":[],"categories":[81],"class_list":["post-8371","post","type-post","status-publish","format-standard","hentry","category-cabestan-capital"],"acf":[],"yoast_head":"<!-- This site is optimized with the Yoast SEO plugin v24.1 - https:\/\/yoast.com\/wordpress\/plugins\/seo\/ -->\n<title>Immo City entame une nouvelle phase de croissance avec l\u2019entr\u00e9e \u00e0 son capital d\u2019Andera Partners - ANDERA PARTNERS<\/title>\n<meta name=\"robots\" content=\"index, follow, max-snippet:-1, max-image-preview:large, max-video-preview:-1\" \/>\n<link rel=\"canonical\" href=\"https:\/\/www.anderapartners.com\/fr\/immo-city-entame-une-nouvelle-phase-de-croissance-avec-lentree-a-son-capital-dandera-partners\/\" \/>\n<meta property=\"og:locale\" content=\"fr_FR\" \/>\n<meta property=\"og:type\" content=\"article\" \/>\n<meta property=\"og:title\" content=\"Immo City entame une nouvelle phase de croissance avec l\u2019entr\u00e9e \u00e0 son capital d\u2019Andera Partners - ANDERA PARTNERS\" \/>\n<meta property=\"og:description\" content=\"Andera Partners, acteur de premier plan dans le domaine du capital-investissement \u2013 notamment dans les PME via son activit\u00e9 Andera Expansion \u2013 devient l\u2019actionnaire minoritaire de r\u00e9f\u00e9rence du groupe Immo City aux c\u00f4t\u00e9s de son \u00e9quipe de management, afin de l\u2019accompagner dans sa strat\u00e9gie de d\u00e9veloppement et sa volont\u00e9 de participer \u00e0 la consolidation du...\" \/>\n<meta property=\"og:url\" content=\"https:\/\/www.anderapartners.com\/fr\/immo-city-entame-une-nouvelle-phase-de-croissance-avec-lentree-a-son-capital-dandera-partners\/\" \/>\n<meta property=\"og:site_name\" content=\"ANDERA PARTNERS\" \/>\n<meta property=\"article:published_time\" content=\"2021-11-08T08:26:55+00:00\" \/>\n<meta name=\"author\" content=\"Nicolas Delsert\" \/>\n<meta name=\"twitter:card\" content=\"summary_large_image\" \/>\n<meta name=\"twitter:label1\" content=\"\u00c9crit par\" \/>\n\t<meta name=\"twitter:data1\" content=\"Nicolas Delsert\" \/>\n\t<meta name=\"twitter:label2\" content=\"Dur\u00e9e de lecture estim\u00e9e\" \/>\n\t<meta name=\"twitter:data2\" content=\"3 minutes\" \/>\n<script type=\"application\/ld+json\" class=\"yoast-schema-graph\">{\"@context\":\"https:\/\/schema.org\",\"@graph\":[{\"@type\":\"Article\",\"@id\":\"https:\/\/www.anderapartners.com\/fr\/immo-city-entame-une-nouvelle-phase-de-croissance-avec-lentree-a-son-capital-dandera-partners\/#article\",\"isPartOf\":{\"@id\":\"https:\/\/www.anderapartners.com\/fr\/immo-city-entame-une-nouvelle-phase-de-croissance-avec-lentree-a-son-capital-dandera-partners\/\"},\"author\":{\"name\":\"Nicolas Delsert\",\"@id\":\"https:\/\/www.anderapartners.com\/fr\/#\/schema\/person\/dce1d4a32f2d85f191a44527e202942c\"},\"headline\":\"Immo City entame une nouvelle phase de croissance avec l\u2019entr\u00e9e \u00e0 son capital d\u2019Andera Partners\",\"datePublished\":\"2021-11-08T08:26:55+00:00\",\"dateModified\":\"2021-11-08T08:26:55+00:00\",\"mainEntityOfPage\":{\"@id\":\"https:\/\/www.anderapartners.com\/fr\/immo-city-entame-une-nouvelle-phase-de-croissance-avec-lentree-a-son-capital-dandera-partners\/\"},\"wordCount\":567,\"publisher\":{\"@id\":\"https:\/\/www.anderapartners.com\/fr\/#organization\"},\"articleSection\":[\"andera Expansion\/Croissance\"],\"inLanguage\":\"fr-FR\"},{\"@type\":\"WebPage\",\"@id\":\"https:\/\/www.anderapartners.com\/fr\/immo-city-entame-une-nouvelle-phase-de-croissance-avec-lentree-a-son-capital-dandera-partners\/\",\"url\":\"https:\/\/www.anderapartners.com\/fr\/immo-city-entame-une-nouvelle-phase-de-croissance-avec-lentree-a-son-capital-dandera-partners\/\",\"name\":\"Immo City entame une nouvelle phase de croissance avec l\u2019entr\u00e9e \u00e0 son capital d\u2019Andera Partners - ANDERA PARTNERS\",\"isPartOf\":{\"@id\":\"https:\/\/www.anderapartners.com\/fr\/#website\"},\"datePublished\":\"2021-11-08T08:26:55+00:00\",\"dateModified\":\"2021-11-08T08:26:55+00:00\",\"breadcrumb\":{\"@id\":\"https:\/\/www.anderapartners.com\/fr\/immo-city-entame-une-nouvelle-phase-de-croissance-avec-lentree-a-son-capital-dandera-partners\/#breadcrumb\"},\"inLanguage\":\"fr-FR\",\"potentialAction\":[{\"@type\":\"ReadAction\",\"target\":[\"https:\/\/www.anderapartners.com\/fr\/immo-city-entame-une-nouvelle-phase-de-croissance-avec-lentree-a-son-capital-dandera-partners\/\"]}]},{\"@type\":\"BreadcrumbList\",\"@id\":\"https:\/\/www.anderapartners.com\/fr\/immo-city-entame-une-nouvelle-phase-de-croissance-avec-lentree-a-son-capital-dandera-partners\/#breadcrumb\",\"itemListElement\":[{\"@type\":\"ListItem\",\"position\":1,\"name\":\"Accueil\",\"item\":\"https:\/\/www.anderapartners.com\/fr\/\"},{\"@type\":\"ListItem\",\"position\":2,\"name\":\"Immo City entame une nouvelle phase de croissance avec l\u2019entr\u00e9e \u00e0 son capital d\u2019Andera Partners\"}]},{\"@type\":\"WebSite\",\"@id\":\"https:\/\/www.anderapartners.com\/fr\/#website\",\"url\":\"https:\/\/www.anderapartners.com\/fr\/\",\"name\":\"ANDERA PARTNERS\",\"description\":\"\",\"publisher\":{\"@id\":\"https:\/\/www.anderapartners.com\/fr\/#organization\"},\"potentialAction\":[{\"@type\":\"SearchAction\",\"target\":{\"@type\":\"EntryPoint\",\"urlTemplate\":\"https:\/\/www.anderapartners.com\/fr\/?s={search_term_string}\"},\"query-input\":{\"@type\":\"PropertyValueSpecification\",\"valueRequired\":true,\"valueName\":\"search_term_string\"}}],\"inLanguage\":\"fr-FR\"},{\"@type\":\"Organization\",\"@id\":\"https:\/\/www.anderapartners.com\/fr\/#organization\",\"name\":\"Andera Partners\",\"url\":\"https:\/\/www.anderapartners.com\/fr\/\",\"logo\":{\"@type\":\"ImageObject\",\"inLanguage\":\"fr-FR\",\"@id\":\"https:\/\/www.anderapartners.com\/fr\/#\/schema\/logo\/image\/\",\"url\":\"https:\/\/www.anderapartners.com\/wp-content\/uploads\/2020\/08\/logo-white.svg\",\"contentUrl\":\"https:\/\/www.anderapartners.com\/wp-content\/uploads\/2020\/08\/logo-white.svg\",\"width\":107,\"height\":44,\"caption\":\"Andera Partners\"},\"image\":{\"@id\":\"https:\/\/www.anderapartners.com\/fr\/#\/schema\/logo\/image\/\"}},{\"@type\":\"Person\",\"@id\":\"https:\/\/www.anderapartners.com\/fr\/#\/schema\/person\/dce1d4a32f2d85f191a44527e202942c\",\"name\":\"Nicolas Delsert\",\"image\":{\"@type\":\"ImageObject\",\"inLanguage\":\"fr-FR\",\"@id\":\"https:\/\/www.anderapartners.com\/fr\/#\/schema\/person\/image\/\",\"url\":\"https:\/\/secure.gravatar.com\/avatar\/fca7b29302058c85588bc6bc3db9bd1e?s=96&d=mm&r=g\",\"contentUrl\":\"https:\/\/secure.gravatar.com\/avatar\/fca7b29302058c85588bc6bc3db9bd1e?s=96&d=mm&r=g\",\"caption\":\"Nicolas Delsert\"}}]}<\/script>\n<!-- \/ Yoast SEO plugin. -->","yoast_head_json":{"title":"Immo City entame une nouvelle phase de croissance avec l\u2019entr\u00e9e \u00e0 son capital d\u2019Andera Partners - ANDERA PARTNERS","robots":{"index":"index","follow":"follow","max-snippet":"max-snippet:-1","max-image-preview":"max-image-preview:large","max-video-preview":"max-video-preview:-1"},"canonical":"https:\/\/www.anderapartners.com\/fr\/immo-city-entame-une-nouvelle-phase-de-croissance-avec-lentree-a-son-capital-dandera-partners\/","og_locale":"fr_FR","og_type":"article","og_title":"Immo City entame une nouvelle phase de croissance avec l\u2019entr\u00e9e \u00e0 son capital d\u2019Andera Partners - ANDERA PARTNERS","og_description":"Andera Partners, acteur de premier plan dans le domaine du capital-investissement \u2013 notamment dans les PME via son activit\u00e9 Andera Expansion \u2013 devient l\u2019actionnaire minoritaire de r\u00e9f\u00e9rence du groupe Immo City aux c\u00f4t\u00e9s de son \u00e9quipe de management, afin de l\u2019accompagner dans sa strat\u00e9gie de d\u00e9veloppement et sa volont\u00e9 de participer \u00e0 la consolidation du...","og_url":"https:\/\/www.anderapartners.com\/fr\/immo-city-entame-une-nouvelle-phase-de-croissance-avec-lentree-a-son-capital-dandera-partners\/","og_site_name":"ANDERA PARTNERS","article_published_time":"2021-11-08T08:26:55+00:00","author":"Nicolas Delsert","twitter_card":"summary_large_image","twitter_misc":{"\u00c9crit par":"Nicolas Delsert","Dur\u00e9e de lecture estim\u00e9e":"3 minutes"},"schema":{"@context":"https:\/\/schema.org","@graph":[{"@type":"Article","@id":"https:\/\/www.anderapartners.com\/fr\/immo-city-entame-une-nouvelle-phase-de-croissance-avec-lentree-a-son-capital-dandera-partners\/#article","isPartOf":{"@id":"https:\/\/www.anderapartners.com\/fr\/immo-city-entame-une-nouvelle-phase-de-croissance-avec-lentree-a-son-capital-dandera-partners\/"},"author":{"name":"Nicolas Delsert","@id":"https:\/\/www.anderapartners.com\/fr\/#\/schema\/person\/dce1d4a32f2d85f191a44527e202942c"},"headline":"Immo City entame une nouvelle phase de croissance avec l\u2019entr\u00e9e \u00e0 son capital d\u2019Andera Partners","datePublished":"2021-11-08T08:26:55+00:00","dateModified":"2021-11-08T08:26:55+00:00","mainEntityOfPage":{"@id":"https:\/\/www.anderapartners.com\/fr\/immo-city-entame-une-nouvelle-phase-de-croissance-avec-lentree-a-son-capital-dandera-partners\/"},"wordCount":567,"publisher":{"@id":"https:\/\/www.anderapartners.com\/fr\/#organization"},"articleSection":["andera Expansion\/Croissance"],"inLanguage":"fr-FR"},{"@type":"WebPage","@id":"https:\/\/www.anderapartners.com\/fr\/immo-city-entame-une-nouvelle-phase-de-croissance-avec-lentree-a-son-capital-dandera-partners\/","url":"https:\/\/www.anderapartners.com\/fr\/immo-city-entame-une-nouvelle-phase-de-croissance-avec-lentree-a-son-capital-dandera-partners\/","name":"Immo City entame une nouvelle phase de croissance avec l\u2019entr\u00e9e \u00e0 son capital d\u2019Andera Partners - ANDERA PARTNERS","isPartOf":{"@id":"https:\/\/www.anderapartners.com\/fr\/#website"},"datePublished":"2021-11-08T08:26:55+00:00","dateModified":"2021-11-08T08:26:55+00:00","breadcrumb":{"@id":"https:\/\/www.anderapartners.com\/fr\/immo-city-entame-une-nouvelle-phase-de-croissance-avec-lentree-a-son-capital-dandera-partners\/#breadcrumb"},"inLanguage":"fr-FR","potentialAction":[{"@type":"ReadAction","target":["https:\/\/www.anderapartners.com\/fr\/immo-city-entame-une-nouvelle-phase-de-croissance-avec-lentree-a-son-capital-dandera-partners\/"]}]},{"@type":"BreadcrumbList","@id":"https:\/\/www.anderapartners.com\/fr\/immo-city-entame-une-nouvelle-phase-de-croissance-avec-lentree-a-son-capital-dandera-partners\/#breadcrumb","itemListElement":[{"@type":"ListItem","position":1,"name":"Accueil","item":"https:\/\/www.anderapartners.com\/fr\/"},{"@type":"ListItem","position":2,"name":"Immo City entame une nouvelle phase de croissance avec l\u2019entr\u00e9e \u00e0 son capital d\u2019Andera Partners"}]},{"@type":"WebSite","@id":"https:\/\/www.anderapartners.com\/fr\/#website","url":"https:\/\/www.anderapartners.com\/fr\/","name":"ANDERA PARTNERS","description":"","publisher":{"@id":"https:\/\/www.anderapartners.com\/fr\/#organization"},"potentialAction":[{"@type":"SearchAction","target":{"@type":"EntryPoint","urlTemplate":"https:\/\/www.anderapartners.com\/fr\/?s={search_term_string}"},"query-input":{"@type":"PropertyValueSpecification","valueRequired":true,"valueName":"search_term_string"}}],"inLanguage":"fr-FR"},{"@type":"Organization","@id":"https:\/\/www.anderapartners.com\/fr\/#organization","name":"Andera Partners","url":"https:\/\/www.anderapartners.com\/fr\/","logo":{"@type":"ImageObject","inLanguage":"fr-FR","@id":"https:\/\/www.anderapartners.com\/fr\/#\/schema\/logo\/image\/","url":"https:\/\/www.anderapartners.com\/wp-content\/uploads\/2020\/08\/logo-white.svg","contentUrl":"https:\/\/www.anderapartners.com\/wp-content\/uploads\/2020\/08\/logo-white.svg","width":107,"height":44,"caption":"Andera Partners"},"image":{"@id":"https:\/\/www.anderapartners.com\/fr\/#\/schema\/logo\/image\/"}},{"@type":"Person","@id":"https:\/\/www.anderapartners.com\/fr\/#\/schema\/person\/dce1d4a32f2d85f191a44527e202942c","name":"Nicolas Delsert","image":{"@type":"ImageObject","inLanguage":"fr-FR","@id":"https:\/\/www.anderapartners.com\/fr\/#\/schema\/person\/image\/","url":"https:\/\/secure.gravatar.com\/avatar\/fca7b29302058c85588bc6bc3db9bd1e?s=96&d=mm&r=g","contentUrl":"https:\/\/secure.gravatar.com\/avatar\/fca7b29302058c85588bc6bc3db9bd1e?s=96&d=mm&r=g","caption":"Nicolas Delsert"}}]}},"_links":{"self":[{"href":"https:\/\/www.anderapartners.com\/fr\/wp-json\/wp\/v2\/posts\/8371","targetHints":{"allow":["GET"]}}],"collection":[{"href":"https:\/\/www.anderapartners.com\/fr\/wp-json\/wp\/v2\/posts"}],"about":[{"href":"https:\/\/www.anderapartners.com\/fr\/wp-json\/wp\/v2\/types\/post"}],"author":[{"embeddable":true,"href":"https:\/\/www.anderapartners.com\/fr\/wp-json\/wp\/v2\/users\/2"}],"replies":[{"embeddable":true,"href":"https:\/\/www.anderapartners.com\/fr\/wp-json\/wp\/v2\/comments?post=8371"}],"version-history":[{"count":0,"href":"https:\/\/www.anderapartners.com\/fr\/wp-json\/wp\/v2\/posts\/8371\/revisions"}],"wp:attachment":[{"href":"https:\/\/www.anderapartners.com\/fr\/wp-json\/wp\/v2\/media?parent=8371"}],"wp:term":[{"taxonomy":"category","embeddable":true,"href":"https:\/\/www.anderapartners.com\/fr\/wp-json\/wp\/v2\/categories?post=8371"}],"curies":[{"name":"wp","href":"https:\/\/api.w.org\/{rel}","templated":true}]}}