{"id":8071,"date":"2021-09-08T11:05:57","date_gmt":"2021-09-08T09:05:57","guid":{"rendered":"https:\/\/www.anderapartners.com\/?p=8071"},"modified":"2021-09-08T13:47:40","modified_gmt":"2021-09-08T11:47:40","slug":"andera-partners-renforce-ses-equipes-dinvestissement-et-reaffirme-son-ambition-de-croissance","status":"publish","type":"post","link":"https:\/\/www.anderapartners.com\/fr\/andera-partners-renforce-ses-equipes-dinvestissement-et-reaffirme-son-ambition-de-croissance\/","title":{"rendered":"Andera Partners renforce ses \u00e9quipes d\u2019investissement et r\u00e9affirme son ambition de croissance"},"content":{"rendered":"<p>Ayant pour objectif d\u2019atteindre 4 \u00e0 5 milliards d\u2019euros d\u2019actifs sous gestion \u00e0 horizon 2025, Andera Partners poursuit sa strat\u00e9gie de croissance organique et d\u2019int\u00e9gration cibl\u00e9e d\u2019\u00e9quipes sp\u00e9cialis\u00e9es, et annonce aujourd\u2019hui un renforcement significatif de la structure.<\/p>\n<p><strong>ANDERA EXPANSION ACCUEILLE OLIVIER LE GALL EN QUALIT\u00c9 D\u2019ASSOCI\u00c9<\/strong><\/p>\n<p>Dans le cadre de la lev\u00e9e en cours de son fonds Andera Expansion 3 de 220m\u20ac, Andera Partners accueille Olivier Le Gall en qualit\u00e9 d\u2019Associ\u00e9 au sein d\u2019Andera Expansion, son \u00e9quipe d\u00e9di\u00e9e \u00e0 l\u2019investissement smallcap. Fort de plus de 25 ans d\u2019exp\u00e9rience dans le Private Equity en France et en Europe principalement sur des op\u00e9rations Small-Midcap, successivement chez 3i, TCR Capital, EPF Partners devenu Apax Development, l\u2019arriv\u00e9e d\u2019Olivier va permettre d\u2019acc\u00e9l\u00e9rer le d\u00e9ploiement du fonds Andera Expansion 3, et de pr\u00e9parer dans les meilleures conditions la lev\u00e9e des prochains fonds.<\/p>\n<p>Olivier Le Gall (52 ans &#8211; IEP Paris \u2013 ESCP Europe) a d\u00e9but\u00e9 sa carri\u00e8re au Cr\u00e9dit Lyonnais \u00e0 Shanghai, puis a travaill\u00e9 pendant 17 ans au sein de 3i \u00e0 Paris o\u00f9 il a conduit et dirig\u00e9 plus d\u2019une vingtaine d\u2019investissements dans les biens de consommation (Proteika, Senoble, Refresco), le digital (Seloger.com, Empruntis.com), l\u2019immobilier (Lamy-Gestrim), l\u2019industrie (Dirickx, Newtec), et la distribution B2B (Soyaconcept, Carpentras-Brevidex). Nomm\u00e9 \u00ab partner \u00bb en 2008, il r\u00e9alise et suit des investissements de 3i aux Pays-Bas, UK et Danemark, puis rejoint TCR Capital en 2012, afin d\u2019y d\u00e9velopper le fonds \u00ab buyout smallcap \u00bb France Transmission I. En 2014, il rejoint EPF Partners devenu Apax Development o\u00f9 il participe \u00e0 la lev\u00e9e du fonds Apax Development Fund, et r\u00e9alise les investissements dans Teknimed puis Nelite.<\/p>\n<p>Olivier Le Gall, Associ\u00e9 d\u2019Andera Expansion, commente : \u00ab J\u2019ai \u00e9t\u00e9 s\u00e9duit tant par le projet entrepreneurial d\u2019Andera Partners que par la feuille de route d\u2019Andera Expansion. Il s\u2019agit de tailles de fonds que j\u2019appr\u00e9cie, d\u2019une approche multi-sectorielle, au sein d\u2019une plateforme en plein essor. De plus, Mayeul, David et moi nous connaissons depuis longtemps. Je suis ravi que nous travaillons ensemble au d\u00e9veloppement d\u2019Andera Expansion \u00bb.<br \/>\nAndera Expansion investit en fonds propres dans des PME situ\u00e9es en France et dans les pays limitrophes et dont le chiffre d\u2019affaires se situe entre 10M\u20ac et 150 M\u20ac. L\u2019\u00e9quipe compte d\u00e9sormais neuf personnes dont trois associ\u00e9s et devrait se renforcer prochainement avec l\u2019arriv\u00e9e de nouveaux collaborateurs.<\/p>\n<p><strong>ANDERA CROISSANCE ACCUEILLE GONTRAN DUCHESNE EN QUALIT\u00c9 DE DIRECTEUR<\/strong><\/p>\n<p>L\u2019\u00e9quipe Andera Croissance se voit \u00e9galement renforc\u00e9e en accueillant Gontran Duchesne en qualit\u00e9 de Directeur. Son arriv\u00e9e renforce l\u2019\u00e9quipe d\u00e9j\u00e0 en place, aux c\u00f4t\u00e9s de David Robin, Associ\u00e9, Marianne Harl\u00e9, Directrice, Thibault Menel, Charg\u00e9 d\u2019Affaires et Thomas Guyenot, Analyste, dans le d\u00e9ploiement du fonds Andera Croissance.<\/p>\n<p>Gontran Duchesne (48 ans &#8211; CentraleSup\u00e9lec, HEC) dispose d\u2019une exp\u00e9rience de plus de 20 ans en private equity. Avant de rejoindre Andera Partners, Gontran Duchesne (a commenc\u00e9 comme ing\u00e9nieur en France et aux Etats-Unis en syst\u00e8mes experts. Il a rejoint le private equity en 2000 chez Edmond de Rothschild pendant six ans, avant de participer au d\u00e9veloppement de CIC LBO Partners de 2006 \u00e0 2016. Il a ensuite contribu\u00e9 au d\u00e9ploiement de Pechel IV de 2017 \u00e0 2021.<\/p>\n<p>\u00ab Je suis heureux de rejoindre l\u2019\u00e9quipe d\u2019Andera Partners, qui constitue une plateforme solide et reconnue en France dans la gestion non-cot\u00e9e. Plus particuli\u00e8rement, l\u2019\u00e9quipe Andera Croissance a vocation \u00e0 accompagner de belles PME fran\u00e7aises pour les aider \u00e0 franchir un palier dans leur d\u00e9veloppement. J\u2019ai h\u00e2te d\u2019y contribuer \u00bb d\u00e9clare Gontran Duchesne.<\/p>\n<p>L\u2019\u00e9quipe Andera Croissance investit en fonds propres dans des PME fran\u00e7aises et dont le chiffre d\u2019affaires se situe entre 5 M\u20ac et 30 M\u20ac. L\u2019\u00e9quipe compte d\u00e9sormais 5 personnes dont un associ\u00e9 et deux directeurs.<\/p>\n<p><strong>L\u2019\u00c9QUIPE ANDERA ACTO ACCUEILLE TROIS NOUVEAUX COLLABORATEURS<\/strong><\/p>\n<p>Apr\u00e8s la nomination de Christine Martinovic au poste de Directrice en mai 2021, l\u2019\u00e9quipe Andera Acto poursuit son d\u00e9veloppement et a accueilli trois nouveaux membres durant l\u2019\u00e9t\u00e9.<\/p>\n<p>Fadwa Dardar (Toulouse Business School) rejoint Andera Acto en qualit\u00e9 de Charg\u00e9e d\u2019Affaires Junior. Fadwa exer\u00e7ait auparavant en tant que Senior Consultant au sein de l\u2019\u00e9quipe Transaction Services &amp; Restructuring d\u2019Eight Advisory depuis 2017. Elle a \u00e9galement travaill\u00e9 deux ann\u00e9es en tant qu\u2019analyste au sein d\u2019Air Liquide.<\/p>\n<p>Nicolas Aftimos (Universit\u00e9 Paris-Dauphine; Toulouse School of Economics) rejoint Andera Acto en qualit\u00e9 de Charg\u00e9 d\u2019Affaires Senior, apr\u00e8s 5 ann\u00e9es pass\u00e9es au sein de Rothschild &amp; Co en tant qu\u2019Assistant Directeur Senior. Il a auparavant exerc\u00e9 pr\u00e8s de 3 ans au sein de Degroof Petercam et acquis diverses exp\u00e9riences chez Grant Thornton et CM-CIC Capital Finance.<\/p>\n<p>Antoine Gu\u00e9rillon (Neoma BS) rejoint Andera Acto en qualit\u00e9 de Charg\u00e9 d\u2019Affaires Junior, apr\u00e8s 3 ann\u00e9es pass\u00e9es au sein de CIC Private Debt en tant que Charg\u00e9 d\u2019Affaires. Auparavant, il a eu plusieurs exp\u00e9riences en fonds, notamment chez Qualium Investissement et LGT Private Debt.<\/p>\n<p>L\u2019\u00e9quipe Andera Acto compte d\u00e9sormais 12 investisseurs, dont 3 associ\u00e9s.<\/p>\n<p><strong>ANDERA PARTNERS POURSUIT LE D\u00c9VELOPPEMENT DE SA GAMME D\u2019ACTIVIT\u00c9S<\/strong><\/p>\n<p>Par ailleurs, Andera Partners continue sa strat\u00e9gie de croissance via la diversification de ses activit\u00e9s et a, \u00e0 ce titre, nou\u00e9 un partenariat avec AXL Capital Partners pour lancer une activit\u00e9 de co-investissement \u00e0 destination notamment de sa client\u00e8le priv\u00e9e. AXL Capital Partners est une soci\u00e9t\u00e9 de conseil r\u00e9cemment cr\u00e9\u00e9e par deux investisseurs professionnels, Louis Hamon et Alexander Cuniasse, accompagn\u00e9s par Nicolas Paulmier en tant que Senior Advisor. Louis et Alexander animaient pr\u00e9c\u00e9demment l\u2019activit\u00e9 de co-investissement d\u2019Essling Capital et cumulent \u00e0 eux deux plus de 20 ann\u00e9es d\u2019exp\u00e9rience dans le segment du co-investissement aux c\u00f4t\u00e9s de GPs europ\u00e9ens et nord-am\u00e9ricains.<\/p>\n<p>Sylvain Charignon et Rapha\u00ebl Wisniewski, g\u00e9rants d\u2019Andera Partners, commentent : \u00ab Notre activit\u00e9 d\u2019investissement s\u2019est fortement accrue ces derniers mois et nous avons plusieurs lev\u00e9es en cours et d\u2019autres \u00e0 venir tr\u00e8s prochainement. Ce renforcement significatif va nous permettre d\u2019acc\u00e9l\u00e9rer le d\u00e9ploiement de nos derniers mill\u00e9simes et de ceux \u00e0 venir, d\u2019apporter toujours plus d\u2019accompagnement et soutien aux \u00e9quipes dirigeantes que nous accompagnons, mais \u00e9galement de r\u00e9pondre aux objectifs d\u2019AUM que nous nous sommes fix\u00e9s \u00e0 horizon 2025. Ces recrutements \u00e9taient indispensables et nous sommes ravis d\u2019accueillir ces nouveaux collaborateurs parmi nos effectifs. \u00bb<\/p>\n<p>Au 1er septembre 2021, la soci\u00e9t\u00e9 de gestion Andera Partners a un effectif total de 86 personnes, dont 57 investisseurs parmi lesquels 17 associ\u00e9s.<\/p>\n","protected":false},"excerpt":{"rendered":"<p>Ayant pour objectif d\u2019atteindre 4 \u00e0 5 milliards d\u2019euros d\u2019actifs sous gestion \u00e0 horizon 2025, Andera Partners poursuit sa strat\u00e9gie de croissance organique et d\u2019int\u00e9gration cibl\u00e9e d\u2019\u00e9quipes sp\u00e9cialis\u00e9es, et annonce aujourd\u2019hui un renforcement significatif de la structure. ANDERA EXPANSION ACCUEILLE OLIVIER LE GALL EN QUALIT\u00c9 D\u2019ASSOCI\u00c9 Dans le cadre de la lev\u00e9e en cours de&#8230;<\/p>\n","protected":false},"author":2,"featured_media":0,"comment_status":"closed","ping_status":"open","sticky":false,"template":"","format":"standard","meta":[],"categories":[152],"class_list":["post-8071","post","type-post","status-publish","format-standard","hentry","category-andera-partners"],"acf":[],"yoast_head":"<!-- This site is optimized with the Yoast SEO plugin v24.1 - https:\/\/yoast.com\/wordpress\/plugins\/seo\/ -->\n<title>Andera Partners renforce ses \u00e9quipes d\u2019investissement et r\u00e9affirme son ambition de croissance - ANDERA PARTNERS<\/title>\n<meta name=\"robots\" content=\"index, follow, max-snippet:-1, max-image-preview:large, max-video-preview:-1\" \/>\n<link rel=\"canonical\" href=\"https:\/\/www.anderapartners.com\/fr\/andera-partners-renforce-ses-equipes-dinvestissement-et-reaffirme-son-ambition-de-croissance\/\" \/>\n<meta property=\"og:locale\" content=\"fr_FR\" \/>\n<meta property=\"og:type\" content=\"article\" \/>\n<meta property=\"og:title\" content=\"Andera Partners renforce ses \u00e9quipes d\u2019investissement et r\u00e9affirme son ambition de croissance - ANDERA PARTNERS\" \/>\n<meta property=\"og:description\" content=\"Ayant pour objectif d\u2019atteindre 4 \u00e0 5 milliards d\u2019euros d\u2019actifs sous gestion \u00e0 horizon 2025, Andera Partners poursuit sa strat\u00e9gie de croissance organique et d\u2019int\u00e9gration cibl\u00e9e d\u2019\u00e9quipes sp\u00e9cialis\u00e9es, et annonce aujourd\u2019hui un renforcement significatif de la structure. ANDERA EXPANSION ACCUEILLE OLIVIER LE GALL EN QUALIT\u00c9 D\u2019ASSOCI\u00c9 Dans le cadre de la lev\u00e9e en cours de...\" \/>\n<meta property=\"og:url\" content=\"https:\/\/www.anderapartners.com\/fr\/andera-partners-renforce-ses-equipes-dinvestissement-et-reaffirme-son-ambition-de-croissance\/\" \/>\n<meta property=\"og:site_name\" content=\"ANDERA PARTNERS\" \/>\n<meta property=\"article:published_time\" content=\"2021-09-08T09:05:57+00:00\" \/>\n<meta property=\"article:modified_time\" content=\"2021-09-08T11:47:40+00:00\" \/>\n<meta name=\"author\" content=\"Nicolas Delsert\" \/>\n<meta name=\"twitter:card\" content=\"summary_large_image\" \/>\n<meta name=\"twitter:label1\" content=\"\u00c9crit par\" \/>\n\t<meta name=\"twitter:data1\" content=\"Nicolas Delsert\" \/>\n\t<meta name=\"twitter:label2\" content=\"Dur\u00e9e de lecture estim\u00e9e\" \/>\n\t<meta name=\"twitter:data2\" content=\"5 minutes\" \/>\n<script type=\"application\/ld+json\" class=\"yoast-schema-graph\">{\"@context\":\"https:\/\/schema.org\",\"@graph\":[{\"@type\":\"Article\",\"@id\":\"https:\/\/www.anderapartners.com\/fr\/andera-partners-renforce-ses-equipes-dinvestissement-et-reaffirme-son-ambition-de-croissance\/#article\",\"isPartOf\":{\"@id\":\"https:\/\/www.anderapartners.com\/fr\/andera-partners-renforce-ses-equipes-dinvestissement-et-reaffirme-son-ambition-de-croissance\/\"},\"author\":{\"name\":\"Nicolas Delsert\",\"@id\":\"https:\/\/www.anderapartners.com\/fr\/#\/schema\/person\/dce1d4a32f2d85f191a44527e202942c\"},\"headline\":\"Andera Partners renforce ses \u00e9quipes d\u2019investissement et r\u00e9affirme son ambition de croissance\",\"datePublished\":\"2021-09-08T09:05:57+00:00\",\"dateModified\":\"2021-09-08T11:47:40+00:00\",\"mainEntityOfPage\":{\"@id\":\"https:\/\/www.anderapartners.com\/fr\/andera-partners-renforce-ses-equipes-dinvestissement-et-reaffirme-son-ambition-de-croissance\/\"},\"wordCount\":1138,\"publisher\":{\"@id\":\"https:\/\/www.anderapartners.com\/fr\/#organization\"},\"articleSection\":[\"Andera Partners\"],\"inLanguage\":\"fr-FR\"},{\"@type\":\"WebPage\",\"@id\":\"https:\/\/www.anderapartners.com\/fr\/andera-partners-renforce-ses-equipes-dinvestissement-et-reaffirme-son-ambition-de-croissance\/\",\"url\":\"https:\/\/www.anderapartners.com\/fr\/andera-partners-renforce-ses-equipes-dinvestissement-et-reaffirme-son-ambition-de-croissance\/\",\"name\":\"Andera Partners renforce ses \u00e9quipes d\u2019investissement et r\u00e9affirme son ambition de croissance - ANDERA PARTNERS\",\"isPartOf\":{\"@id\":\"https:\/\/www.anderapartners.com\/fr\/#website\"},\"datePublished\":\"2021-09-08T09:05:57+00:00\",\"dateModified\":\"2021-09-08T11:47:40+00:00\",\"breadcrumb\":{\"@id\":\"https:\/\/www.anderapartners.com\/fr\/andera-partners-renforce-ses-equipes-dinvestissement-et-reaffirme-son-ambition-de-croissance\/#breadcrumb\"},\"inLanguage\":\"fr-FR\",\"potentialAction\":[{\"@type\":\"ReadAction\",\"target\":[\"https:\/\/www.anderapartners.com\/fr\/andera-partners-renforce-ses-equipes-dinvestissement-et-reaffirme-son-ambition-de-croissance\/\"]}]},{\"@type\":\"BreadcrumbList\",\"@id\":\"https:\/\/www.anderapartners.com\/fr\/andera-partners-renforce-ses-equipes-dinvestissement-et-reaffirme-son-ambition-de-croissance\/#breadcrumb\",\"itemListElement\":[{\"@type\":\"ListItem\",\"position\":1,\"name\":\"Accueil\",\"item\":\"https:\/\/www.anderapartners.com\/fr\/\"},{\"@type\":\"ListItem\",\"position\":2,\"name\":\"Andera Partners renforce ses \u00e9quipes d\u2019investissement et r\u00e9affirme son ambition de croissance\"}]},{\"@type\":\"WebSite\",\"@id\":\"https:\/\/www.anderapartners.com\/fr\/#website\",\"url\":\"https:\/\/www.anderapartners.com\/fr\/\",\"name\":\"ANDERA PARTNERS\",\"description\":\"\",\"publisher\":{\"@id\":\"https:\/\/www.anderapartners.com\/fr\/#organization\"},\"potentialAction\":[{\"@type\":\"SearchAction\",\"target\":{\"@type\":\"EntryPoint\",\"urlTemplate\":\"https:\/\/www.anderapartners.com\/fr\/?s={search_term_string}\"},\"query-input\":{\"@type\":\"PropertyValueSpecification\",\"valueRequired\":true,\"valueName\":\"search_term_string\"}}],\"inLanguage\":\"fr-FR\"},{\"@type\":\"Organization\",\"@id\":\"https:\/\/www.anderapartners.com\/fr\/#organization\",\"name\":\"Andera Partners\",\"url\":\"https:\/\/www.anderapartners.com\/fr\/\",\"logo\":{\"@type\":\"ImageObject\",\"inLanguage\":\"fr-FR\",\"@id\":\"https:\/\/www.anderapartners.com\/fr\/#\/schema\/logo\/image\/\",\"url\":\"https:\/\/www.anderapartners.com\/wp-content\/uploads\/2020\/08\/logo-white.svg\",\"contentUrl\":\"https:\/\/www.anderapartners.com\/wp-content\/uploads\/2020\/08\/logo-white.svg\",\"width\":107,\"height\":44,\"caption\":\"Andera Partners\"},\"image\":{\"@id\":\"https:\/\/www.anderapartners.com\/fr\/#\/schema\/logo\/image\/\"}},{\"@type\":\"Person\",\"@id\":\"https:\/\/www.anderapartners.com\/fr\/#\/schema\/person\/dce1d4a32f2d85f191a44527e202942c\",\"name\":\"Nicolas Delsert\",\"image\":{\"@type\":\"ImageObject\",\"inLanguage\":\"fr-FR\",\"@id\":\"https:\/\/www.anderapartners.com\/fr\/#\/schema\/person\/image\/\",\"url\":\"https:\/\/secure.gravatar.com\/avatar\/fca7b29302058c85588bc6bc3db9bd1e?s=96&d=mm&r=g\",\"contentUrl\":\"https:\/\/secure.gravatar.com\/avatar\/fca7b29302058c85588bc6bc3db9bd1e?s=96&d=mm&r=g\",\"caption\":\"Nicolas Delsert\"}}]}<\/script>\n<!-- \/ Yoast SEO plugin. -->","yoast_head_json":{"title":"Andera Partners renforce ses \u00e9quipes d\u2019investissement et r\u00e9affirme son ambition de croissance - ANDERA PARTNERS","robots":{"index":"index","follow":"follow","max-snippet":"max-snippet:-1","max-image-preview":"max-image-preview:large","max-video-preview":"max-video-preview:-1"},"canonical":"https:\/\/www.anderapartners.com\/fr\/andera-partners-renforce-ses-equipes-dinvestissement-et-reaffirme-son-ambition-de-croissance\/","og_locale":"fr_FR","og_type":"article","og_title":"Andera Partners renforce ses \u00e9quipes d\u2019investissement et r\u00e9affirme son ambition de croissance - ANDERA PARTNERS","og_description":"Ayant pour objectif d\u2019atteindre 4 \u00e0 5 milliards d\u2019euros d\u2019actifs sous gestion \u00e0 horizon 2025, Andera Partners poursuit sa strat\u00e9gie de croissance organique et d\u2019int\u00e9gration cibl\u00e9e d\u2019\u00e9quipes sp\u00e9cialis\u00e9es, et annonce aujourd\u2019hui un renforcement significatif de la structure. ANDERA EXPANSION ACCUEILLE OLIVIER LE GALL EN QUALIT\u00c9 D\u2019ASSOCI\u00c9 Dans le cadre de la lev\u00e9e en cours de...","og_url":"https:\/\/www.anderapartners.com\/fr\/andera-partners-renforce-ses-equipes-dinvestissement-et-reaffirme-son-ambition-de-croissance\/","og_site_name":"ANDERA PARTNERS","article_published_time":"2021-09-08T09:05:57+00:00","article_modified_time":"2021-09-08T11:47:40+00:00","author":"Nicolas Delsert","twitter_card":"summary_large_image","twitter_misc":{"\u00c9crit par":"Nicolas Delsert","Dur\u00e9e de lecture estim\u00e9e":"5 minutes"},"schema":{"@context":"https:\/\/schema.org","@graph":[{"@type":"Article","@id":"https:\/\/www.anderapartners.com\/fr\/andera-partners-renforce-ses-equipes-dinvestissement-et-reaffirme-son-ambition-de-croissance\/#article","isPartOf":{"@id":"https:\/\/www.anderapartners.com\/fr\/andera-partners-renforce-ses-equipes-dinvestissement-et-reaffirme-son-ambition-de-croissance\/"},"author":{"name":"Nicolas Delsert","@id":"https:\/\/www.anderapartners.com\/fr\/#\/schema\/person\/dce1d4a32f2d85f191a44527e202942c"},"headline":"Andera Partners renforce ses \u00e9quipes d\u2019investissement et r\u00e9affirme son ambition de croissance","datePublished":"2021-09-08T09:05:57+00:00","dateModified":"2021-09-08T11:47:40+00:00","mainEntityOfPage":{"@id":"https:\/\/www.anderapartners.com\/fr\/andera-partners-renforce-ses-equipes-dinvestissement-et-reaffirme-son-ambition-de-croissance\/"},"wordCount":1138,"publisher":{"@id":"https:\/\/www.anderapartners.com\/fr\/#organization"},"articleSection":["Andera Partners"],"inLanguage":"fr-FR"},{"@type":"WebPage","@id":"https:\/\/www.anderapartners.com\/fr\/andera-partners-renforce-ses-equipes-dinvestissement-et-reaffirme-son-ambition-de-croissance\/","url":"https:\/\/www.anderapartners.com\/fr\/andera-partners-renforce-ses-equipes-dinvestissement-et-reaffirme-son-ambition-de-croissance\/","name":"Andera Partners renforce ses \u00e9quipes d\u2019investissement et r\u00e9affirme son ambition de croissance - ANDERA PARTNERS","isPartOf":{"@id":"https:\/\/www.anderapartners.com\/fr\/#website"},"datePublished":"2021-09-08T09:05:57+00:00","dateModified":"2021-09-08T11:47:40+00:00","breadcrumb":{"@id":"https:\/\/www.anderapartners.com\/fr\/andera-partners-renforce-ses-equipes-dinvestissement-et-reaffirme-son-ambition-de-croissance\/#breadcrumb"},"inLanguage":"fr-FR","potentialAction":[{"@type":"ReadAction","target":["https:\/\/www.anderapartners.com\/fr\/andera-partners-renforce-ses-equipes-dinvestissement-et-reaffirme-son-ambition-de-croissance\/"]}]},{"@type":"BreadcrumbList","@id":"https:\/\/www.anderapartners.com\/fr\/andera-partners-renforce-ses-equipes-dinvestissement-et-reaffirme-son-ambition-de-croissance\/#breadcrumb","itemListElement":[{"@type":"ListItem","position":1,"name":"Accueil","item":"https:\/\/www.anderapartners.com\/fr\/"},{"@type":"ListItem","position":2,"name":"Andera Partners renforce ses \u00e9quipes d\u2019investissement et r\u00e9affirme son ambition de croissance"}]},{"@type":"WebSite","@id":"https:\/\/www.anderapartners.com\/fr\/#website","url":"https:\/\/www.anderapartners.com\/fr\/","name":"ANDERA PARTNERS","description":"","publisher":{"@id":"https:\/\/www.anderapartners.com\/fr\/#organization"},"potentialAction":[{"@type":"SearchAction","target":{"@type":"EntryPoint","urlTemplate":"https:\/\/www.anderapartners.com\/fr\/?s={search_term_string}"},"query-input":{"@type":"PropertyValueSpecification","valueRequired":true,"valueName":"search_term_string"}}],"inLanguage":"fr-FR"},{"@type":"Organization","@id":"https:\/\/www.anderapartners.com\/fr\/#organization","name":"Andera Partners","url":"https:\/\/www.anderapartners.com\/fr\/","logo":{"@type":"ImageObject","inLanguage":"fr-FR","@id":"https:\/\/www.anderapartners.com\/fr\/#\/schema\/logo\/image\/","url":"https:\/\/www.anderapartners.com\/wp-content\/uploads\/2020\/08\/logo-white.svg","contentUrl":"https:\/\/www.anderapartners.com\/wp-content\/uploads\/2020\/08\/logo-white.svg","width":107,"height":44,"caption":"Andera Partners"},"image":{"@id":"https:\/\/www.anderapartners.com\/fr\/#\/schema\/logo\/image\/"}},{"@type":"Person","@id":"https:\/\/www.anderapartners.com\/fr\/#\/schema\/person\/dce1d4a32f2d85f191a44527e202942c","name":"Nicolas Delsert","image":{"@type":"ImageObject","inLanguage":"fr-FR","@id":"https:\/\/www.anderapartners.com\/fr\/#\/schema\/person\/image\/","url":"https:\/\/secure.gravatar.com\/avatar\/fca7b29302058c85588bc6bc3db9bd1e?s=96&d=mm&r=g","contentUrl":"https:\/\/secure.gravatar.com\/avatar\/fca7b29302058c85588bc6bc3db9bd1e?s=96&d=mm&r=g","caption":"Nicolas Delsert"}}]}},"_links":{"self":[{"href":"https:\/\/www.anderapartners.com\/fr\/wp-json\/wp\/v2\/posts\/8071","targetHints":{"allow":["GET"]}}],"collection":[{"href":"https:\/\/www.anderapartners.com\/fr\/wp-json\/wp\/v2\/posts"}],"about":[{"href":"https:\/\/www.anderapartners.com\/fr\/wp-json\/wp\/v2\/types\/post"}],"author":[{"embeddable":true,"href":"https:\/\/www.anderapartners.com\/fr\/wp-json\/wp\/v2\/users\/2"}],"replies":[{"embeddable":true,"href":"https:\/\/www.anderapartners.com\/fr\/wp-json\/wp\/v2\/comments?post=8071"}],"version-history":[{"count":0,"href":"https:\/\/www.anderapartners.com\/fr\/wp-json\/wp\/v2\/posts\/8071\/revisions"}],"wp:attachment":[{"href":"https:\/\/www.anderapartners.com\/fr\/wp-json\/wp\/v2\/media?parent=8071"}],"wp:term":[{"taxonomy":"category","embeddable":true,"href":"https:\/\/www.anderapartners.com\/fr\/wp-json\/wp\/v2\/categories?post=8071"}],"curies":[{"name":"wp","href":"https:\/\/api.w.org\/{rel}","templated":true}]}}