{"id":7899,"date":"2021-07-12T10:20:18","date_gmt":"2021-07-12T08:20:18","guid":{"rendered":"https:\/\/www.anderapartners.com\/?p=7899"},"modified":"2021-07-12T10:20:18","modified_gmt":"2021-07-12T08:20:18","slug":"andera-cede-sa-participation-dans-le-groupe-intech","status":"publish","type":"post","link":"https:\/\/www.anderapartners.com\/fr\/andera-cede-sa-participation-dans-le-groupe-intech\/","title":{"rendered":"Andera c\u00e8de sa participation dans le groupe Intech"},"content":{"rendered":"<p>Depuis son entr\u00e9e au capital en 2017, aux c\u00f4t\u00e9s d\u2019Eurazeo, l\u2019\u00e9quipe Andera Expansion a accompagn\u00e9 le management dans le changement d\u2019\u00e9chelle du groupe en lui apportant les moyens humains et financiers n\u00e9cessaires \u00e0 son d\u00e9veloppement, contribuant ainsi \u00e0 plus que doubler son activit\u00e9 en seulement 4 ans. Intech a ainsi renforc\u00e9 son positionnement de leader sur l\u2019instrumentation de la chirurgie dorsale tout en devenant un des pionniers sur le march\u00e9 en forte croissance de la robotique gr\u00e2ce \u00e0 son d\u00e9partement de R&amp;D et prototypage lui offrant un solide avantage concurrentiel.<\/p>\n<p>&nbsp;<\/p>\n<p>L\u2019acquisition et l\u2019int\u00e9gration de Pyxidis (FR, 2017) et Bradshaw (US, 2018) ont ainsi permis au groupe d\u2019\u00e9largir sa gamme produit et de renforcer sa pr\u00e9sence aux Etats-Unis, premier march\u00e9 mondial. Intech a \u00e9galement investi dans son outil industriel, modernisant et agrandissant certains sites, tout en revisitant ses process afin d\u2019en am\u00e9liorer l\u2019efficacit\u00e9 pour servir au mieux ses clients internationaux.<\/p>\n<p>&nbsp;<\/p>\n<p>Laurent Pruvost, Pr\u00e9sident du groupe Intech, commente\u00a0: \u00ab\u00a0<em>Nous sommes ravis du partenariat de grande qualit\u00e9 nou\u00e9 avec les \u00e9quipes d\u2019Andera tant sur l\u2019accompagnement strat\u00e9gique que le support op\u00e9rationnel, notamment lors d\u2019acquisitions structurantes. Intech b\u00e9n\u00e9ficie aujourd\u2019hui d\u2019un positionnement renforc\u00e9, dans un march\u00e9 en pleine \u00e9volution, nous permettant de proposer des solutions de pointe toujours plus innovantes et performantes \u00e0 nos clients. C\u2019est au nom du management et de l\u2019ensemble des Intechers que j\u2019adresse mes remerciements \u00e0 Andera pour ces 4 ann\u00e9es de collaboration fructueuse, et plus particuli\u00e8rement \u00e0 David Robin qui a accompagn\u00e9 la transformation d\u2019Intech avec succ\u00e8s durant pr\u00e8s de 10 ans.\u00a0\u00bb<\/em><\/p>\n<p>&nbsp;<\/p>\n<p>David Robin, Associ\u00e9 Andera Expansion, commente\u00a0: <em>\u00ab Nous souhaitons remercier Laurent et ses \u00e9quipes pour la qualit\u00e9 du partenariat que nous avons eu ensemble qui a permis une nouvelle phase d\u2019acc\u00e9l\u00e9ration dans la croissance du Groupe InTech. Au cours de ces 4 ann\u00e9es, le Groupe s\u2019est renforc\u00e9 industriellement, technologiquement et humainement pour assoir son leadership mondial. Ayant eu la chance d\u2019accompagner ce groupe depuis 2012 lorsque celui-ci ne r\u00e9alisait que 30m\u20ac de CA, je n\u2019ai aucun doute sur la r\u00e9ussite future des nouveaux projets de d\u00e9veloppement de l\u2019\u00e9quipe\u00a0\u00bb.<\/em><\/p>\n<p>&nbsp;<\/p>\n<p>&nbsp;<\/p>\n","protected":false},"excerpt":{"rendered":"<p>Depuis son entr\u00e9e au capital en 2017, aux c\u00f4t\u00e9s d\u2019Eurazeo, l\u2019\u00e9quipe Andera Expansion a accompagn\u00e9 le management dans le changement d\u2019\u00e9chelle du groupe en lui apportant les moyens humains et financiers n\u00e9cessaires \u00e0 son d\u00e9veloppement, contribuant ainsi \u00e0 plus que doubler son activit\u00e9 en seulement 4 ans. Intech a ainsi renforc\u00e9 son positionnement de leader&#8230;<\/p>\n","protected":false},"author":2,"featured_media":0,"comment_status":"closed","ping_status":"open","sticky":false,"template":"","format":"standard","meta":[],"categories":[81],"class_list":["post-7899","post","type-post","status-publish","format-standard","hentry","category-cabestan-capital"],"acf":[],"yoast_head":"<!-- This site is optimized with the Yoast SEO plugin v24.1 - https:\/\/yoast.com\/wordpress\/plugins\/seo\/ -->\n<title>Andera c\u00e8de sa participation dans le groupe Intech - ANDERA PARTNERS<\/title>\n<meta name=\"robots\" content=\"index, follow, max-snippet:-1, max-image-preview:large, max-video-preview:-1\" \/>\n<link rel=\"canonical\" href=\"https:\/\/www.anderapartners.com\/fr\/andera-cede-sa-participation-dans-le-groupe-intech\/\" \/>\n<meta property=\"og:locale\" content=\"fr_FR\" \/>\n<meta property=\"og:type\" content=\"article\" \/>\n<meta property=\"og:title\" content=\"Andera c\u00e8de sa participation dans le groupe Intech - ANDERA PARTNERS\" \/>\n<meta property=\"og:description\" content=\"Depuis son entr\u00e9e au capital en 2017, aux c\u00f4t\u00e9s d\u2019Eurazeo, l\u2019\u00e9quipe Andera Expansion a accompagn\u00e9 le management dans le changement d\u2019\u00e9chelle du groupe en lui apportant les moyens humains et financiers n\u00e9cessaires \u00e0 son d\u00e9veloppement, contribuant ainsi \u00e0 plus que doubler son activit\u00e9 en seulement 4 ans. Intech a ainsi renforc\u00e9 son positionnement de leader...\" \/>\n<meta property=\"og:url\" content=\"https:\/\/www.anderapartners.com\/fr\/andera-cede-sa-participation-dans-le-groupe-intech\/\" \/>\n<meta property=\"og:site_name\" content=\"ANDERA PARTNERS\" \/>\n<meta property=\"article:published_time\" content=\"2021-07-12T08:20:18+00:00\" \/>\n<meta name=\"author\" content=\"Nicolas Delsert\" \/>\n<meta name=\"twitter:card\" content=\"summary_large_image\" \/>\n<meta name=\"twitter:label1\" content=\"\u00c9crit par\" \/>\n\t<meta name=\"twitter:data1\" content=\"Nicolas Delsert\" \/>\n\t<meta name=\"twitter:label2\" content=\"Dur\u00e9e de lecture estim\u00e9e\" \/>\n\t<meta name=\"twitter:data2\" content=\"2 minutes\" \/>\n<script type=\"application\/ld+json\" class=\"yoast-schema-graph\">{\"@context\":\"https:\/\/schema.org\",\"@graph\":[{\"@type\":\"Article\",\"@id\":\"https:\/\/www.anderapartners.com\/fr\/andera-cede-sa-participation-dans-le-groupe-intech\/#article\",\"isPartOf\":{\"@id\":\"https:\/\/www.anderapartners.com\/fr\/andera-cede-sa-participation-dans-le-groupe-intech\/\"},\"author\":{\"name\":\"Nicolas Delsert\",\"@id\":\"https:\/\/www.anderapartners.com\/fr\/#\/schema\/person\/dce1d4a32f2d85f191a44527e202942c\"},\"headline\":\"Andera c\u00e8de sa participation dans le groupe Intech\",\"datePublished\":\"2021-07-12T08:20:18+00:00\",\"dateModified\":\"2021-07-12T08:20:18+00:00\",\"mainEntityOfPage\":{\"@id\":\"https:\/\/www.anderapartners.com\/fr\/andera-cede-sa-participation-dans-le-groupe-intech\/\"},\"wordCount\":388,\"publisher\":{\"@id\":\"https:\/\/www.anderapartners.com\/fr\/#organization\"},\"articleSection\":[\"andera Expansion\/Croissance\"],\"inLanguage\":\"fr-FR\"},{\"@type\":\"WebPage\",\"@id\":\"https:\/\/www.anderapartners.com\/fr\/andera-cede-sa-participation-dans-le-groupe-intech\/\",\"url\":\"https:\/\/www.anderapartners.com\/fr\/andera-cede-sa-participation-dans-le-groupe-intech\/\",\"name\":\"Andera c\u00e8de sa participation dans le groupe Intech - ANDERA PARTNERS\",\"isPartOf\":{\"@id\":\"https:\/\/www.anderapartners.com\/fr\/#website\"},\"datePublished\":\"2021-07-12T08:20:18+00:00\",\"dateModified\":\"2021-07-12T08:20:18+00:00\",\"breadcrumb\":{\"@id\":\"https:\/\/www.anderapartners.com\/fr\/andera-cede-sa-participation-dans-le-groupe-intech\/#breadcrumb\"},\"inLanguage\":\"fr-FR\",\"potentialAction\":[{\"@type\":\"ReadAction\",\"target\":[\"https:\/\/www.anderapartners.com\/fr\/andera-cede-sa-participation-dans-le-groupe-intech\/\"]}]},{\"@type\":\"BreadcrumbList\",\"@id\":\"https:\/\/www.anderapartners.com\/fr\/andera-cede-sa-participation-dans-le-groupe-intech\/#breadcrumb\",\"itemListElement\":[{\"@type\":\"ListItem\",\"position\":1,\"name\":\"Accueil\",\"item\":\"https:\/\/www.anderapartners.com\/fr\/\"},{\"@type\":\"ListItem\",\"position\":2,\"name\":\"Andera c\u00e8de sa participation dans le groupe Intech\"}]},{\"@type\":\"WebSite\",\"@id\":\"https:\/\/www.anderapartners.com\/fr\/#website\",\"url\":\"https:\/\/www.anderapartners.com\/fr\/\",\"name\":\"ANDERA PARTNERS\",\"description\":\"\",\"publisher\":{\"@id\":\"https:\/\/www.anderapartners.com\/fr\/#organization\"},\"potentialAction\":[{\"@type\":\"SearchAction\",\"target\":{\"@type\":\"EntryPoint\",\"urlTemplate\":\"https:\/\/www.anderapartners.com\/fr\/?s={search_term_string}\"},\"query-input\":{\"@type\":\"PropertyValueSpecification\",\"valueRequired\":true,\"valueName\":\"search_term_string\"}}],\"inLanguage\":\"fr-FR\"},{\"@type\":\"Organization\",\"@id\":\"https:\/\/www.anderapartners.com\/fr\/#organization\",\"name\":\"Andera Partners\",\"url\":\"https:\/\/www.anderapartners.com\/fr\/\",\"logo\":{\"@type\":\"ImageObject\",\"inLanguage\":\"fr-FR\",\"@id\":\"https:\/\/www.anderapartners.com\/fr\/#\/schema\/logo\/image\/\",\"url\":\"https:\/\/www.anderapartners.com\/wp-content\/uploads\/2020\/08\/logo-white.svg\",\"contentUrl\":\"https:\/\/www.anderapartners.com\/wp-content\/uploads\/2020\/08\/logo-white.svg\",\"width\":107,\"height\":44,\"caption\":\"Andera Partners\"},\"image\":{\"@id\":\"https:\/\/www.anderapartners.com\/fr\/#\/schema\/logo\/image\/\"}},{\"@type\":\"Person\",\"@id\":\"https:\/\/www.anderapartners.com\/fr\/#\/schema\/person\/dce1d4a32f2d85f191a44527e202942c\",\"name\":\"Nicolas Delsert\",\"image\":{\"@type\":\"ImageObject\",\"inLanguage\":\"fr-FR\",\"@id\":\"https:\/\/www.anderapartners.com\/fr\/#\/schema\/person\/image\/\",\"url\":\"https:\/\/secure.gravatar.com\/avatar\/fca7b29302058c85588bc6bc3db9bd1e?s=96&d=mm&r=g\",\"contentUrl\":\"https:\/\/secure.gravatar.com\/avatar\/fca7b29302058c85588bc6bc3db9bd1e?s=96&d=mm&r=g\",\"caption\":\"Nicolas Delsert\"}}]}<\/script>\n<!-- \/ Yoast SEO plugin. -->","yoast_head_json":{"title":"Andera c\u00e8de sa participation dans le groupe Intech - ANDERA PARTNERS","robots":{"index":"index","follow":"follow","max-snippet":"max-snippet:-1","max-image-preview":"max-image-preview:large","max-video-preview":"max-video-preview:-1"},"canonical":"https:\/\/www.anderapartners.com\/fr\/andera-cede-sa-participation-dans-le-groupe-intech\/","og_locale":"fr_FR","og_type":"article","og_title":"Andera c\u00e8de sa participation dans le groupe Intech - ANDERA PARTNERS","og_description":"Depuis son entr\u00e9e au capital en 2017, aux c\u00f4t\u00e9s d\u2019Eurazeo, l\u2019\u00e9quipe Andera Expansion a accompagn\u00e9 le management dans le changement d\u2019\u00e9chelle du groupe en lui apportant les moyens humains et financiers n\u00e9cessaires \u00e0 son d\u00e9veloppement, contribuant ainsi \u00e0 plus que doubler son activit\u00e9 en seulement 4 ans. Intech a ainsi renforc\u00e9 son positionnement de leader...","og_url":"https:\/\/www.anderapartners.com\/fr\/andera-cede-sa-participation-dans-le-groupe-intech\/","og_site_name":"ANDERA PARTNERS","article_published_time":"2021-07-12T08:20:18+00:00","author":"Nicolas Delsert","twitter_card":"summary_large_image","twitter_misc":{"\u00c9crit par":"Nicolas Delsert","Dur\u00e9e de lecture estim\u00e9e":"2 minutes"},"schema":{"@context":"https:\/\/schema.org","@graph":[{"@type":"Article","@id":"https:\/\/www.anderapartners.com\/fr\/andera-cede-sa-participation-dans-le-groupe-intech\/#article","isPartOf":{"@id":"https:\/\/www.anderapartners.com\/fr\/andera-cede-sa-participation-dans-le-groupe-intech\/"},"author":{"name":"Nicolas Delsert","@id":"https:\/\/www.anderapartners.com\/fr\/#\/schema\/person\/dce1d4a32f2d85f191a44527e202942c"},"headline":"Andera c\u00e8de sa participation dans le groupe Intech","datePublished":"2021-07-12T08:20:18+00:00","dateModified":"2021-07-12T08:20:18+00:00","mainEntityOfPage":{"@id":"https:\/\/www.anderapartners.com\/fr\/andera-cede-sa-participation-dans-le-groupe-intech\/"},"wordCount":388,"publisher":{"@id":"https:\/\/www.anderapartners.com\/fr\/#organization"},"articleSection":["andera Expansion\/Croissance"],"inLanguage":"fr-FR"},{"@type":"WebPage","@id":"https:\/\/www.anderapartners.com\/fr\/andera-cede-sa-participation-dans-le-groupe-intech\/","url":"https:\/\/www.anderapartners.com\/fr\/andera-cede-sa-participation-dans-le-groupe-intech\/","name":"Andera c\u00e8de sa participation dans le groupe Intech - ANDERA PARTNERS","isPartOf":{"@id":"https:\/\/www.anderapartners.com\/fr\/#website"},"datePublished":"2021-07-12T08:20:18+00:00","dateModified":"2021-07-12T08:20:18+00:00","breadcrumb":{"@id":"https:\/\/www.anderapartners.com\/fr\/andera-cede-sa-participation-dans-le-groupe-intech\/#breadcrumb"},"inLanguage":"fr-FR","potentialAction":[{"@type":"ReadAction","target":["https:\/\/www.anderapartners.com\/fr\/andera-cede-sa-participation-dans-le-groupe-intech\/"]}]},{"@type":"BreadcrumbList","@id":"https:\/\/www.anderapartners.com\/fr\/andera-cede-sa-participation-dans-le-groupe-intech\/#breadcrumb","itemListElement":[{"@type":"ListItem","position":1,"name":"Accueil","item":"https:\/\/www.anderapartners.com\/fr\/"},{"@type":"ListItem","position":2,"name":"Andera c\u00e8de sa participation dans le groupe Intech"}]},{"@type":"WebSite","@id":"https:\/\/www.anderapartners.com\/fr\/#website","url":"https:\/\/www.anderapartners.com\/fr\/","name":"ANDERA PARTNERS","description":"","publisher":{"@id":"https:\/\/www.anderapartners.com\/fr\/#organization"},"potentialAction":[{"@type":"SearchAction","target":{"@type":"EntryPoint","urlTemplate":"https:\/\/www.anderapartners.com\/fr\/?s={search_term_string}"},"query-input":{"@type":"PropertyValueSpecification","valueRequired":true,"valueName":"search_term_string"}}],"inLanguage":"fr-FR"},{"@type":"Organization","@id":"https:\/\/www.anderapartners.com\/fr\/#organization","name":"Andera Partners","url":"https:\/\/www.anderapartners.com\/fr\/","logo":{"@type":"ImageObject","inLanguage":"fr-FR","@id":"https:\/\/www.anderapartners.com\/fr\/#\/schema\/logo\/image\/","url":"https:\/\/www.anderapartners.com\/wp-content\/uploads\/2020\/08\/logo-white.svg","contentUrl":"https:\/\/www.anderapartners.com\/wp-content\/uploads\/2020\/08\/logo-white.svg","width":107,"height":44,"caption":"Andera Partners"},"image":{"@id":"https:\/\/www.anderapartners.com\/fr\/#\/schema\/logo\/image\/"}},{"@type":"Person","@id":"https:\/\/www.anderapartners.com\/fr\/#\/schema\/person\/dce1d4a32f2d85f191a44527e202942c","name":"Nicolas Delsert","image":{"@type":"ImageObject","inLanguage":"fr-FR","@id":"https:\/\/www.anderapartners.com\/fr\/#\/schema\/person\/image\/","url":"https:\/\/secure.gravatar.com\/avatar\/fca7b29302058c85588bc6bc3db9bd1e?s=96&d=mm&r=g","contentUrl":"https:\/\/secure.gravatar.com\/avatar\/fca7b29302058c85588bc6bc3db9bd1e?s=96&d=mm&r=g","caption":"Nicolas Delsert"}}]}},"_links":{"self":[{"href":"https:\/\/www.anderapartners.com\/fr\/wp-json\/wp\/v2\/posts\/7899","targetHints":{"allow":["GET"]}}],"collection":[{"href":"https:\/\/www.anderapartners.com\/fr\/wp-json\/wp\/v2\/posts"}],"about":[{"href":"https:\/\/www.anderapartners.com\/fr\/wp-json\/wp\/v2\/types\/post"}],"author":[{"embeddable":true,"href":"https:\/\/www.anderapartners.com\/fr\/wp-json\/wp\/v2\/users\/2"}],"replies":[{"embeddable":true,"href":"https:\/\/www.anderapartners.com\/fr\/wp-json\/wp\/v2\/comments?post=7899"}],"version-history":[{"count":0,"href":"https:\/\/www.anderapartners.com\/fr\/wp-json\/wp\/v2\/posts\/7899\/revisions"}],"wp:attachment":[{"href":"https:\/\/www.anderapartners.com\/fr\/wp-json\/wp\/v2\/media?parent=7899"}],"wp:term":[{"taxonomy":"category","embeddable":true,"href":"https:\/\/www.anderapartners.com\/fr\/wp-json\/wp\/v2\/categories?post=7899"}],"curies":[{"name":"wp","href":"https:\/\/api.w.org\/{rel}","templated":true}]}}