{"id":7825,"date":"2021-06-18T15:09:38","date_gmt":"2021-06-18T13:09:38","guid":{"rendered":"https:\/\/www.anderapartners.com\/?p=7825"},"modified":"2021-06-18T15:09:38","modified_gmt":"2021-06-18T13:09:38","slug":"andera-partners-cede-sa-participation-dans-le-groupe-netco","status":"publish","type":"post","link":"https:\/\/www.anderapartners.com\/fr\/andera-partners-cede-sa-participation-dans-le-groupe-netco\/","title":{"rendered":"Andera Partners c\u00e8de sa participation dans le groupe Netco"},"content":{"rendered":"<p>Fond\u00e9 \u00e0 Bordeaux en 1902 par la famille Perriez, NetCo s\u2019est impos\u00e9 comme l\u2019un des leaders europ\u00e9ens de la conception, la maintenance globale et l\u2019entretien de syst\u00e8mes de convoyeurs pr\u00e9sents dans tous les secteurs productifs de l\u2019\u00e9conomie (minerais, agroalimentaire, logistique et environnement notamment).<\/p>\n<p>&nbsp;<\/p>\n<p>Dirig\u00e9 depuis 2010 par Samuel et James Perriez, 4<sup>\u00e8me<\/sup> g\u00e9n\u00e9ration de la famille,\u00a0le groupe s\u2019est fortement d\u00e9velopp\u00e9 par croissance organique ainsi que par une politique de croissance externe ambitieuse. En t\u00e9moignent les plus de 20 op\u00e9rations r\u00e9alis\u00e9es depuis 2015 avec notamment ses prises de participations dans ABM TECNA en Belgique en 2017, et dans d\u2019autres soci\u00e9t\u00e9s europ\u00e9ennes du m\u00eame secteur, notamment en Espagne et en Allemagne.<\/p>\n<p>&nbsp;<\/p>\n<p>Aujourd\u2019hui le groupe g\u00e8re un r\u00e9seau de plus de 100 points services en France, Espagne, Belgique, Allemagne et Luxembourg.<\/p>\n<p>&nbsp;<\/p>\n<p>Avec le soutien de l\u2019\u00e9quipe Ardian Expansion, l\u2019\u00e9quipe de management emmen\u00e9e par Samuel et James Perriez entend poursuivre le d\u00e9veloppement du groupe aussi bien en France qu\u2019\u00e0 l\u2019international, b\u00e9n\u00e9ficiant de l\u2019externalisation croissante des prestations de maintenance en Europe ainsi que d\u2019un march\u00e9 encore tr\u00e8s fragment\u00e9. La r\u00e9alisation de l\u2019op\u00e9ration reste soumise \u00e0 l\u2019approbation de l\u2019autorit\u00e9 de la concurrence.<\/p>\n<p>&nbsp;<\/p>\n<p>Alexis Lavaillote,\u00a0Managing Director chez Ardian Expansion, d\u00e9clare\u00a0: \u00ab Ardian Expansion est fier d\u2019entrer au capital d\u2019une entreprise familiale comme NetCo. L\u2019excellente r\u00e9putation du groupe ainsi que la qualit\u00e9 de l\u2019\u00e9quipe de direction men\u00e9e par Samuel et James Perriez ont permis de b\u00e2tir l\u2019un des acteurs europ\u00e9ens majeurs de son secteur, que nous souhaitons accompagner dans la prochaine \u00e9tape de son d\u00e9veloppement. Nous nous r\u00e9jouissons donc du partenariat strat\u00e9gique \u00e0 venir que nous abordons avec beaucoup d\u2019ambition\u00a0\u00bb<\/p>\n<p>&nbsp;<\/p>\n<p>Samuel et James Perriez ajoutent\u00a0: \u00ab\u00a0Nous souhaitons acc\u00e9l\u00e9rer notre d\u00e9veloppement \u00e0 l\u2019international en capitalisant sur nos valeurs d\u2019entreprise familiale, il \u00e9tait donc naturel de nous rapprocher d\u2019Ardian et de ses \u00e9quipes qui ont toutes les comp\u00e9tences pour permettre au Groupe NetCo d\u2019atteindre ses ambitions \u00bb<\/p>\n<p>&nbsp;<\/p>\n<p>Pierre Gallix et Arnaud Bosc, Associ\u00e9s d\u2019IK Investment Partners concluent\u00a0: \u00ab\u00a0La transformation de NetCo en un acteur de r\u00e9f\u00e9rence sur le march\u00e9 europ\u00e9en en seulement deux ans illustre l\u2019implication d\u2019IK en tant qu\u2019investisseur et partenaire des dirigeants d\u2019entreprises pour les accompagner dans leur changement d\u2019\u00e9chelle. Nous saluons le parcours exceptionnel de Samuel et James Perriez et leur souhaitons ainsi qu\u2019\u00e0 Ardian, le meilleur pour ce nouveau chapitre de l\u2019histoire de la soci\u00e9t\u00e9\u00a0\u00bb.<\/p>\n<p>&nbsp;<\/p>\n<p>Fran\u00e7ois-Xavier Mauron, Associ\u00e9 et Arthur Milliard, Directeur de Participations d\u2019Andera MidCap compl\u00e8tent \u00ab\u00a0nous avons rencontr\u00e9 Samuel et James Perriez en 2016 lors de la premi\u00e8re ouverture de capital de ce groupe familial qu\u2019ils avaient d\u00e9j\u00e0 repositionn\u00e9 sur les services industriels. Nous sommes tr\u00e8s fiers d\u2019avoir accompagn\u00e9 Samuel et James dans le changement d\u2019\u00e9chelle du groupe qui a plus que tripl\u00e9 de taille en moins de 4 ans, s\u2019est internationalis\u00e9 et a su combiner croissance organique et externe tout en attirant des talents et des entrepreneurs. Croissance qui s\u2019est acc\u00e9l\u00e9r\u00e9e avec l\u2019appui de nos confr\u00e8res d\u2019IK depuis 2019.\u00a0\u00bb<\/p>\n","protected":false},"excerpt":{"rendered":"<p>Fond\u00e9 \u00e0 Bordeaux en 1902 par la famille Perriez, NetCo s\u2019est impos\u00e9 comme l\u2019un des leaders europ\u00e9ens de la conception, la maintenance globale et l\u2019entretien de syst\u00e8mes de convoyeurs pr\u00e9sents dans tous les secteurs productifs de l\u2019\u00e9conomie (minerais, agroalimentaire, logistique et environnement notamment). &nbsp; Dirig\u00e9 depuis 2010 par Samuel et James Perriez, 4\u00e8me g\u00e9n\u00e9ration de&#8230;<\/p>\n","protected":false},"author":2,"featured_media":0,"comment_status":"closed","ping_status":"open","sticky":false,"template":"","format":"standard","meta":[],"categories":[80],"class_list":["post-7825","post","type-post","status-publish","format-standard","hentry","category-winch-capital"],"acf":[],"yoast_head":"<!-- This site is optimized with the Yoast SEO plugin v24.1 - https:\/\/yoast.com\/wordpress\/plugins\/seo\/ -->\n<title>Andera Partners c\u00e8de sa participation dans le groupe Netco - ANDERA PARTNERS<\/title>\n<meta name=\"robots\" content=\"index, follow, max-snippet:-1, max-image-preview:large, max-video-preview:-1\" \/>\n<link rel=\"canonical\" href=\"https:\/\/www.anderapartners.com\/fr\/andera-partners-cede-sa-participation-dans-le-groupe-netco\/\" \/>\n<meta property=\"og:locale\" content=\"fr_FR\" \/>\n<meta property=\"og:type\" content=\"article\" \/>\n<meta property=\"og:title\" content=\"Andera Partners c\u00e8de sa participation dans le groupe Netco - ANDERA PARTNERS\" \/>\n<meta property=\"og:description\" content=\"Fond\u00e9 \u00e0 Bordeaux en 1902 par la famille Perriez, NetCo s\u2019est impos\u00e9 comme l\u2019un des leaders europ\u00e9ens de la conception, la maintenance globale et l\u2019entretien de syst\u00e8mes de convoyeurs pr\u00e9sents dans tous les secteurs productifs de l\u2019\u00e9conomie (minerais, agroalimentaire, logistique et environnement notamment). &nbsp; Dirig\u00e9 depuis 2010 par Samuel et James Perriez, 4\u00e8me g\u00e9n\u00e9ration de...\" \/>\n<meta property=\"og:url\" content=\"https:\/\/www.anderapartners.com\/fr\/andera-partners-cede-sa-participation-dans-le-groupe-netco\/\" \/>\n<meta property=\"og:site_name\" content=\"ANDERA PARTNERS\" \/>\n<meta property=\"article:published_time\" content=\"2021-06-18T13:09:38+00:00\" \/>\n<meta name=\"author\" content=\"Nicolas Delsert\" \/>\n<meta name=\"twitter:card\" content=\"summary_large_image\" \/>\n<meta name=\"twitter:label1\" content=\"\u00c9crit par\" \/>\n\t<meta name=\"twitter:data1\" content=\"Nicolas Delsert\" \/>\n\t<meta name=\"twitter:label2\" content=\"Dur\u00e9e de lecture estim\u00e9e\" \/>\n\t<meta name=\"twitter:data2\" content=\"3 minutes\" \/>\n<script type=\"application\/ld+json\" class=\"yoast-schema-graph\">{\"@context\":\"https:\/\/schema.org\",\"@graph\":[{\"@type\":\"Article\",\"@id\":\"https:\/\/www.anderapartners.com\/fr\/andera-partners-cede-sa-participation-dans-le-groupe-netco\/#article\",\"isPartOf\":{\"@id\":\"https:\/\/www.anderapartners.com\/fr\/andera-partners-cede-sa-participation-dans-le-groupe-netco\/\"},\"author\":{\"name\":\"Nicolas Delsert\",\"@id\":\"https:\/\/www.anderapartners.com\/fr\/#\/schema\/person\/dce1d4a32f2d85f191a44527e202942c\"},\"headline\":\"Andera Partners c\u00e8de sa participation dans le groupe Netco\",\"datePublished\":\"2021-06-18T13:09:38+00:00\",\"dateModified\":\"2021-06-18T13:09:38+00:00\",\"mainEntityOfPage\":{\"@id\":\"https:\/\/www.anderapartners.com\/fr\/andera-partners-cede-sa-participation-dans-le-groupe-netco\/\"},\"wordCount\":569,\"publisher\":{\"@id\":\"https:\/\/www.anderapartners.com\/fr\/#organization\"},\"articleSection\":[\"andera MidCap\"],\"inLanguage\":\"fr-FR\"},{\"@type\":\"WebPage\",\"@id\":\"https:\/\/www.anderapartners.com\/fr\/andera-partners-cede-sa-participation-dans-le-groupe-netco\/\",\"url\":\"https:\/\/www.anderapartners.com\/fr\/andera-partners-cede-sa-participation-dans-le-groupe-netco\/\",\"name\":\"Andera Partners c\u00e8de sa participation dans le groupe Netco - ANDERA PARTNERS\",\"isPartOf\":{\"@id\":\"https:\/\/www.anderapartners.com\/fr\/#website\"},\"datePublished\":\"2021-06-18T13:09:38+00:00\",\"dateModified\":\"2021-06-18T13:09:38+00:00\",\"breadcrumb\":{\"@id\":\"https:\/\/www.anderapartners.com\/fr\/andera-partners-cede-sa-participation-dans-le-groupe-netco\/#breadcrumb\"},\"inLanguage\":\"fr-FR\",\"potentialAction\":[{\"@type\":\"ReadAction\",\"target\":[\"https:\/\/www.anderapartners.com\/fr\/andera-partners-cede-sa-participation-dans-le-groupe-netco\/\"]}]},{\"@type\":\"BreadcrumbList\",\"@id\":\"https:\/\/www.anderapartners.com\/fr\/andera-partners-cede-sa-participation-dans-le-groupe-netco\/#breadcrumb\",\"itemListElement\":[{\"@type\":\"ListItem\",\"position\":1,\"name\":\"Accueil\",\"item\":\"https:\/\/www.anderapartners.com\/fr\/\"},{\"@type\":\"ListItem\",\"position\":2,\"name\":\"Andera Partners c\u00e8de sa participation dans le groupe Netco\"}]},{\"@type\":\"WebSite\",\"@id\":\"https:\/\/www.anderapartners.com\/fr\/#website\",\"url\":\"https:\/\/www.anderapartners.com\/fr\/\",\"name\":\"ANDERA PARTNERS\",\"description\":\"\",\"publisher\":{\"@id\":\"https:\/\/www.anderapartners.com\/fr\/#organization\"},\"potentialAction\":[{\"@type\":\"SearchAction\",\"target\":{\"@type\":\"EntryPoint\",\"urlTemplate\":\"https:\/\/www.anderapartners.com\/fr\/?s={search_term_string}\"},\"query-input\":{\"@type\":\"PropertyValueSpecification\",\"valueRequired\":true,\"valueName\":\"search_term_string\"}}],\"inLanguage\":\"fr-FR\"},{\"@type\":\"Organization\",\"@id\":\"https:\/\/www.anderapartners.com\/fr\/#organization\",\"name\":\"Andera Partners\",\"url\":\"https:\/\/www.anderapartners.com\/fr\/\",\"logo\":{\"@type\":\"ImageObject\",\"inLanguage\":\"fr-FR\",\"@id\":\"https:\/\/www.anderapartners.com\/fr\/#\/schema\/logo\/image\/\",\"url\":\"https:\/\/www.anderapartners.com\/wp-content\/uploads\/2020\/08\/logo-white.svg\",\"contentUrl\":\"https:\/\/www.anderapartners.com\/wp-content\/uploads\/2020\/08\/logo-white.svg\",\"width\":107,\"height\":44,\"caption\":\"Andera Partners\"},\"image\":{\"@id\":\"https:\/\/www.anderapartners.com\/fr\/#\/schema\/logo\/image\/\"}},{\"@type\":\"Person\",\"@id\":\"https:\/\/www.anderapartners.com\/fr\/#\/schema\/person\/dce1d4a32f2d85f191a44527e202942c\",\"name\":\"Nicolas Delsert\",\"image\":{\"@type\":\"ImageObject\",\"inLanguage\":\"fr-FR\",\"@id\":\"https:\/\/www.anderapartners.com\/fr\/#\/schema\/person\/image\/\",\"url\":\"https:\/\/secure.gravatar.com\/avatar\/fca7b29302058c85588bc6bc3db9bd1e?s=96&d=mm&r=g\",\"contentUrl\":\"https:\/\/secure.gravatar.com\/avatar\/fca7b29302058c85588bc6bc3db9bd1e?s=96&d=mm&r=g\",\"caption\":\"Nicolas Delsert\"}}]}<\/script>\n<!-- \/ Yoast SEO plugin. -->","yoast_head_json":{"title":"Andera Partners c\u00e8de sa participation dans le groupe Netco - ANDERA PARTNERS","robots":{"index":"index","follow":"follow","max-snippet":"max-snippet:-1","max-image-preview":"max-image-preview:large","max-video-preview":"max-video-preview:-1"},"canonical":"https:\/\/www.anderapartners.com\/fr\/andera-partners-cede-sa-participation-dans-le-groupe-netco\/","og_locale":"fr_FR","og_type":"article","og_title":"Andera Partners c\u00e8de sa participation dans le groupe Netco - ANDERA PARTNERS","og_description":"Fond\u00e9 \u00e0 Bordeaux en 1902 par la famille Perriez, NetCo s\u2019est impos\u00e9 comme l\u2019un des leaders europ\u00e9ens de la conception, la maintenance globale et l\u2019entretien de syst\u00e8mes de convoyeurs pr\u00e9sents dans tous les secteurs productifs de l\u2019\u00e9conomie (minerais, agroalimentaire, logistique et environnement notamment). &nbsp; Dirig\u00e9 depuis 2010 par Samuel et James Perriez, 4\u00e8me g\u00e9n\u00e9ration de...","og_url":"https:\/\/www.anderapartners.com\/fr\/andera-partners-cede-sa-participation-dans-le-groupe-netco\/","og_site_name":"ANDERA PARTNERS","article_published_time":"2021-06-18T13:09:38+00:00","author":"Nicolas Delsert","twitter_card":"summary_large_image","twitter_misc":{"\u00c9crit par":"Nicolas Delsert","Dur\u00e9e de lecture estim\u00e9e":"3 minutes"},"schema":{"@context":"https:\/\/schema.org","@graph":[{"@type":"Article","@id":"https:\/\/www.anderapartners.com\/fr\/andera-partners-cede-sa-participation-dans-le-groupe-netco\/#article","isPartOf":{"@id":"https:\/\/www.anderapartners.com\/fr\/andera-partners-cede-sa-participation-dans-le-groupe-netco\/"},"author":{"name":"Nicolas Delsert","@id":"https:\/\/www.anderapartners.com\/fr\/#\/schema\/person\/dce1d4a32f2d85f191a44527e202942c"},"headline":"Andera Partners c\u00e8de sa participation dans le groupe Netco","datePublished":"2021-06-18T13:09:38+00:00","dateModified":"2021-06-18T13:09:38+00:00","mainEntityOfPage":{"@id":"https:\/\/www.anderapartners.com\/fr\/andera-partners-cede-sa-participation-dans-le-groupe-netco\/"},"wordCount":569,"publisher":{"@id":"https:\/\/www.anderapartners.com\/fr\/#organization"},"articleSection":["andera MidCap"],"inLanguage":"fr-FR"},{"@type":"WebPage","@id":"https:\/\/www.anderapartners.com\/fr\/andera-partners-cede-sa-participation-dans-le-groupe-netco\/","url":"https:\/\/www.anderapartners.com\/fr\/andera-partners-cede-sa-participation-dans-le-groupe-netco\/","name":"Andera Partners c\u00e8de sa participation dans le groupe Netco - ANDERA PARTNERS","isPartOf":{"@id":"https:\/\/www.anderapartners.com\/fr\/#website"},"datePublished":"2021-06-18T13:09:38+00:00","dateModified":"2021-06-18T13:09:38+00:00","breadcrumb":{"@id":"https:\/\/www.anderapartners.com\/fr\/andera-partners-cede-sa-participation-dans-le-groupe-netco\/#breadcrumb"},"inLanguage":"fr-FR","potentialAction":[{"@type":"ReadAction","target":["https:\/\/www.anderapartners.com\/fr\/andera-partners-cede-sa-participation-dans-le-groupe-netco\/"]}]},{"@type":"BreadcrumbList","@id":"https:\/\/www.anderapartners.com\/fr\/andera-partners-cede-sa-participation-dans-le-groupe-netco\/#breadcrumb","itemListElement":[{"@type":"ListItem","position":1,"name":"Accueil","item":"https:\/\/www.anderapartners.com\/fr\/"},{"@type":"ListItem","position":2,"name":"Andera Partners c\u00e8de sa participation dans le groupe Netco"}]},{"@type":"WebSite","@id":"https:\/\/www.anderapartners.com\/fr\/#website","url":"https:\/\/www.anderapartners.com\/fr\/","name":"ANDERA PARTNERS","description":"","publisher":{"@id":"https:\/\/www.anderapartners.com\/fr\/#organization"},"potentialAction":[{"@type":"SearchAction","target":{"@type":"EntryPoint","urlTemplate":"https:\/\/www.anderapartners.com\/fr\/?s={search_term_string}"},"query-input":{"@type":"PropertyValueSpecification","valueRequired":true,"valueName":"search_term_string"}}],"inLanguage":"fr-FR"},{"@type":"Organization","@id":"https:\/\/www.anderapartners.com\/fr\/#organization","name":"Andera Partners","url":"https:\/\/www.anderapartners.com\/fr\/","logo":{"@type":"ImageObject","inLanguage":"fr-FR","@id":"https:\/\/www.anderapartners.com\/fr\/#\/schema\/logo\/image\/","url":"https:\/\/www.anderapartners.com\/wp-content\/uploads\/2020\/08\/logo-white.svg","contentUrl":"https:\/\/www.anderapartners.com\/wp-content\/uploads\/2020\/08\/logo-white.svg","width":107,"height":44,"caption":"Andera Partners"},"image":{"@id":"https:\/\/www.anderapartners.com\/fr\/#\/schema\/logo\/image\/"}},{"@type":"Person","@id":"https:\/\/www.anderapartners.com\/fr\/#\/schema\/person\/dce1d4a32f2d85f191a44527e202942c","name":"Nicolas Delsert","image":{"@type":"ImageObject","inLanguage":"fr-FR","@id":"https:\/\/www.anderapartners.com\/fr\/#\/schema\/person\/image\/","url":"https:\/\/secure.gravatar.com\/avatar\/fca7b29302058c85588bc6bc3db9bd1e?s=96&d=mm&r=g","contentUrl":"https:\/\/secure.gravatar.com\/avatar\/fca7b29302058c85588bc6bc3db9bd1e?s=96&d=mm&r=g","caption":"Nicolas Delsert"}}]}},"_links":{"self":[{"href":"https:\/\/www.anderapartners.com\/fr\/wp-json\/wp\/v2\/posts\/7825","targetHints":{"allow":["GET"]}}],"collection":[{"href":"https:\/\/www.anderapartners.com\/fr\/wp-json\/wp\/v2\/posts"}],"about":[{"href":"https:\/\/www.anderapartners.com\/fr\/wp-json\/wp\/v2\/types\/post"}],"author":[{"embeddable":true,"href":"https:\/\/www.anderapartners.com\/fr\/wp-json\/wp\/v2\/users\/2"}],"replies":[{"embeddable":true,"href":"https:\/\/www.anderapartners.com\/fr\/wp-json\/wp\/v2\/comments?post=7825"}],"version-history":[{"count":0,"href":"https:\/\/www.anderapartners.com\/fr\/wp-json\/wp\/v2\/posts\/7825\/revisions"}],"wp:attachment":[{"href":"https:\/\/www.anderapartners.com\/fr\/wp-json\/wp\/v2\/media?parent=7825"}],"wp:term":[{"taxonomy":"category","embeddable":true,"href":"https:\/\/www.anderapartners.com\/fr\/wp-json\/wp\/v2\/categories?post=7825"}],"curies":[{"name":"wp","href":"https:\/\/api.w.org\/{rel}","templated":true}]}}