{"id":7477,"date":"2021-04-06T10:53:37","date_gmt":"2021-04-06T08:53:37","guid":{"rendered":"https:\/\/www.anderapartners.com\/?p=7477"},"modified":"2021-04-06T10:53:37","modified_gmt":"2021-04-06T08:53:37","slug":"andera-partners-cree-sa-fondation-et-renouvelle-son-engagement-aupres-du-monde-associatif","status":"publish","type":"post","link":"https:\/\/www.anderapartners.com\/fr\/andera-partners-cree-sa-fondation-et-renouvelle-son-engagement-aupres-du-monde-associatif\/","title":{"rendered":"Andera Partners cr\u00e9e sa Fondation et renouvelle son engagement aupr\u00e8s du monde associatif"},"content":{"rendered":"<p>Andera Partners, acteur responsable et engag\u00e9 dans le domaine du capital-investissement, cr\u00e9e la Fondation Andera Partners. En cr\u00e9ant sa fondation, Andera Partners renouvelle son engagement aupr\u00e8s du monde associatif et s\u2019inscrit dans la consolidation de ses engagements RSE.<\/p>\n<p>A l\u2019origine de cette initiative se trouve la volont\u00e9 d\u2019Andera Partners d\u2019impacter davantage son \u00e9cosyst\u00e8me et de f\u00e9d\u00e9rer les communaut\u00e9s et ses \u00e9quipes autour d\u2019enjeux durables. La Fondation Andera Partners agira \u00e0 diff\u00e9rentes \u00e9chelles, principalement \u00e0 travers un accompagnement financier et de comp\u00e9tence sous forme de m\u00e9c\u00e9nat, mais \u00e9galement \u00e0 travers l\u2019implication directe de ses \u00e9quipes sur des actions concr\u00e8tes<\/p>\n<p>Andera Partners souhaite privil\u00e9gier un accompagnement dans la dur\u00e9e d\u2019associations tourn\u00e9es vers le concret et l\u2019impact. Pour ce faire, la Fondation mobilisera son soutien autour de quatre th\u00e9matiques identifi\u00e9es par la soci\u00e9t\u00e9 de gestion comme autant de priorit\u00e9s de son engagement et d\u2019enjeux du d\u00e9veloppement durable\u00a0: la protection de l\u2019environnement, l\u2019\u00e9ducation, la sant\u00e9 et la lutte contre les discriminations.<\/p>\n<p>Sylvain Charignon et Rapha\u00ebl Wisniewski, g\u00e9rants d\u2019Andera Partners commentent\u00a0: <em>\u00ab\u00a0Avec la Fondation Andera Partners, nous entendons agir concr\u00e8tement sur ces enjeux majeurs qui sont l\u2019affaire de tous. A travers nos engagements associatifs, nous souhaitons avoir un impact sur notre \u00e9cosyst\u00e8me et mettre en \u0153uvre la raison d\u2019\u00eatre d\u2019Andera\u00a0: la puissance du collectif, le Power of and\u00a0\u00bb.<\/em><\/p>\n<p>Abrit\u00e9e par la Fondation de France, la Fondation Andera Partners b\u00e9n\u00e9ficiera d\u2019une visibilit\u00e9 \u00e9largie sur le monde associatif et de la possibilit\u00e9 de mettre en \u0153uvre des actions crois\u00e9es sur ces quatre th\u00e8mes, contribuant ainsi \u00e0 la consolidation d\u2019un \u00e9cosyst\u00e8me solidaire et responsable.<\/p>\n<p>Des th\u00e8mes sur lesquels les \u00e9quipes d\u2019Andera Partners sont d\u00e9j\u00e0 engag\u00e9es. Depuis 2019, la soci\u00e9t\u00e9 de gestion apporte son soutien financier et humain aux associations <strong><u>h\u2019up entrepreneurs<\/u><\/strong> et <strong><u>Capitales<\/u><\/strong> qui d\u00e9ploient des actions de mentoring aupr\u00e8s des entrepreneurs en situation de handicap pour la premi\u00e8re et aupr\u00e8s des jeunes d\u00e9favoris\u00e9s pour la seconde. Les \u00e9quipes d\u2019Andera Partners seront d\u00e9sormais mobilis\u00e9es \u00e9galement aupr\u00e8s de la Fondation <strong><u>Project Rescue Ocean<\/u><\/strong> qui agit concr\u00e8tement pour la protection des mers et des oc\u00e9ans. Enfin sur la th\u00e9matique sant\u00e9, la Fondation Andera Partners soutient <strong><u>l\u2019Association Laurette Fugain<\/u><\/strong> qui lutte contre les leuc\u00e9mies, et <strong><u>La Maison des Femmes<\/u><\/strong>, lieu de prise en charge unique des femmes en difficult\u00e9 ou victimes de violence.<\/p>\n<p>\u00ab\u00a0Nous sommes convaincus que l\u2019entreprise constitue l\u2019un des lieux o\u00f9 la solidarit\u00e9 s\u2019exerce encore. Nous souhaitons nous efforcer de faire levier sur notre influence pour que cette solidarit\u00e9 s\u2019exprime pleinement, au-del\u00e0 de notre simple m\u00e9tier.\u00a0\u00bb ajoutent Sylvain Charignon et Rapha\u00ebl Wisniewski.<\/p>\n","protected":false},"excerpt":{"rendered":"<p>Andera Partners, acteur responsable et engag\u00e9 dans le domaine du capital-investissement, cr\u00e9e la Fondation Andera Partners. En cr\u00e9ant sa fondation, Andera Partners renouvelle son engagement aupr\u00e8s du monde associatif et s\u2019inscrit dans la consolidation de ses engagements RSE. A l\u2019origine de cette initiative se trouve la volont\u00e9 d\u2019Andera Partners d\u2019impacter davantage son \u00e9cosyst\u00e8me et de&#8230;<\/p>\n","protected":false},"author":2,"featured_media":0,"comment_status":"closed","ping_status":"open","sticky":false,"template":"","format":"standard","meta":[],"categories":[152],"class_list":["post-7477","post","type-post","status-publish","format-standard","hentry","category-andera-partners"],"acf":[],"yoast_head":"<!-- This site is optimized with the Yoast SEO plugin v24.1 - https:\/\/yoast.com\/wordpress\/plugins\/seo\/ -->\n<title>Andera Partners cr\u00e9e sa Fondation et renouvelle son engagement aupr\u00e8s du monde associatif - ANDERA PARTNERS<\/title>\n<meta name=\"robots\" content=\"index, follow, max-snippet:-1, max-image-preview:large, max-video-preview:-1\" \/>\n<link rel=\"canonical\" href=\"https:\/\/www.anderapartners.com\/fr\/andera-partners-cree-sa-fondation-et-renouvelle-son-engagement-aupres-du-monde-associatif\/\" \/>\n<meta property=\"og:locale\" content=\"fr_FR\" \/>\n<meta property=\"og:type\" content=\"article\" \/>\n<meta property=\"og:title\" content=\"Andera Partners cr\u00e9e sa Fondation et renouvelle son engagement aupr\u00e8s du monde associatif - ANDERA PARTNERS\" \/>\n<meta property=\"og:description\" content=\"Andera Partners, acteur responsable et engag\u00e9 dans le domaine du capital-investissement, cr\u00e9e la Fondation Andera Partners. En cr\u00e9ant sa fondation, Andera Partners renouvelle son engagement aupr\u00e8s du monde associatif et s\u2019inscrit dans la consolidation de ses engagements RSE. A l\u2019origine de cette initiative se trouve la volont\u00e9 d\u2019Andera Partners d\u2019impacter davantage son \u00e9cosyst\u00e8me et de...\" \/>\n<meta property=\"og:url\" content=\"https:\/\/www.anderapartners.com\/fr\/andera-partners-cree-sa-fondation-et-renouvelle-son-engagement-aupres-du-monde-associatif\/\" \/>\n<meta property=\"og:site_name\" content=\"ANDERA PARTNERS\" \/>\n<meta property=\"article:published_time\" content=\"2021-04-06T08:53:37+00:00\" \/>\n<meta name=\"author\" content=\"Nicolas Delsert\" \/>\n<meta name=\"twitter:card\" content=\"summary_large_image\" \/>\n<meta name=\"twitter:label1\" content=\"\u00c9crit par\" \/>\n\t<meta name=\"twitter:data1\" content=\"Nicolas Delsert\" \/>\n\t<meta name=\"twitter:label2\" content=\"Dur\u00e9e de lecture estim\u00e9e\" \/>\n\t<meta name=\"twitter:data2\" content=\"2 minutes\" \/>\n<script type=\"application\/ld+json\" class=\"yoast-schema-graph\">{\"@context\":\"https:\/\/schema.org\",\"@graph\":[{\"@type\":\"Article\",\"@id\":\"https:\/\/www.anderapartners.com\/fr\/andera-partners-cree-sa-fondation-et-renouvelle-son-engagement-aupres-du-monde-associatif\/#article\",\"isPartOf\":{\"@id\":\"https:\/\/www.anderapartners.com\/fr\/andera-partners-cree-sa-fondation-et-renouvelle-son-engagement-aupres-du-monde-associatif\/\"},\"author\":{\"name\":\"Nicolas Delsert\",\"@id\":\"https:\/\/www.anderapartners.com\/fr\/#\/schema\/person\/dce1d4a32f2d85f191a44527e202942c\"},\"headline\":\"Andera Partners cr\u00e9e sa Fondation et renouvelle son engagement aupr\u00e8s du monde associatif\",\"datePublished\":\"2021-04-06T08:53:37+00:00\",\"dateModified\":\"2021-04-06T08:53:37+00:00\",\"mainEntityOfPage\":{\"@id\":\"https:\/\/www.anderapartners.com\/fr\/andera-partners-cree-sa-fondation-et-renouvelle-son-engagement-aupres-du-monde-associatif\/\"},\"wordCount\":497,\"publisher\":{\"@id\":\"https:\/\/www.anderapartners.com\/fr\/#organization\"},\"articleSection\":[\"Andera Partners\"],\"inLanguage\":\"fr-FR\"},{\"@type\":\"WebPage\",\"@id\":\"https:\/\/www.anderapartners.com\/fr\/andera-partners-cree-sa-fondation-et-renouvelle-son-engagement-aupres-du-monde-associatif\/\",\"url\":\"https:\/\/www.anderapartners.com\/fr\/andera-partners-cree-sa-fondation-et-renouvelle-son-engagement-aupres-du-monde-associatif\/\",\"name\":\"Andera Partners cr\u00e9e sa Fondation et renouvelle son engagement aupr\u00e8s du monde associatif - ANDERA PARTNERS\",\"isPartOf\":{\"@id\":\"https:\/\/www.anderapartners.com\/fr\/#website\"},\"datePublished\":\"2021-04-06T08:53:37+00:00\",\"dateModified\":\"2021-04-06T08:53:37+00:00\",\"breadcrumb\":{\"@id\":\"https:\/\/www.anderapartners.com\/fr\/andera-partners-cree-sa-fondation-et-renouvelle-son-engagement-aupres-du-monde-associatif\/#breadcrumb\"},\"inLanguage\":\"fr-FR\",\"potentialAction\":[{\"@type\":\"ReadAction\",\"target\":[\"https:\/\/www.anderapartners.com\/fr\/andera-partners-cree-sa-fondation-et-renouvelle-son-engagement-aupres-du-monde-associatif\/\"]}]},{\"@type\":\"BreadcrumbList\",\"@id\":\"https:\/\/www.anderapartners.com\/fr\/andera-partners-cree-sa-fondation-et-renouvelle-son-engagement-aupres-du-monde-associatif\/#breadcrumb\",\"itemListElement\":[{\"@type\":\"ListItem\",\"position\":1,\"name\":\"Accueil\",\"item\":\"https:\/\/www.anderapartners.com\/fr\/\"},{\"@type\":\"ListItem\",\"position\":2,\"name\":\"Andera Partners cr\u00e9e sa Fondation et renouvelle son engagement aupr\u00e8s du monde associatif\"}]},{\"@type\":\"WebSite\",\"@id\":\"https:\/\/www.anderapartners.com\/fr\/#website\",\"url\":\"https:\/\/www.anderapartners.com\/fr\/\",\"name\":\"ANDERA PARTNERS\",\"description\":\"\",\"publisher\":{\"@id\":\"https:\/\/www.anderapartners.com\/fr\/#organization\"},\"potentialAction\":[{\"@type\":\"SearchAction\",\"target\":{\"@type\":\"EntryPoint\",\"urlTemplate\":\"https:\/\/www.anderapartners.com\/fr\/?s={search_term_string}\"},\"query-input\":{\"@type\":\"PropertyValueSpecification\",\"valueRequired\":true,\"valueName\":\"search_term_string\"}}],\"inLanguage\":\"fr-FR\"},{\"@type\":\"Organization\",\"@id\":\"https:\/\/www.anderapartners.com\/fr\/#organization\",\"name\":\"Andera Partners\",\"url\":\"https:\/\/www.anderapartners.com\/fr\/\",\"logo\":{\"@type\":\"ImageObject\",\"inLanguage\":\"fr-FR\",\"@id\":\"https:\/\/www.anderapartners.com\/fr\/#\/schema\/logo\/image\/\",\"url\":\"https:\/\/www.anderapartners.com\/wp-content\/uploads\/2020\/08\/logo-white.svg\",\"contentUrl\":\"https:\/\/www.anderapartners.com\/wp-content\/uploads\/2020\/08\/logo-white.svg\",\"width\":107,\"height\":44,\"caption\":\"Andera Partners\"},\"image\":{\"@id\":\"https:\/\/www.anderapartners.com\/fr\/#\/schema\/logo\/image\/\"}},{\"@type\":\"Person\",\"@id\":\"https:\/\/www.anderapartners.com\/fr\/#\/schema\/person\/dce1d4a32f2d85f191a44527e202942c\",\"name\":\"Nicolas Delsert\",\"image\":{\"@type\":\"ImageObject\",\"inLanguage\":\"fr-FR\",\"@id\":\"https:\/\/www.anderapartners.com\/fr\/#\/schema\/person\/image\/\",\"url\":\"https:\/\/secure.gravatar.com\/avatar\/fca7b29302058c85588bc6bc3db9bd1e?s=96&d=mm&r=g\",\"contentUrl\":\"https:\/\/secure.gravatar.com\/avatar\/fca7b29302058c85588bc6bc3db9bd1e?s=96&d=mm&r=g\",\"caption\":\"Nicolas Delsert\"}}]}<\/script>\n<!-- \/ Yoast SEO plugin. -->","yoast_head_json":{"title":"Andera Partners cr\u00e9e sa Fondation et renouvelle son engagement aupr\u00e8s du monde associatif - ANDERA PARTNERS","robots":{"index":"index","follow":"follow","max-snippet":"max-snippet:-1","max-image-preview":"max-image-preview:large","max-video-preview":"max-video-preview:-1"},"canonical":"https:\/\/www.anderapartners.com\/fr\/andera-partners-cree-sa-fondation-et-renouvelle-son-engagement-aupres-du-monde-associatif\/","og_locale":"fr_FR","og_type":"article","og_title":"Andera Partners cr\u00e9e sa Fondation et renouvelle son engagement aupr\u00e8s du monde associatif - ANDERA PARTNERS","og_description":"Andera Partners, acteur responsable et engag\u00e9 dans le domaine du capital-investissement, cr\u00e9e la Fondation Andera Partners. En cr\u00e9ant sa fondation, Andera Partners renouvelle son engagement aupr\u00e8s du monde associatif et s\u2019inscrit dans la consolidation de ses engagements RSE. A l\u2019origine de cette initiative se trouve la volont\u00e9 d\u2019Andera Partners d\u2019impacter davantage son \u00e9cosyst\u00e8me et de...","og_url":"https:\/\/www.anderapartners.com\/fr\/andera-partners-cree-sa-fondation-et-renouvelle-son-engagement-aupres-du-monde-associatif\/","og_site_name":"ANDERA PARTNERS","article_published_time":"2021-04-06T08:53:37+00:00","author":"Nicolas Delsert","twitter_card":"summary_large_image","twitter_misc":{"\u00c9crit par":"Nicolas Delsert","Dur\u00e9e de lecture estim\u00e9e":"2 minutes"},"schema":{"@context":"https:\/\/schema.org","@graph":[{"@type":"Article","@id":"https:\/\/www.anderapartners.com\/fr\/andera-partners-cree-sa-fondation-et-renouvelle-son-engagement-aupres-du-monde-associatif\/#article","isPartOf":{"@id":"https:\/\/www.anderapartners.com\/fr\/andera-partners-cree-sa-fondation-et-renouvelle-son-engagement-aupres-du-monde-associatif\/"},"author":{"name":"Nicolas Delsert","@id":"https:\/\/www.anderapartners.com\/fr\/#\/schema\/person\/dce1d4a32f2d85f191a44527e202942c"},"headline":"Andera Partners cr\u00e9e sa Fondation et renouvelle son engagement aupr\u00e8s du monde associatif","datePublished":"2021-04-06T08:53:37+00:00","dateModified":"2021-04-06T08:53:37+00:00","mainEntityOfPage":{"@id":"https:\/\/www.anderapartners.com\/fr\/andera-partners-cree-sa-fondation-et-renouvelle-son-engagement-aupres-du-monde-associatif\/"},"wordCount":497,"publisher":{"@id":"https:\/\/www.anderapartners.com\/fr\/#organization"},"articleSection":["Andera Partners"],"inLanguage":"fr-FR"},{"@type":"WebPage","@id":"https:\/\/www.anderapartners.com\/fr\/andera-partners-cree-sa-fondation-et-renouvelle-son-engagement-aupres-du-monde-associatif\/","url":"https:\/\/www.anderapartners.com\/fr\/andera-partners-cree-sa-fondation-et-renouvelle-son-engagement-aupres-du-monde-associatif\/","name":"Andera Partners cr\u00e9e sa Fondation et renouvelle son engagement aupr\u00e8s du monde associatif - ANDERA PARTNERS","isPartOf":{"@id":"https:\/\/www.anderapartners.com\/fr\/#website"},"datePublished":"2021-04-06T08:53:37+00:00","dateModified":"2021-04-06T08:53:37+00:00","breadcrumb":{"@id":"https:\/\/www.anderapartners.com\/fr\/andera-partners-cree-sa-fondation-et-renouvelle-son-engagement-aupres-du-monde-associatif\/#breadcrumb"},"inLanguage":"fr-FR","potentialAction":[{"@type":"ReadAction","target":["https:\/\/www.anderapartners.com\/fr\/andera-partners-cree-sa-fondation-et-renouvelle-son-engagement-aupres-du-monde-associatif\/"]}]},{"@type":"BreadcrumbList","@id":"https:\/\/www.anderapartners.com\/fr\/andera-partners-cree-sa-fondation-et-renouvelle-son-engagement-aupres-du-monde-associatif\/#breadcrumb","itemListElement":[{"@type":"ListItem","position":1,"name":"Accueil","item":"https:\/\/www.anderapartners.com\/fr\/"},{"@type":"ListItem","position":2,"name":"Andera Partners cr\u00e9e sa Fondation et renouvelle son engagement aupr\u00e8s du monde associatif"}]},{"@type":"WebSite","@id":"https:\/\/www.anderapartners.com\/fr\/#website","url":"https:\/\/www.anderapartners.com\/fr\/","name":"ANDERA PARTNERS","description":"","publisher":{"@id":"https:\/\/www.anderapartners.com\/fr\/#organization"},"potentialAction":[{"@type":"SearchAction","target":{"@type":"EntryPoint","urlTemplate":"https:\/\/www.anderapartners.com\/fr\/?s={search_term_string}"},"query-input":{"@type":"PropertyValueSpecification","valueRequired":true,"valueName":"search_term_string"}}],"inLanguage":"fr-FR"},{"@type":"Organization","@id":"https:\/\/www.anderapartners.com\/fr\/#organization","name":"Andera Partners","url":"https:\/\/www.anderapartners.com\/fr\/","logo":{"@type":"ImageObject","inLanguage":"fr-FR","@id":"https:\/\/www.anderapartners.com\/fr\/#\/schema\/logo\/image\/","url":"https:\/\/www.anderapartners.com\/wp-content\/uploads\/2020\/08\/logo-white.svg","contentUrl":"https:\/\/www.anderapartners.com\/wp-content\/uploads\/2020\/08\/logo-white.svg","width":107,"height":44,"caption":"Andera Partners"},"image":{"@id":"https:\/\/www.anderapartners.com\/fr\/#\/schema\/logo\/image\/"}},{"@type":"Person","@id":"https:\/\/www.anderapartners.com\/fr\/#\/schema\/person\/dce1d4a32f2d85f191a44527e202942c","name":"Nicolas Delsert","image":{"@type":"ImageObject","inLanguage":"fr-FR","@id":"https:\/\/www.anderapartners.com\/fr\/#\/schema\/person\/image\/","url":"https:\/\/secure.gravatar.com\/avatar\/fca7b29302058c85588bc6bc3db9bd1e?s=96&d=mm&r=g","contentUrl":"https:\/\/secure.gravatar.com\/avatar\/fca7b29302058c85588bc6bc3db9bd1e?s=96&d=mm&r=g","caption":"Nicolas Delsert"}}]}},"_links":{"self":[{"href":"https:\/\/www.anderapartners.com\/fr\/wp-json\/wp\/v2\/posts\/7477","targetHints":{"allow":["GET"]}}],"collection":[{"href":"https:\/\/www.anderapartners.com\/fr\/wp-json\/wp\/v2\/posts"}],"about":[{"href":"https:\/\/www.anderapartners.com\/fr\/wp-json\/wp\/v2\/types\/post"}],"author":[{"embeddable":true,"href":"https:\/\/www.anderapartners.com\/fr\/wp-json\/wp\/v2\/users\/2"}],"replies":[{"embeddable":true,"href":"https:\/\/www.anderapartners.com\/fr\/wp-json\/wp\/v2\/comments?post=7477"}],"version-history":[{"count":0,"href":"https:\/\/www.anderapartners.com\/fr\/wp-json\/wp\/v2\/posts\/7477\/revisions"}],"wp:attachment":[{"href":"https:\/\/www.anderapartners.com\/fr\/wp-json\/wp\/v2\/media?parent=7477"}],"wp:term":[{"taxonomy":"category","embeddable":true,"href":"https:\/\/www.anderapartners.com\/fr\/wp-json\/wp\/v2\/categories?post=7477"}],"curies":[{"name":"wp","href":"https:\/\/api.w.org\/{rel}","templated":true}]}}