{"id":7307,"date":"2021-02-01T10:00:46","date_gmt":"2021-02-01T09:00:46","guid":{"rendered":"https:\/\/www.anderapartners.com\/?p=7307"},"modified":"2021-02-02T14:03:27","modified_gmt":"2021-02-02T13:03:27","slug":"andera-acto-finalise-la-reprise-de-sogetrel","status":"publish","type":"post","link":"https:\/\/www.anderapartners.com\/fr\/andera-acto-finalise-la-reprise-de-sogetrel\/","title":{"rendered":"Andera Acto finalise la reprise de Sogetrel"},"content":{"rendered":"<p>Sous la direction de son pr\u00e9sident Xavier Vignon, Sogetrel compte parmi les int\u00e9grateurs leaders de la s\u00fbret\u00e9 \u00e9lectronique et des services aux infrastructures digitales des entreprises et de la Smart City.<\/p>\n<p>Des compteurs intelligents au b\u00e2timent communicants, en passant par les raccordements au tr\u00e8s haut d\u00e9bit, SOGETREL offre des solutions cl\u00e9 en mains \u00e0 tous les utilisateurs infrastructures digitales, que ce soit dans le retail, la d\u00e9fense, le transport, l\u2019industrie ou les services.<\/p>\n<p>Le chiffre d\u2019affaires de Sogetrel est ainsi pass\u00e9 de plus de 250 millions d\u2019euros en 2015 \u00e0 760 millions d\u2019euros en 2020 en s\u2019appuyant sur une centaine d\u2019implantations, outre son si\u00e8ge \u00e0 Issy-les-Moulineaux, pr\u00e8s de Paris.<\/p>\n<p>Le plan strat\u00e9gique de Sogetrel vise \u00e0 poursuivre son fort d\u00e9veloppement sur les march\u00e9s en pleine expansion des infrastructures digitales et des objets connect\u00e9s.<\/p>\n<p>Avec cette op\u00e9ration, les 120 managers-actionnaires de SOGETREL se sont choisi de nouveaux partenaires financiers pour acc\u00e9l\u00e9rer sa politique de croissance externe et affirmer une position de leadership europ\u00e9en.<\/p>\n<p>Pr\u00e9sent au capital de Sogetrel depuis 2018, Latour Capital, accompagn\u00e9 de Bpifrance, de BNP Paribas D\u00e9veloppement et de Paluel Marmont Capital a notamment permis au Groupe de r\u00e9aliser 5 acquisitions, d\u2019investir dans la digitalisation du groupe et d\u2019offrir la meilleure offre de service sur ses march\u00e9s.<\/p>\n<p>Le management de Sogetrel accompagn\u00e9 d\u2019un consortium d\u2019investisseurs men\u00e9 par Andera Partners et compos\u00e9 de Luxempart, CAPZA via le fonds CAPZA Expansion, BNP Paribas D\u00e9veloppement et IDIA Capital Investissement, via le fonds LCL Croissance, a conclu aujourd\u2019hui l\u2019acquisition de Sogetrel aupr\u00e8s de Latour Capital.<\/p>\n<p>Xavier Vignon, pr\u00e9sident de Sogetrel, commente : \u00ab En 5 ans SOGETREL a su s\u2019imposer comme le leader des services aux infrastructures digitales en France. Cette op\u00e9ration va permettre d\u2019\u00e9tendre ce leadership tout en surfant sur les formidables opportunit\u00e9s offertes par la Smart City, les objets connect\u00e9s et de fa\u00e7on g\u00e9n\u00e9rale, la poursuite de la digitalisation des entreprises et des services \u00bb.<\/p>\n<p><a href=\"https:\/\/www.anderapartners.com\/fr\/actomezz-investit-dans-sogetrel\/\">Cliquez ici<\/a> pour lire le communiqu\u00e9 d&rsquo;annonce de l&rsquo;op\u00e9ration de novembre 2020.<\/p>\n","protected":false},"excerpt":{"rendered":"<p>Sous la direction de son pr\u00e9sident Xavier Vignon, Sogetrel compte parmi les int\u00e9grateurs leaders de la s\u00fbret\u00e9 \u00e9lectronique et des services aux infrastructures digitales des entreprises et de la Smart City. Des compteurs intelligents au b\u00e2timent communicants, en passant par les raccordements au tr\u00e8s haut d\u00e9bit, SOGETREL offre des solutions cl\u00e9 en mains \u00e0 tous&#8230;<\/p>\n","protected":false},"author":2,"featured_media":0,"comment_status":"closed","ping_status":"open","sticky":false,"template":"","format":"standard","meta":[],"categories":[79],"class_list":["post-7307","post","type-post","status-publish","format-standard","hentry","category-actomezz"],"acf":[],"yoast_head":"<!-- This site is optimized with the Yoast SEO plugin v24.1 - https:\/\/yoast.com\/wordpress\/plugins\/seo\/ -->\n<title>Andera Acto finalise la reprise de Sogetrel - ANDERA PARTNERS<\/title>\n<meta name=\"robots\" content=\"index, follow, max-snippet:-1, max-image-preview:large, max-video-preview:-1\" \/>\n<link rel=\"canonical\" href=\"https:\/\/www.anderapartners.com\/fr\/andera-acto-finalise-la-reprise-de-sogetrel\/\" \/>\n<meta property=\"og:locale\" content=\"fr_FR\" \/>\n<meta property=\"og:type\" content=\"article\" \/>\n<meta property=\"og:title\" content=\"Andera Acto finalise la reprise de Sogetrel - ANDERA PARTNERS\" \/>\n<meta property=\"og:description\" content=\"Sous la direction de son pr\u00e9sident Xavier Vignon, Sogetrel compte parmi les int\u00e9grateurs leaders de la s\u00fbret\u00e9 \u00e9lectronique et des services aux infrastructures digitales des entreprises et de la Smart City. Des compteurs intelligents au b\u00e2timent communicants, en passant par les raccordements au tr\u00e8s haut d\u00e9bit, SOGETREL offre des solutions cl\u00e9 en mains \u00e0 tous...\" \/>\n<meta property=\"og:url\" content=\"https:\/\/www.anderapartners.com\/fr\/andera-acto-finalise-la-reprise-de-sogetrel\/\" \/>\n<meta property=\"og:site_name\" content=\"ANDERA PARTNERS\" \/>\n<meta property=\"article:published_time\" content=\"2021-02-01T09:00:46+00:00\" \/>\n<meta property=\"article:modified_time\" content=\"2021-02-02T13:03:27+00:00\" \/>\n<meta name=\"author\" content=\"Nicolas Delsert\" \/>\n<meta name=\"twitter:card\" content=\"summary_large_image\" \/>\n<meta name=\"twitter:label1\" content=\"\u00c9crit par\" \/>\n\t<meta name=\"twitter:data1\" content=\"Nicolas Delsert\" \/>\n\t<meta name=\"twitter:label2\" content=\"Dur\u00e9e de lecture estim\u00e9e\" \/>\n\t<meta name=\"twitter:data2\" content=\"2 minutes\" \/>\n<script type=\"application\/ld+json\" class=\"yoast-schema-graph\">{\"@context\":\"https:\/\/schema.org\",\"@graph\":[{\"@type\":\"Article\",\"@id\":\"https:\/\/www.anderapartners.com\/fr\/andera-acto-finalise-la-reprise-de-sogetrel\/#article\",\"isPartOf\":{\"@id\":\"https:\/\/www.anderapartners.com\/fr\/andera-acto-finalise-la-reprise-de-sogetrel\/\"},\"author\":{\"name\":\"Nicolas Delsert\",\"@id\":\"https:\/\/www.anderapartners.com\/fr\/#\/schema\/person\/dce1d4a32f2d85f191a44527e202942c\"},\"headline\":\"Andera Acto finalise la reprise de Sogetrel\",\"datePublished\":\"2021-02-01T09:00:46+00:00\",\"dateModified\":\"2021-02-02T13:03:27+00:00\",\"mainEntityOfPage\":{\"@id\":\"https:\/\/www.anderapartners.com\/fr\/andera-acto-finalise-la-reprise-de-sogetrel\/\"},\"wordCount\":364,\"publisher\":{\"@id\":\"https:\/\/www.anderapartners.com\/fr\/#organization\"},\"articleSection\":[\"andera Acto\"],\"inLanguage\":\"fr-FR\"},{\"@type\":\"WebPage\",\"@id\":\"https:\/\/www.anderapartners.com\/fr\/andera-acto-finalise-la-reprise-de-sogetrel\/\",\"url\":\"https:\/\/www.anderapartners.com\/fr\/andera-acto-finalise-la-reprise-de-sogetrel\/\",\"name\":\"Andera Acto finalise la reprise de Sogetrel - ANDERA PARTNERS\",\"isPartOf\":{\"@id\":\"https:\/\/www.anderapartners.com\/fr\/#website\"},\"datePublished\":\"2021-02-01T09:00:46+00:00\",\"dateModified\":\"2021-02-02T13:03:27+00:00\",\"breadcrumb\":{\"@id\":\"https:\/\/www.anderapartners.com\/fr\/andera-acto-finalise-la-reprise-de-sogetrel\/#breadcrumb\"},\"inLanguage\":\"fr-FR\",\"potentialAction\":[{\"@type\":\"ReadAction\",\"target\":[\"https:\/\/www.anderapartners.com\/fr\/andera-acto-finalise-la-reprise-de-sogetrel\/\"]}]},{\"@type\":\"BreadcrumbList\",\"@id\":\"https:\/\/www.anderapartners.com\/fr\/andera-acto-finalise-la-reprise-de-sogetrel\/#breadcrumb\",\"itemListElement\":[{\"@type\":\"ListItem\",\"position\":1,\"name\":\"Accueil\",\"item\":\"https:\/\/www.anderapartners.com\/fr\/\"},{\"@type\":\"ListItem\",\"position\":2,\"name\":\"Andera Acto finalise la reprise de Sogetrel\"}]},{\"@type\":\"WebSite\",\"@id\":\"https:\/\/www.anderapartners.com\/fr\/#website\",\"url\":\"https:\/\/www.anderapartners.com\/fr\/\",\"name\":\"ANDERA PARTNERS\",\"description\":\"\",\"publisher\":{\"@id\":\"https:\/\/www.anderapartners.com\/fr\/#organization\"},\"potentialAction\":[{\"@type\":\"SearchAction\",\"target\":{\"@type\":\"EntryPoint\",\"urlTemplate\":\"https:\/\/www.anderapartners.com\/fr\/?s={search_term_string}\"},\"query-input\":{\"@type\":\"PropertyValueSpecification\",\"valueRequired\":true,\"valueName\":\"search_term_string\"}}],\"inLanguage\":\"fr-FR\"},{\"@type\":\"Organization\",\"@id\":\"https:\/\/www.anderapartners.com\/fr\/#organization\",\"name\":\"Andera Partners\",\"url\":\"https:\/\/www.anderapartners.com\/fr\/\",\"logo\":{\"@type\":\"ImageObject\",\"inLanguage\":\"fr-FR\",\"@id\":\"https:\/\/www.anderapartners.com\/fr\/#\/schema\/logo\/image\/\",\"url\":\"https:\/\/www.anderapartners.com\/wp-content\/uploads\/2020\/08\/logo-white.svg\",\"contentUrl\":\"https:\/\/www.anderapartners.com\/wp-content\/uploads\/2020\/08\/logo-white.svg\",\"width\":107,\"height\":44,\"caption\":\"Andera Partners\"},\"image\":{\"@id\":\"https:\/\/www.anderapartners.com\/fr\/#\/schema\/logo\/image\/\"}},{\"@type\":\"Person\",\"@id\":\"https:\/\/www.anderapartners.com\/fr\/#\/schema\/person\/dce1d4a32f2d85f191a44527e202942c\",\"name\":\"Nicolas Delsert\",\"image\":{\"@type\":\"ImageObject\",\"inLanguage\":\"fr-FR\",\"@id\":\"https:\/\/www.anderapartners.com\/fr\/#\/schema\/person\/image\/\",\"url\":\"https:\/\/secure.gravatar.com\/avatar\/fca7b29302058c85588bc6bc3db9bd1e?s=96&d=mm&r=g\",\"contentUrl\":\"https:\/\/secure.gravatar.com\/avatar\/fca7b29302058c85588bc6bc3db9bd1e?s=96&d=mm&r=g\",\"caption\":\"Nicolas Delsert\"}}]}<\/script>\n<!-- \/ Yoast SEO plugin. -->","yoast_head_json":{"title":"Andera Acto finalise la reprise de Sogetrel - ANDERA PARTNERS","robots":{"index":"index","follow":"follow","max-snippet":"max-snippet:-1","max-image-preview":"max-image-preview:large","max-video-preview":"max-video-preview:-1"},"canonical":"https:\/\/www.anderapartners.com\/fr\/andera-acto-finalise-la-reprise-de-sogetrel\/","og_locale":"fr_FR","og_type":"article","og_title":"Andera Acto finalise la reprise de Sogetrel - ANDERA PARTNERS","og_description":"Sous la direction de son pr\u00e9sident Xavier Vignon, Sogetrel compte parmi les int\u00e9grateurs leaders de la s\u00fbret\u00e9 \u00e9lectronique et des services aux infrastructures digitales des entreprises et de la Smart City. Des compteurs intelligents au b\u00e2timent communicants, en passant par les raccordements au tr\u00e8s haut d\u00e9bit, SOGETREL offre des solutions cl\u00e9 en mains \u00e0 tous...","og_url":"https:\/\/www.anderapartners.com\/fr\/andera-acto-finalise-la-reprise-de-sogetrel\/","og_site_name":"ANDERA PARTNERS","article_published_time":"2021-02-01T09:00:46+00:00","article_modified_time":"2021-02-02T13:03:27+00:00","author":"Nicolas Delsert","twitter_card":"summary_large_image","twitter_misc":{"\u00c9crit par":"Nicolas Delsert","Dur\u00e9e de lecture estim\u00e9e":"2 minutes"},"schema":{"@context":"https:\/\/schema.org","@graph":[{"@type":"Article","@id":"https:\/\/www.anderapartners.com\/fr\/andera-acto-finalise-la-reprise-de-sogetrel\/#article","isPartOf":{"@id":"https:\/\/www.anderapartners.com\/fr\/andera-acto-finalise-la-reprise-de-sogetrel\/"},"author":{"name":"Nicolas Delsert","@id":"https:\/\/www.anderapartners.com\/fr\/#\/schema\/person\/dce1d4a32f2d85f191a44527e202942c"},"headline":"Andera Acto finalise la reprise de Sogetrel","datePublished":"2021-02-01T09:00:46+00:00","dateModified":"2021-02-02T13:03:27+00:00","mainEntityOfPage":{"@id":"https:\/\/www.anderapartners.com\/fr\/andera-acto-finalise-la-reprise-de-sogetrel\/"},"wordCount":364,"publisher":{"@id":"https:\/\/www.anderapartners.com\/fr\/#organization"},"articleSection":["andera Acto"],"inLanguage":"fr-FR"},{"@type":"WebPage","@id":"https:\/\/www.anderapartners.com\/fr\/andera-acto-finalise-la-reprise-de-sogetrel\/","url":"https:\/\/www.anderapartners.com\/fr\/andera-acto-finalise-la-reprise-de-sogetrel\/","name":"Andera Acto finalise la reprise de Sogetrel - ANDERA PARTNERS","isPartOf":{"@id":"https:\/\/www.anderapartners.com\/fr\/#website"},"datePublished":"2021-02-01T09:00:46+00:00","dateModified":"2021-02-02T13:03:27+00:00","breadcrumb":{"@id":"https:\/\/www.anderapartners.com\/fr\/andera-acto-finalise-la-reprise-de-sogetrel\/#breadcrumb"},"inLanguage":"fr-FR","potentialAction":[{"@type":"ReadAction","target":["https:\/\/www.anderapartners.com\/fr\/andera-acto-finalise-la-reprise-de-sogetrel\/"]}]},{"@type":"BreadcrumbList","@id":"https:\/\/www.anderapartners.com\/fr\/andera-acto-finalise-la-reprise-de-sogetrel\/#breadcrumb","itemListElement":[{"@type":"ListItem","position":1,"name":"Accueil","item":"https:\/\/www.anderapartners.com\/fr\/"},{"@type":"ListItem","position":2,"name":"Andera Acto finalise la reprise de Sogetrel"}]},{"@type":"WebSite","@id":"https:\/\/www.anderapartners.com\/fr\/#website","url":"https:\/\/www.anderapartners.com\/fr\/","name":"ANDERA PARTNERS","description":"","publisher":{"@id":"https:\/\/www.anderapartners.com\/fr\/#organization"},"potentialAction":[{"@type":"SearchAction","target":{"@type":"EntryPoint","urlTemplate":"https:\/\/www.anderapartners.com\/fr\/?s={search_term_string}"},"query-input":{"@type":"PropertyValueSpecification","valueRequired":true,"valueName":"search_term_string"}}],"inLanguage":"fr-FR"},{"@type":"Organization","@id":"https:\/\/www.anderapartners.com\/fr\/#organization","name":"Andera Partners","url":"https:\/\/www.anderapartners.com\/fr\/","logo":{"@type":"ImageObject","inLanguage":"fr-FR","@id":"https:\/\/www.anderapartners.com\/fr\/#\/schema\/logo\/image\/","url":"https:\/\/www.anderapartners.com\/wp-content\/uploads\/2020\/08\/logo-white.svg","contentUrl":"https:\/\/www.anderapartners.com\/wp-content\/uploads\/2020\/08\/logo-white.svg","width":107,"height":44,"caption":"Andera Partners"},"image":{"@id":"https:\/\/www.anderapartners.com\/fr\/#\/schema\/logo\/image\/"}},{"@type":"Person","@id":"https:\/\/www.anderapartners.com\/fr\/#\/schema\/person\/dce1d4a32f2d85f191a44527e202942c","name":"Nicolas Delsert","image":{"@type":"ImageObject","inLanguage":"fr-FR","@id":"https:\/\/www.anderapartners.com\/fr\/#\/schema\/person\/image\/","url":"https:\/\/secure.gravatar.com\/avatar\/fca7b29302058c85588bc6bc3db9bd1e?s=96&d=mm&r=g","contentUrl":"https:\/\/secure.gravatar.com\/avatar\/fca7b29302058c85588bc6bc3db9bd1e?s=96&d=mm&r=g","caption":"Nicolas Delsert"}}]}},"_links":{"self":[{"href":"https:\/\/www.anderapartners.com\/fr\/wp-json\/wp\/v2\/posts\/7307","targetHints":{"allow":["GET"]}}],"collection":[{"href":"https:\/\/www.anderapartners.com\/fr\/wp-json\/wp\/v2\/posts"}],"about":[{"href":"https:\/\/www.anderapartners.com\/fr\/wp-json\/wp\/v2\/types\/post"}],"author":[{"embeddable":true,"href":"https:\/\/www.anderapartners.com\/fr\/wp-json\/wp\/v2\/users\/2"}],"replies":[{"embeddable":true,"href":"https:\/\/www.anderapartners.com\/fr\/wp-json\/wp\/v2\/comments?post=7307"}],"version-history":[{"count":0,"href":"https:\/\/www.anderapartners.com\/fr\/wp-json\/wp\/v2\/posts\/7307\/revisions"}],"wp:attachment":[{"href":"https:\/\/www.anderapartners.com\/fr\/wp-json\/wp\/v2\/media?parent=7307"}],"wp:term":[{"taxonomy":"category","embeddable":true,"href":"https:\/\/www.anderapartners.com\/fr\/wp-json\/wp\/v2\/categories?post=7307"}],"curies":[{"name":"wp","href":"https:\/\/api.w.org\/{rel}","templated":true}]}}