{"id":7286,"date":"2021-01-21T15:18:08","date_gmt":"2021-01-21T14:18:08","guid":{"rendered":"https:\/\/www.anderapartners.com\/?p=7286"},"modified":"2021-01-21T15:19:17","modified_gmt":"2021-01-21T14:19:17","slug":"andera-acto-investit-dans-physitek","status":"publish","type":"post","link":"https:\/\/www.anderapartners.com\/fr\/andera-acto-investit-dans-physitek\/","title":{"rendered":"Andera Acto investit dans Physitek"},"content":{"rendered":"<p><img loading=\"lazy\" decoding=\"async\" class=\"alignnone wp-image-7287 \" src=\"https:\/\/www.anderapartners.com\/wp-content\/uploads\/2021\/01\/Physitek-e1611238210522.png\" alt=\"\" width=\"700\" height=\"210\" srcset=\"https:\/\/www.anderapartners.com\/wp-content\/uploads\/2021\/01\/Physitek-e1611238210522.png 1500w, https:\/\/www.anderapartners.com\/wp-content\/uploads\/2021\/01\/Physitek-e1611238210522-768x230.png 768w, https:\/\/www.anderapartners.com\/wp-content\/uploads\/2021\/01\/Physitek-e1611238210522-1440x430.png 1440w, https:\/\/www.anderapartners.com\/wp-content\/uploads\/2021\/01\/Physitek-e1611238210522-285x86.png 285w, https:\/\/www.anderapartners.com\/wp-content\/uploads\/2021\/01\/Physitek-e1611238210522-446x134.png 446w, https:\/\/www.anderapartners.com\/wp-content\/uploads\/2021\/01\/Physitek-e1611238210522-385x116.png 385w\" sizes=\"auto, (max-width: 700px) 100vw, 700px\" \/><\/p>\n<p>&nbsp;<\/p>\n<p><strong>Le Management du groupe Physitek prend en main la majorit\u00e9 du capital gr\u00e2ce \u00e0 un MBO sponsorless organis\u00e9 par Andera Partners<\/strong><\/p>\n<p><strong>Il s\u2019agit du troisi\u00e8me investissement du Fonds ActoMezz IV d\u2019Andera Acto, dont le closing unique est intervenu en Juillet 2020 en finan\u00e7ant la reprise sponsorless du groupe Physitek<\/strong>.<\/p>\n<p><strong>Andera Partners<\/strong>, acteur de premier plan dans le domaine du capital investissement et de la mezzanine sponsorless via son activit\u00e9 <strong>Andera Acto<\/strong>, a arrang\u00e9 un financement mezzanine et capital de plus de 25 millions d\u2019euros pour la \u00a0la reprise <em>sponsorless<\/em> du groupe <strong>Physitek<\/strong>, leader fran\u00e7ais de l\u2019assemblage et de la distribution d\u2019instruments de mesure portatifs destin\u00e9s au march\u00e9 du diagnostic immobilier, par l\u2019\u00e9quipe de management emmen\u00e9e par Eric Vanbalinghem, aujourd\u2019hui actionnaire largement majoritaire. Plusieurs managers fran\u00e7ais et allemands entrent \u00e9galement au capital.<\/p>\n<p>La dette senior a \u00e9t\u00e9 apport\u00e9e par un pool de banques coordonn\u00e9 par LCL. BNP Paribas D\u00e9velopement poursuit son accompagnement du groupe en r\u00e9-investissant \u00e0 cette occasion tandis que Rives Croissance fait son entr\u00e9e au capital.<\/p>\n<p>Dans un processus comp\u00e9titif organis\u00e9 par Transaction R, Andera Acto a pr\u00e9empt\u00e9 l\u2019op\u00e9ration qui marque la sortie d\u2019InnovaFonds apr\u00e8s un parcours brillant de croissance organique et externe entam\u00e9 en 2017 et que la crise sanitaire n\u2019a pas frein\u00e9.<\/p>\n<p>Implant\u00e9 dans les Yvelines, Physitek est le leader fran\u00e7ais de l\u2019assemblage et de la distribution d\u2019instruments de mesure portatifs destin\u00e9s au march\u00e9 du diagnostic immobilier et commercialis\u00e9s par la soci\u00e9t\u00e9 Fondis Electronic. L\u2019acquisition r\u00e9alis\u00e9e en 2019 de la soci\u00e9t\u00e9 allemande Analyticon permet au nouvel ensemble d\u2019enrichir sa gamme de produits \u00e0 l\u2019industrie m\u00e9tallurgique et du recyclage, \u00e0 la s\u00e9curit\u00e9 et \u00e0 l\u2019industrie pharmaceutique, chimique et \u00e0 l\u2019environnement, tout\u00a0 en consolidant ses positions sur le march\u00e9 europ\u00e9en, fort d\u2019un CA de pr\u00e8s de 30 millions d\u2019euros.<\/p>\n<p>Le Management chapeaut\u00e9 par Eric Vanbalinghem a initi\u00e9 un changement de mod\u00e8le \u00e9conomique d\u00e8s 2011 visant \u00e0 renforcer la r\u00e9currence de ses activit\u00e9s en d\u00e9veloppant le mod\u00e8le locatif d\u2019appareils portatifs. S\u2019appuyant sur sa R&amp;D, le groupe a lanc\u00e9 son produit portatif propri\u00e9taire pour le diagnostic immobilier en 2016, le FEnX, qui s\u2019est av\u00e9r\u00e9 \u00eatre un succ\u00e8s majeur, renouvelant un march\u00e9 de produits vieillissants. Le Groupe a donc pu r\u00e9duire sa d\u00e9pendance par rapport \u00e0 ses fournisseurs.<\/p>\n<p>L\u2019ambition du management, d\u00e9sormais majoritaire, est de poursuivre le d\u00e9veloppement international du groupe tant par croissance interne qu\u2019externe, en Europe et au del\u00e0.<\/p>\n<p>A propos de cette \u00e9tape, Eric Vanbalinghem d\u00e9clare :<em>\u00a0 \u201cAccompagn\u00e9s par InnovaFonds, nous avons franchi \u00e0 travers l\u2019acquisition de notre homologue allemand une \u00e9tape significative dans notre ambition de devenir le leader europ\u00e9en de l\u2019instrumentation analytique portable. Le mod\u00e8le sponsorless d\u2019Andera Acto est pour nous une superbe opportunit\u00e9 de poursuivre et dynamiser ce d\u00e9veloppement avec une forte relution du management. L\u2019adh\u00e9sion de St\u00e9phane Bergez et de son \u00e9quipe \u00e0 notre strat\u00e9gie et aux projets initi\u00e9s nous rend r\u00e9solument optimistes pour ce nouveau temps.\u201d<\/em><\/p>\n<p>St\u00e9phane Bergez, Associ\u00e9 Responsable Andera Acto ajoute : <em>\u201cNous sommes heureux d\u2019avoir trouv\u00e9 en Eric Vanbalinghem et Arnaud Crouzat\u00a0 des managers qui ont rapidement adh\u00e9r\u00e9 \u00e0 la philosophie sponsorless d\u2019Andera Acto. Cela t\u00e9moigne \u00e0 la fois de leur ambition et de leur maturit\u00e9 apr\u00e8s 3 partenariats financiers depuis 2005. Nous les remercions sinc\u00e8rement pour leur confiance. Le mod\u00e8le \u00e9conomique robuste et particuli\u00e8rement performant du Groupe alli\u00e9 \u00e0 des projets concrets d\u2019expansion internationale ne pouvait que nous s\u00e9duire.\u201d<\/em><\/p>\n<p>Pauline Eloy, Directrice d\u2019Investissement InnovaFonds : <em>\u201c L\u2019\u00e9volution du mod\u00e8le \u00e9conomique du groupe, sa forte capacit\u00e9 d\u2019innovation et l\u2019int\u00e9gration r\u00e9ussie d\u2019Analyticon ont permis \u00e0 Physitek de changer de dimension durant la p\u00e9riode de notre investissement. Nous sommes tr\u00e8s heureux d\u2019avoir accompagn\u00e9 ce parcours remarquable et sommes convaincus de la qualit\u00e9 du nouveau tour de table qui saura accompagner Eric Vanbalinghem et son \u00e9quipe dans ses ambitions de d\u00e9veloppement.\u201d<\/em><\/p>\n","protected":false},"excerpt":{"rendered":"<p>&nbsp; Le Management du groupe Physitek prend en main la majorit\u00e9 du capital gr\u00e2ce \u00e0 un MBO sponsorless organis\u00e9 par Andera Partners Il s\u2019agit du troisi\u00e8me investissement du Fonds ActoMezz IV d\u2019Andera Acto, dont le closing unique est intervenu en Juillet 2020 en finan\u00e7ant la reprise sponsorless du groupe Physitek. Andera Partners, acteur de premier&#8230;<\/p>\n","protected":false},"author":2,"featured_media":0,"comment_status":"closed","ping_status":"open","sticky":false,"template":"","format":"standard","meta":[],"categories":[79],"class_list":["post-7286","post","type-post","status-publish","format-standard","hentry","category-actomezz"],"acf":[],"yoast_head":"<!-- This site is optimized with the Yoast SEO plugin v24.1 - https:\/\/yoast.com\/wordpress\/plugins\/seo\/ -->\n<title>Andera Acto investit dans Physitek - ANDERA PARTNERS<\/title>\n<meta name=\"robots\" content=\"index, follow, max-snippet:-1, max-image-preview:large, max-video-preview:-1\" \/>\n<link rel=\"canonical\" href=\"https:\/\/www.anderapartners.com\/fr\/andera-acto-investit-dans-physitek\/\" \/>\n<meta property=\"og:locale\" content=\"fr_FR\" \/>\n<meta property=\"og:type\" content=\"article\" \/>\n<meta property=\"og:title\" content=\"Andera Acto investit dans Physitek - ANDERA PARTNERS\" \/>\n<meta property=\"og:description\" content=\"&nbsp; Le Management du groupe Physitek prend en main la majorit\u00e9 du capital gr\u00e2ce \u00e0 un MBO sponsorless organis\u00e9 par Andera Partners Il s\u2019agit du troisi\u00e8me investissement du Fonds ActoMezz IV d\u2019Andera Acto, dont le closing unique est intervenu en Juillet 2020 en finan\u00e7ant la reprise sponsorless du groupe Physitek. Andera Partners, acteur de premier...\" \/>\n<meta property=\"og:url\" content=\"https:\/\/www.anderapartners.com\/fr\/andera-acto-investit-dans-physitek\/\" \/>\n<meta property=\"og:site_name\" content=\"ANDERA PARTNERS\" \/>\n<meta property=\"article:published_time\" content=\"2021-01-21T14:18:08+00:00\" \/>\n<meta property=\"article:modified_time\" content=\"2021-01-21T14:19:17+00:00\" \/>\n<meta property=\"og:image\" content=\"https:\/\/www.anderapartners.com\/wp-content\/uploads\/2021\/01\/Physitek-e1611238210522.png\" \/>\n<meta name=\"author\" content=\"Nicolas Delsert\" \/>\n<meta name=\"twitter:card\" content=\"summary_large_image\" \/>\n<meta name=\"twitter:label1\" content=\"\u00c9crit par\" \/>\n\t<meta name=\"twitter:data1\" content=\"Nicolas Delsert\" \/>\n\t<meta name=\"twitter:label2\" content=\"Dur\u00e9e de lecture estim\u00e9e\" \/>\n\t<meta name=\"twitter:data2\" content=\"3 minutes\" \/>\n<script type=\"application\/ld+json\" class=\"yoast-schema-graph\">{\"@context\":\"https:\/\/schema.org\",\"@graph\":[{\"@type\":\"Article\",\"@id\":\"https:\/\/www.anderapartners.com\/fr\/andera-acto-investit-dans-physitek\/#article\",\"isPartOf\":{\"@id\":\"https:\/\/www.anderapartners.com\/fr\/andera-acto-investit-dans-physitek\/\"},\"author\":{\"name\":\"Nicolas Delsert\",\"@id\":\"https:\/\/www.anderapartners.com\/fr\/#\/schema\/person\/dce1d4a32f2d85f191a44527e202942c\"},\"headline\":\"Andera Acto investit dans Physitek\",\"datePublished\":\"2021-01-21T14:18:08+00:00\",\"dateModified\":\"2021-01-21T14:19:17+00:00\",\"mainEntityOfPage\":{\"@id\":\"https:\/\/www.anderapartners.com\/fr\/andera-acto-investit-dans-physitek\/\"},\"wordCount\":698,\"publisher\":{\"@id\":\"https:\/\/www.anderapartners.com\/fr\/#organization\"},\"image\":{\"@id\":\"https:\/\/www.anderapartners.com\/fr\/andera-acto-investit-dans-physitek\/#primaryimage\"},\"thumbnailUrl\":\"https:\/\/www.anderapartners.com\/wp-content\/uploads\/2021\/01\/Physitek-e1611238210522.png\",\"articleSection\":[\"andera Acto\"],\"inLanguage\":\"fr-FR\"},{\"@type\":\"WebPage\",\"@id\":\"https:\/\/www.anderapartners.com\/fr\/andera-acto-investit-dans-physitek\/\",\"url\":\"https:\/\/www.anderapartners.com\/fr\/andera-acto-investit-dans-physitek\/\",\"name\":\"Andera Acto investit dans Physitek - ANDERA PARTNERS\",\"isPartOf\":{\"@id\":\"https:\/\/www.anderapartners.com\/fr\/#website\"},\"primaryImageOfPage\":{\"@id\":\"https:\/\/www.anderapartners.com\/fr\/andera-acto-investit-dans-physitek\/#primaryimage\"},\"image\":{\"@id\":\"https:\/\/www.anderapartners.com\/fr\/andera-acto-investit-dans-physitek\/#primaryimage\"},\"thumbnailUrl\":\"https:\/\/www.anderapartners.com\/wp-content\/uploads\/2021\/01\/Physitek-e1611238210522.png\",\"datePublished\":\"2021-01-21T14:18:08+00:00\",\"dateModified\":\"2021-01-21T14:19:17+00:00\",\"breadcrumb\":{\"@id\":\"https:\/\/www.anderapartners.com\/fr\/andera-acto-investit-dans-physitek\/#breadcrumb\"},\"inLanguage\":\"fr-FR\",\"potentialAction\":[{\"@type\":\"ReadAction\",\"target\":[\"https:\/\/www.anderapartners.com\/fr\/andera-acto-investit-dans-physitek\/\"]}]},{\"@type\":\"ImageObject\",\"inLanguage\":\"fr-FR\",\"@id\":\"https:\/\/www.anderapartners.com\/fr\/andera-acto-investit-dans-physitek\/#primaryimage\",\"url\":\"https:\/\/www.anderapartners.com\/wp-content\/uploads\/2021\/01\/Physitek-e1611238210522.png\",\"contentUrl\":\"https:\/\/www.anderapartners.com\/wp-content\/uploads\/2021\/01\/Physitek-e1611238210522.png\"},{\"@type\":\"BreadcrumbList\",\"@id\":\"https:\/\/www.anderapartners.com\/fr\/andera-acto-investit-dans-physitek\/#breadcrumb\",\"itemListElement\":[{\"@type\":\"ListItem\",\"position\":1,\"name\":\"Accueil\",\"item\":\"https:\/\/www.anderapartners.com\/fr\/\"},{\"@type\":\"ListItem\",\"position\":2,\"name\":\"Andera Acto investit dans Physitek\"}]},{\"@type\":\"WebSite\",\"@id\":\"https:\/\/www.anderapartners.com\/fr\/#website\",\"url\":\"https:\/\/www.anderapartners.com\/fr\/\",\"name\":\"ANDERA PARTNERS\",\"description\":\"\",\"publisher\":{\"@id\":\"https:\/\/www.anderapartners.com\/fr\/#organization\"},\"potentialAction\":[{\"@type\":\"SearchAction\",\"target\":{\"@type\":\"EntryPoint\",\"urlTemplate\":\"https:\/\/www.anderapartners.com\/fr\/?s={search_term_string}\"},\"query-input\":{\"@type\":\"PropertyValueSpecification\",\"valueRequired\":true,\"valueName\":\"search_term_string\"}}],\"inLanguage\":\"fr-FR\"},{\"@type\":\"Organization\",\"@id\":\"https:\/\/www.anderapartners.com\/fr\/#organization\",\"name\":\"Andera Partners\",\"url\":\"https:\/\/www.anderapartners.com\/fr\/\",\"logo\":{\"@type\":\"ImageObject\",\"inLanguage\":\"fr-FR\",\"@id\":\"https:\/\/www.anderapartners.com\/fr\/#\/schema\/logo\/image\/\",\"url\":\"https:\/\/www.anderapartners.com\/wp-content\/uploads\/2020\/08\/logo-white.svg\",\"contentUrl\":\"https:\/\/www.anderapartners.com\/wp-content\/uploads\/2020\/08\/logo-white.svg\",\"width\":107,\"height\":44,\"caption\":\"Andera Partners\"},\"image\":{\"@id\":\"https:\/\/www.anderapartners.com\/fr\/#\/schema\/logo\/image\/\"}},{\"@type\":\"Person\",\"@id\":\"https:\/\/www.anderapartners.com\/fr\/#\/schema\/person\/dce1d4a32f2d85f191a44527e202942c\",\"name\":\"Nicolas Delsert\",\"image\":{\"@type\":\"ImageObject\",\"inLanguage\":\"fr-FR\",\"@id\":\"https:\/\/www.anderapartners.com\/fr\/#\/schema\/person\/image\/\",\"url\":\"https:\/\/secure.gravatar.com\/avatar\/fca7b29302058c85588bc6bc3db9bd1e?s=96&d=mm&r=g\",\"contentUrl\":\"https:\/\/secure.gravatar.com\/avatar\/fca7b29302058c85588bc6bc3db9bd1e?s=96&d=mm&r=g\",\"caption\":\"Nicolas Delsert\"}}]}<\/script>\n<!-- \/ Yoast SEO plugin. -->","yoast_head_json":{"title":"Andera Acto investit dans Physitek - ANDERA PARTNERS","robots":{"index":"index","follow":"follow","max-snippet":"max-snippet:-1","max-image-preview":"max-image-preview:large","max-video-preview":"max-video-preview:-1"},"canonical":"https:\/\/www.anderapartners.com\/fr\/andera-acto-investit-dans-physitek\/","og_locale":"fr_FR","og_type":"article","og_title":"Andera Acto investit dans Physitek - ANDERA PARTNERS","og_description":"&nbsp; Le Management du groupe Physitek prend en main la majorit\u00e9 du capital gr\u00e2ce \u00e0 un MBO sponsorless organis\u00e9 par Andera Partners Il s\u2019agit du troisi\u00e8me investissement du Fonds ActoMezz IV d\u2019Andera Acto, dont le closing unique est intervenu en Juillet 2020 en finan\u00e7ant la reprise sponsorless du groupe Physitek. Andera Partners, acteur de premier...","og_url":"https:\/\/www.anderapartners.com\/fr\/andera-acto-investit-dans-physitek\/","og_site_name":"ANDERA PARTNERS","article_published_time":"2021-01-21T14:18:08+00:00","article_modified_time":"2021-01-21T14:19:17+00:00","og_image":[{"url":"https:\/\/www.anderapartners.com\/wp-content\/uploads\/2021\/01\/Physitek-e1611238210522.png","type":"","width":"","height":""}],"author":"Nicolas Delsert","twitter_card":"summary_large_image","twitter_misc":{"\u00c9crit par":"Nicolas Delsert","Dur\u00e9e de lecture estim\u00e9e":"3 minutes"},"schema":{"@context":"https:\/\/schema.org","@graph":[{"@type":"Article","@id":"https:\/\/www.anderapartners.com\/fr\/andera-acto-investit-dans-physitek\/#article","isPartOf":{"@id":"https:\/\/www.anderapartners.com\/fr\/andera-acto-investit-dans-physitek\/"},"author":{"name":"Nicolas Delsert","@id":"https:\/\/www.anderapartners.com\/fr\/#\/schema\/person\/dce1d4a32f2d85f191a44527e202942c"},"headline":"Andera Acto investit dans Physitek","datePublished":"2021-01-21T14:18:08+00:00","dateModified":"2021-01-21T14:19:17+00:00","mainEntityOfPage":{"@id":"https:\/\/www.anderapartners.com\/fr\/andera-acto-investit-dans-physitek\/"},"wordCount":698,"publisher":{"@id":"https:\/\/www.anderapartners.com\/fr\/#organization"},"image":{"@id":"https:\/\/www.anderapartners.com\/fr\/andera-acto-investit-dans-physitek\/#primaryimage"},"thumbnailUrl":"https:\/\/www.anderapartners.com\/wp-content\/uploads\/2021\/01\/Physitek-e1611238210522.png","articleSection":["andera Acto"],"inLanguage":"fr-FR"},{"@type":"WebPage","@id":"https:\/\/www.anderapartners.com\/fr\/andera-acto-investit-dans-physitek\/","url":"https:\/\/www.anderapartners.com\/fr\/andera-acto-investit-dans-physitek\/","name":"Andera Acto investit dans Physitek - ANDERA PARTNERS","isPartOf":{"@id":"https:\/\/www.anderapartners.com\/fr\/#website"},"primaryImageOfPage":{"@id":"https:\/\/www.anderapartners.com\/fr\/andera-acto-investit-dans-physitek\/#primaryimage"},"image":{"@id":"https:\/\/www.anderapartners.com\/fr\/andera-acto-investit-dans-physitek\/#primaryimage"},"thumbnailUrl":"https:\/\/www.anderapartners.com\/wp-content\/uploads\/2021\/01\/Physitek-e1611238210522.png","datePublished":"2021-01-21T14:18:08+00:00","dateModified":"2021-01-21T14:19:17+00:00","breadcrumb":{"@id":"https:\/\/www.anderapartners.com\/fr\/andera-acto-investit-dans-physitek\/#breadcrumb"},"inLanguage":"fr-FR","potentialAction":[{"@type":"ReadAction","target":["https:\/\/www.anderapartners.com\/fr\/andera-acto-investit-dans-physitek\/"]}]},{"@type":"ImageObject","inLanguage":"fr-FR","@id":"https:\/\/www.anderapartners.com\/fr\/andera-acto-investit-dans-physitek\/#primaryimage","url":"https:\/\/www.anderapartners.com\/wp-content\/uploads\/2021\/01\/Physitek-e1611238210522.png","contentUrl":"https:\/\/www.anderapartners.com\/wp-content\/uploads\/2021\/01\/Physitek-e1611238210522.png"},{"@type":"BreadcrumbList","@id":"https:\/\/www.anderapartners.com\/fr\/andera-acto-investit-dans-physitek\/#breadcrumb","itemListElement":[{"@type":"ListItem","position":1,"name":"Accueil","item":"https:\/\/www.anderapartners.com\/fr\/"},{"@type":"ListItem","position":2,"name":"Andera Acto investit dans Physitek"}]},{"@type":"WebSite","@id":"https:\/\/www.anderapartners.com\/fr\/#website","url":"https:\/\/www.anderapartners.com\/fr\/","name":"ANDERA PARTNERS","description":"","publisher":{"@id":"https:\/\/www.anderapartners.com\/fr\/#organization"},"potentialAction":[{"@type":"SearchAction","target":{"@type":"EntryPoint","urlTemplate":"https:\/\/www.anderapartners.com\/fr\/?s={search_term_string}"},"query-input":{"@type":"PropertyValueSpecification","valueRequired":true,"valueName":"search_term_string"}}],"inLanguage":"fr-FR"},{"@type":"Organization","@id":"https:\/\/www.anderapartners.com\/fr\/#organization","name":"Andera Partners","url":"https:\/\/www.anderapartners.com\/fr\/","logo":{"@type":"ImageObject","inLanguage":"fr-FR","@id":"https:\/\/www.anderapartners.com\/fr\/#\/schema\/logo\/image\/","url":"https:\/\/www.anderapartners.com\/wp-content\/uploads\/2020\/08\/logo-white.svg","contentUrl":"https:\/\/www.anderapartners.com\/wp-content\/uploads\/2020\/08\/logo-white.svg","width":107,"height":44,"caption":"Andera Partners"},"image":{"@id":"https:\/\/www.anderapartners.com\/fr\/#\/schema\/logo\/image\/"}},{"@type":"Person","@id":"https:\/\/www.anderapartners.com\/fr\/#\/schema\/person\/dce1d4a32f2d85f191a44527e202942c","name":"Nicolas Delsert","image":{"@type":"ImageObject","inLanguage":"fr-FR","@id":"https:\/\/www.anderapartners.com\/fr\/#\/schema\/person\/image\/","url":"https:\/\/secure.gravatar.com\/avatar\/fca7b29302058c85588bc6bc3db9bd1e?s=96&d=mm&r=g","contentUrl":"https:\/\/secure.gravatar.com\/avatar\/fca7b29302058c85588bc6bc3db9bd1e?s=96&d=mm&r=g","caption":"Nicolas Delsert"}}]}},"_links":{"self":[{"href":"https:\/\/www.anderapartners.com\/fr\/wp-json\/wp\/v2\/posts\/7286","targetHints":{"allow":["GET"]}}],"collection":[{"href":"https:\/\/www.anderapartners.com\/fr\/wp-json\/wp\/v2\/posts"}],"about":[{"href":"https:\/\/www.anderapartners.com\/fr\/wp-json\/wp\/v2\/types\/post"}],"author":[{"embeddable":true,"href":"https:\/\/www.anderapartners.com\/fr\/wp-json\/wp\/v2\/users\/2"}],"replies":[{"embeddable":true,"href":"https:\/\/www.anderapartners.com\/fr\/wp-json\/wp\/v2\/comments?post=7286"}],"version-history":[{"count":0,"href":"https:\/\/www.anderapartners.com\/fr\/wp-json\/wp\/v2\/posts\/7286\/revisions"}],"wp:attachment":[{"href":"https:\/\/www.anderapartners.com\/fr\/wp-json\/wp\/v2\/media?parent=7286"}],"wp:term":[{"taxonomy":"category","embeddable":true,"href":"https:\/\/www.anderapartners.com\/fr\/wp-json\/wp\/v2\/categories?post=7286"}],"curies":[{"name":"wp","href":"https:\/\/api.w.org\/{rel}","templated":true}]}}