{"id":6464,"date":"2020-10-02T13:00:58","date_gmt":"2020-10-02T11:00:58","guid":{"rendered":"https:\/\/www.anderapartners.com\/?p=6464"},"modified":"2020-10-11T21:11:08","modified_gmt":"2020-10-11T19:11:08","slug":"actomezz-4-realise-son-premier-investissement-en-arrangeant-une-mezzanine-developpement-de-40me-pour-le-groupe-baelen","status":"publish","type":"post","link":"https:\/\/www.anderapartners.com\/fr\/actomezz-4-realise-son-premier-investissement-en-arrangeant-une-mezzanine-developpement-de-40me-pour-le-groupe-baelen\/","title":{"rendered":"ActoMezz 4 r\u00e9alise son premier investissement de 40M\u20ac pour le groupe Baelen"},"content":{"rendered":"<p><img loading=\"lazy\" decoding=\"async\" class=\"alignnone size-full wp-image-6434\" src=\"https:\/\/www.anderapartners.com\/wp-content\/uploads\/2020\/10\/factoGr-1.png\" alt=\"\" width=\"416\" height=\"166\" srcset=\"https:\/\/www.anderapartners.com\/wp-content\/uploads\/2020\/10\/factoGr-1.png 416w, https:\/\/www.anderapartners.com\/wp-content\/uploads\/2020\/10\/factoGr-1-285x114.png 285w, https:\/\/www.anderapartners.com\/wp-content\/uploads\/2020\/10\/factoGr-1-385x154.png 385w\" sizes=\"auto, (max-width: 416px) 100vw, 416px\" \/><\/p>\n<p><a href=\"https:\/\/www.anderapartners.comexpertise\/investissement-mezzanine-sponsorless\/\">ActoMezz<\/a> a r\u00e9alis\u00e9 son premier investissement le 15 septembre 2020 en arrangeant une mezzanine d\u00e9veloppement pour le family office fran\u00e7ais Groupe Baelen. Cette mezzanine a permis de financer la cr\u00e9ation d\u2019un leader fran\u00e7ais du march\u00e9 de fourniture de solutions de bureautique en France avec le rachat de Factoria par le Groupe Baelen. Notre mezzanine d\u00e9veloppement permet au Groupe Baelen de r\u00e9aliser cette croissance externe structurante sans se diluer. Le Groupe Baelen est par ailleurs pr\u00e9sent dans l\u2019univers des logiciels et des services informatiques, de la construction ou encore dans l\u2019industrie alimentaire.<\/p>\n<p>Cr\u00e9\u00e9 en 2006 par Christophe Martin, Factoria est un acteur de r\u00e9f\u00e9rence en Ile-de-France de la distribution de solutions d\u2019impression aupr\u00e8s de PME et de professions lib\u00e9rales (avocat, conseils, etc.). Le Groupe propose \u00e9galement des offres compl\u00e9mentaires de ventes de solutions et produits informatiques, de t\u00e9l\u00e9phonie et dispose de tous les arguments pour d\u00e9velopper rapidement et efficacement son offre GED (Gestion Electronique de Documents). Factoria est un category killer du march\u00e9 de l\u2019ouest parisien o\u00f9 il occupe une position de leader avec Document Store (participation d\u2019ActoMezz II de 2015 \u00e0 2018). Le Groupe Factoria a connu un d\u00e9veloppement rapide gr\u00e2ce \u00e0 une strat\u00e9gie de croissance externe dynamique (23 soci\u00e9t\u00e9s acquises en 3 ans) et le CA est pass\u00e9 de 38M\u20ac en 2017 \u00e0 pr\u00e8s de 60M\u20ac en 2019<\/p>\n<p>ActoMezz a \u00e9t\u00e9 s\u00e9duit par \u00e0 la fois par le track-record de l\u2019\u00e9quipe de management de Factoria, marqu\u00e9 par des taux de croissance et des niveaux de rentabilit\u00e9 bien au-dessus des moyennes du secteur, et par la r\u00e9silience du mod\u00e8le \u00e9conomique que nous avions v\u00e9cue aux c\u00f4t\u00e9s de Document Store et qui s\u2019est encore manifest\u00e9e chez Factoria pendant la crise du Covid-19. Le nouveau groupe b\u00e9n\u00e9ficie d\u2019un\u00a0effet \u00ab parc \u00bb avec des clients fid\u00e9lis\u00e9s par une \u00e9quipe commerciale performante qui renouvelle les contrats avant \u00e9ch\u00e9ance et de revenus pluriannuels issus de contrats de location de copieurs.<\/p>\n<p>ActoMezz investit \u00e0 travers une mezzanine junior de 25,5 M\u20ac tir\u00e9e au closing. Comme le projet du Groupe Baelen est de poursuivre une strat\u00e9gie de croissance externe offensive, nous avons arrang\u00e9 15,0M\u20ac d\u2019obligations compl\u00e9mentaires pour financer les acquisitions futures, soit un montant total engag\u00e9 pour l\u2019op\u00e9ration de plus 40M\u20ac.<\/p>\n","protected":false},"excerpt":{"rendered":"<p>ActoMezz a r\u00e9alis\u00e9 son premier investissement le 15 septembre 2020 en arrangeant une mezzanine d\u00e9veloppement pour le family office fran\u00e7ais Groupe Baelen. Cette mezzanine a permis de financer la cr\u00e9ation d\u2019un leader fran\u00e7ais du march\u00e9 de fourniture de solutions de bureautique en France avec le rachat de Factoria par le Groupe Baelen. Notre mezzanine d\u00e9veloppement&#8230;<\/p>\n","protected":false},"author":20,"featured_media":0,"comment_status":"closed","ping_status":"open","sticky":false,"template":"","format":"standard","meta":[],"categories":[79],"class_list":["post-6464","post","type-post","status-publish","format-standard","hentry","category-actomezz"],"acf":[],"yoast_head":"<!-- This site is optimized with the Yoast SEO plugin v24.1 - https:\/\/yoast.com\/wordpress\/plugins\/seo\/ -->\n<title>ActoMezz 4 r\u00e9alise son premier investissement de 40M\u20ac pour le groupe Baelen - ANDERA PARTNERS<\/title>\n<meta name=\"robots\" content=\"index, follow, max-snippet:-1, max-image-preview:large, max-video-preview:-1\" \/>\n<link rel=\"canonical\" href=\"https:\/\/www.anderapartners.com\/fr\/actomezz-4-realise-son-premier-investissement-en-arrangeant-une-mezzanine-developpement-de-40me-pour-le-groupe-baelen\/\" \/>\n<meta property=\"og:locale\" content=\"fr_FR\" \/>\n<meta property=\"og:type\" content=\"article\" \/>\n<meta property=\"og:title\" content=\"ActoMezz 4 r\u00e9alise son premier investissement de 40M\u20ac pour le groupe Baelen - ANDERA PARTNERS\" \/>\n<meta property=\"og:description\" content=\"ActoMezz a r\u00e9alis\u00e9 son premier investissement le 15 septembre 2020 en arrangeant une mezzanine d\u00e9veloppement pour le family office fran\u00e7ais Groupe Baelen. Cette mezzanine a permis de financer la cr\u00e9ation d\u2019un leader fran\u00e7ais du march\u00e9 de fourniture de solutions de bureautique en France avec le rachat de Factoria par le Groupe Baelen. Notre mezzanine d\u00e9veloppement...\" \/>\n<meta property=\"og:url\" content=\"https:\/\/www.anderapartners.com\/fr\/actomezz-4-realise-son-premier-investissement-en-arrangeant-une-mezzanine-developpement-de-40me-pour-le-groupe-baelen\/\" \/>\n<meta property=\"og:site_name\" content=\"ANDERA PARTNERS\" \/>\n<meta property=\"article:published_time\" content=\"2020-10-02T11:00:58+00:00\" \/>\n<meta property=\"article:modified_time\" content=\"2020-10-11T19:11:08+00:00\" \/>\n<meta property=\"og:image\" content=\"https:\/\/www.anderapartners.com\/wp-content\/uploads\/2020\/10\/factoGr-1.png\" \/>\n<meta name=\"author\" content=\"Victor Abraham\" \/>\n<meta name=\"twitter:card\" content=\"summary_large_image\" \/>\n<meta name=\"twitter:label1\" content=\"\u00c9crit par\" \/>\n\t<meta name=\"twitter:data1\" content=\"Victor Abraham\" \/>\n\t<meta name=\"twitter:label2\" content=\"Dur\u00e9e de lecture estim\u00e9e\" \/>\n\t<meta name=\"twitter:data2\" content=\"2 minutes\" \/>\n<script type=\"application\/ld+json\" class=\"yoast-schema-graph\">{\"@context\":\"https:\/\/schema.org\",\"@graph\":[{\"@type\":\"Article\",\"@id\":\"https:\/\/www.anderapartners.com\/fr\/actomezz-4-realise-son-premier-investissement-en-arrangeant-une-mezzanine-developpement-de-40me-pour-le-groupe-baelen\/#article\",\"isPartOf\":{\"@id\":\"https:\/\/www.anderapartners.com\/fr\/actomezz-4-realise-son-premier-investissement-en-arrangeant-une-mezzanine-developpement-de-40me-pour-le-groupe-baelen\/\"},\"author\":{\"name\":\"Victor Abraham\",\"@id\":\"https:\/\/www.anderapartners.com\/fr\/#\/schema\/person\/75d38af64e6d1fcc4b6ee76b0f59fdd1\"},\"headline\":\"ActoMezz 4 r\u00e9alise son premier investissement de 40M\u20ac pour le groupe Baelen\",\"datePublished\":\"2020-10-02T11:00:58+00:00\",\"dateModified\":\"2020-10-11T19:11:08+00:00\",\"mainEntityOfPage\":{\"@id\":\"https:\/\/www.anderapartners.com\/fr\/actomezz-4-realise-son-premier-investissement-en-arrangeant-une-mezzanine-developpement-de-40me-pour-le-groupe-baelen\/\"},\"wordCount\":409,\"publisher\":{\"@id\":\"https:\/\/www.anderapartners.com\/fr\/#organization\"},\"image\":{\"@id\":\"https:\/\/www.anderapartners.com\/fr\/actomezz-4-realise-son-premier-investissement-en-arrangeant-une-mezzanine-developpement-de-40me-pour-le-groupe-baelen\/#primaryimage\"},\"thumbnailUrl\":\"https:\/\/www.anderapartners.com\/wp-content\/uploads\/2020\/10\/factoGr-1.png\",\"articleSection\":[\"andera Acto\"],\"inLanguage\":\"fr-FR\"},{\"@type\":\"WebPage\",\"@id\":\"https:\/\/www.anderapartners.com\/fr\/actomezz-4-realise-son-premier-investissement-en-arrangeant-une-mezzanine-developpement-de-40me-pour-le-groupe-baelen\/\",\"url\":\"https:\/\/www.anderapartners.com\/fr\/actomezz-4-realise-son-premier-investissement-en-arrangeant-une-mezzanine-developpement-de-40me-pour-le-groupe-baelen\/\",\"name\":\"ActoMezz 4 r\u00e9alise son premier investissement de 40M\u20ac pour le groupe Baelen - ANDERA PARTNERS\",\"isPartOf\":{\"@id\":\"https:\/\/www.anderapartners.com\/fr\/#website\"},\"primaryImageOfPage\":{\"@id\":\"https:\/\/www.anderapartners.com\/fr\/actomezz-4-realise-son-premier-investissement-en-arrangeant-une-mezzanine-developpement-de-40me-pour-le-groupe-baelen\/#primaryimage\"},\"image\":{\"@id\":\"https:\/\/www.anderapartners.com\/fr\/actomezz-4-realise-son-premier-investissement-en-arrangeant-une-mezzanine-developpement-de-40me-pour-le-groupe-baelen\/#primaryimage\"},\"thumbnailUrl\":\"https:\/\/www.anderapartners.com\/wp-content\/uploads\/2020\/10\/factoGr-1.png\",\"datePublished\":\"2020-10-02T11:00:58+00:00\",\"dateModified\":\"2020-10-11T19:11:08+00:00\",\"breadcrumb\":{\"@id\":\"https:\/\/www.anderapartners.com\/fr\/actomezz-4-realise-son-premier-investissement-en-arrangeant-une-mezzanine-developpement-de-40me-pour-le-groupe-baelen\/#breadcrumb\"},\"inLanguage\":\"fr-FR\",\"potentialAction\":[{\"@type\":\"ReadAction\",\"target\":[\"https:\/\/www.anderapartners.com\/fr\/actomezz-4-realise-son-premier-investissement-en-arrangeant-une-mezzanine-developpement-de-40me-pour-le-groupe-baelen\/\"]}]},{\"@type\":\"ImageObject\",\"inLanguage\":\"fr-FR\",\"@id\":\"https:\/\/www.anderapartners.com\/fr\/actomezz-4-realise-son-premier-investissement-en-arrangeant-une-mezzanine-developpement-de-40me-pour-le-groupe-baelen\/#primaryimage\",\"url\":\"https:\/\/www.anderapartners.com\/wp-content\/uploads\/2020\/10\/factoGr-1.png\",\"contentUrl\":\"https:\/\/www.anderapartners.com\/wp-content\/uploads\/2020\/10\/factoGr-1.png\"},{\"@type\":\"BreadcrumbList\",\"@id\":\"https:\/\/www.anderapartners.com\/fr\/actomezz-4-realise-son-premier-investissement-en-arrangeant-une-mezzanine-developpement-de-40me-pour-le-groupe-baelen\/#breadcrumb\",\"itemListElement\":[{\"@type\":\"ListItem\",\"position\":1,\"name\":\"Accueil\",\"item\":\"https:\/\/www.anderapartners.com\/fr\/\"},{\"@type\":\"ListItem\",\"position\":2,\"name\":\"ActoMezz 4 r\u00e9alise son premier investissement de 40M\u20ac pour le groupe Baelen\"}]},{\"@type\":\"WebSite\",\"@id\":\"https:\/\/www.anderapartners.com\/fr\/#website\",\"url\":\"https:\/\/www.anderapartners.com\/fr\/\",\"name\":\"ANDERA PARTNERS\",\"description\":\"\",\"publisher\":{\"@id\":\"https:\/\/www.anderapartners.com\/fr\/#organization\"},\"potentialAction\":[{\"@type\":\"SearchAction\",\"target\":{\"@type\":\"EntryPoint\",\"urlTemplate\":\"https:\/\/www.anderapartners.com\/fr\/?s={search_term_string}\"},\"query-input\":{\"@type\":\"PropertyValueSpecification\",\"valueRequired\":true,\"valueName\":\"search_term_string\"}}],\"inLanguage\":\"fr-FR\"},{\"@type\":\"Organization\",\"@id\":\"https:\/\/www.anderapartners.com\/fr\/#organization\",\"name\":\"Andera Partners\",\"url\":\"https:\/\/www.anderapartners.com\/fr\/\",\"logo\":{\"@type\":\"ImageObject\",\"inLanguage\":\"fr-FR\",\"@id\":\"https:\/\/www.anderapartners.com\/fr\/#\/schema\/logo\/image\/\",\"url\":\"https:\/\/www.anderapartners.com\/wp-content\/uploads\/2020\/08\/logo-white.svg\",\"contentUrl\":\"https:\/\/www.anderapartners.com\/wp-content\/uploads\/2020\/08\/logo-white.svg\",\"width\":107,\"height\":44,\"caption\":\"Andera Partners\"},\"image\":{\"@id\":\"https:\/\/www.anderapartners.com\/fr\/#\/schema\/logo\/image\/\"}},{\"@type\":\"Person\",\"@id\":\"https:\/\/www.anderapartners.com\/fr\/#\/schema\/person\/75d38af64e6d1fcc4b6ee76b0f59fdd1\",\"name\":\"Victor Abraham\",\"image\":{\"@type\":\"ImageObject\",\"inLanguage\":\"fr-FR\",\"@id\":\"https:\/\/www.anderapartners.com\/fr\/#\/schema\/person\/image\/\",\"url\":\"https:\/\/secure.gravatar.com\/avatar\/bc782378f30cd3a5224a3604aa12d4d4?s=96&d=mm&r=g\",\"contentUrl\":\"https:\/\/secure.gravatar.com\/avatar\/bc782378f30cd3a5224a3604aa12d4d4?s=96&d=mm&r=g\",\"caption\":\"Victor Abraham\"}}]}<\/script>\n<!-- \/ Yoast SEO plugin. -->","yoast_head_json":{"title":"ActoMezz 4 r\u00e9alise son premier investissement de 40M\u20ac pour le groupe Baelen - ANDERA PARTNERS","robots":{"index":"index","follow":"follow","max-snippet":"max-snippet:-1","max-image-preview":"max-image-preview:large","max-video-preview":"max-video-preview:-1"},"canonical":"https:\/\/www.anderapartners.com\/fr\/actomezz-4-realise-son-premier-investissement-en-arrangeant-une-mezzanine-developpement-de-40me-pour-le-groupe-baelen\/","og_locale":"fr_FR","og_type":"article","og_title":"ActoMezz 4 r\u00e9alise son premier investissement de 40M\u20ac pour le groupe Baelen - ANDERA PARTNERS","og_description":"ActoMezz a r\u00e9alis\u00e9 son premier investissement le 15 septembre 2020 en arrangeant une mezzanine d\u00e9veloppement pour le family office fran\u00e7ais Groupe Baelen. Cette mezzanine a permis de financer la cr\u00e9ation d\u2019un leader fran\u00e7ais du march\u00e9 de fourniture de solutions de bureautique en France avec le rachat de Factoria par le Groupe Baelen. Notre mezzanine d\u00e9veloppement...","og_url":"https:\/\/www.anderapartners.com\/fr\/actomezz-4-realise-son-premier-investissement-en-arrangeant-une-mezzanine-developpement-de-40me-pour-le-groupe-baelen\/","og_site_name":"ANDERA PARTNERS","article_published_time":"2020-10-02T11:00:58+00:00","article_modified_time":"2020-10-11T19:11:08+00:00","og_image":[{"url":"https:\/\/www.anderapartners.com\/wp-content\/uploads\/2020\/10\/factoGr-1.png","type":"","width":"","height":""}],"author":"Victor Abraham","twitter_card":"summary_large_image","twitter_misc":{"\u00c9crit par":"Victor Abraham","Dur\u00e9e de lecture estim\u00e9e":"2 minutes"},"schema":{"@context":"https:\/\/schema.org","@graph":[{"@type":"Article","@id":"https:\/\/www.anderapartners.com\/fr\/actomezz-4-realise-son-premier-investissement-en-arrangeant-une-mezzanine-developpement-de-40me-pour-le-groupe-baelen\/#article","isPartOf":{"@id":"https:\/\/www.anderapartners.com\/fr\/actomezz-4-realise-son-premier-investissement-en-arrangeant-une-mezzanine-developpement-de-40me-pour-le-groupe-baelen\/"},"author":{"name":"Victor Abraham","@id":"https:\/\/www.anderapartners.com\/fr\/#\/schema\/person\/75d38af64e6d1fcc4b6ee76b0f59fdd1"},"headline":"ActoMezz 4 r\u00e9alise son premier investissement de 40M\u20ac pour le groupe Baelen","datePublished":"2020-10-02T11:00:58+00:00","dateModified":"2020-10-11T19:11:08+00:00","mainEntityOfPage":{"@id":"https:\/\/www.anderapartners.com\/fr\/actomezz-4-realise-son-premier-investissement-en-arrangeant-une-mezzanine-developpement-de-40me-pour-le-groupe-baelen\/"},"wordCount":409,"publisher":{"@id":"https:\/\/www.anderapartners.com\/fr\/#organization"},"image":{"@id":"https:\/\/www.anderapartners.com\/fr\/actomezz-4-realise-son-premier-investissement-en-arrangeant-une-mezzanine-developpement-de-40me-pour-le-groupe-baelen\/#primaryimage"},"thumbnailUrl":"https:\/\/www.anderapartners.com\/wp-content\/uploads\/2020\/10\/factoGr-1.png","articleSection":["andera Acto"],"inLanguage":"fr-FR"},{"@type":"WebPage","@id":"https:\/\/www.anderapartners.com\/fr\/actomezz-4-realise-son-premier-investissement-en-arrangeant-une-mezzanine-developpement-de-40me-pour-le-groupe-baelen\/","url":"https:\/\/www.anderapartners.com\/fr\/actomezz-4-realise-son-premier-investissement-en-arrangeant-une-mezzanine-developpement-de-40me-pour-le-groupe-baelen\/","name":"ActoMezz 4 r\u00e9alise son premier investissement de 40M\u20ac pour le groupe Baelen - ANDERA PARTNERS","isPartOf":{"@id":"https:\/\/www.anderapartners.com\/fr\/#website"},"primaryImageOfPage":{"@id":"https:\/\/www.anderapartners.com\/fr\/actomezz-4-realise-son-premier-investissement-en-arrangeant-une-mezzanine-developpement-de-40me-pour-le-groupe-baelen\/#primaryimage"},"image":{"@id":"https:\/\/www.anderapartners.com\/fr\/actomezz-4-realise-son-premier-investissement-en-arrangeant-une-mezzanine-developpement-de-40me-pour-le-groupe-baelen\/#primaryimage"},"thumbnailUrl":"https:\/\/www.anderapartners.com\/wp-content\/uploads\/2020\/10\/factoGr-1.png","datePublished":"2020-10-02T11:00:58+00:00","dateModified":"2020-10-11T19:11:08+00:00","breadcrumb":{"@id":"https:\/\/www.anderapartners.com\/fr\/actomezz-4-realise-son-premier-investissement-en-arrangeant-une-mezzanine-developpement-de-40me-pour-le-groupe-baelen\/#breadcrumb"},"inLanguage":"fr-FR","potentialAction":[{"@type":"ReadAction","target":["https:\/\/www.anderapartners.com\/fr\/actomezz-4-realise-son-premier-investissement-en-arrangeant-une-mezzanine-developpement-de-40me-pour-le-groupe-baelen\/"]}]},{"@type":"ImageObject","inLanguage":"fr-FR","@id":"https:\/\/www.anderapartners.com\/fr\/actomezz-4-realise-son-premier-investissement-en-arrangeant-une-mezzanine-developpement-de-40me-pour-le-groupe-baelen\/#primaryimage","url":"https:\/\/www.anderapartners.com\/wp-content\/uploads\/2020\/10\/factoGr-1.png","contentUrl":"https:\/\/www.anderapartners.com\/wp-content\/uploads\/2020\/10\/factoGr-1.png"},{"@type":"BreadcrumbList","@id":"https:\/\/www.anderapartners.com\/fr\/actomezz-4-realise-son-premier-investissement-en-arrangeant-une-mezzanine-developpement-de-40me-pour-le-groupe-baelen\/#breadcrumb","itemListElement":[{"@type":"ListItem","position":1,"name":"Accueil","item":"https:\/\/www.anderapartners.com\/fr\/"},{"@type":"ListItem","position":2,"name":"ActoMezz 4 r\u00e9alise son premier investissement de 40M\u20ac pour le groupe Baelen"}]},{"@type":"WebSite","@id":"https:\/\/www.anderapartners.com\/fr\/#website","url":"https:\/\/www.anderapartners.com\/fr\/","name":"ANDERA PARTNERS","description":"","publisher":{"@id":"https:\/\/www.anderapartners.com\/fr\/#organization"},"potentialAction":[{"@type":"SearchAction","target":{"@type":"EntryPoint","urlTemplate":"https:\/\/www.anderapartners.com\/fr\/?s={search_term_string}"},"query-input":{"@type":"PropertyValueSpecification","valueRequired":true,"valueName":"search_term_string"}}],"inLanguage":"fr-FR"},{"@type":"Organization","@id":"https:\/\/www.anderapartners.com\/fr\/#organization","name":"Andera Partners","url":"https:\/\/www.anderapartners.com\/fr\/","logo":{"@type":"ImageObject","inLanguage":"fr-FR","@id":"https:\/\/www.anderapartners.com\/fr\/#\/schema\/logo\/image\/","url":"https:\/\/www.anderapartners.com\/wp-content\/uploads\/2020\/08\/logo-white.svg","contentUrl":"https:\/\/www.anderapartners.com\/wp-content\/uploads\/2020\/08\/logo-white.svg","width":107,"height":44,"caption":"Andera Partners"},"image":{"@id":"https:\/\/www.anderapartners.com\/fr\/#\/schema\/logo\/image\/"}},{"@type":"Person","@id":"https:\/\/www.anderapartners.com\/fr\/#\/schema\/person\/75d38af64e6d1fcc4b6ee76b0f59fdd1","name":"Victor Abraham","image":{"@type":"ImageObject","inLanguage":"fr-FR","@id":"https:\/\/www.anderapartners.com\/fr\/#\/schema\/person\/image\/","url":"https:\/\/secure.gravatar.com\/avatar\/bc782378f30cd3a5224a3604aa12d4d4?s=96&d=mm&r=g","contentUrl":"https:\/\/secure.gravatar.com\/avatar\/bc782378f30cd3a5224a3604aa12d4d4?s=96&d=mm&r=g","caption":"Victor Abraham"}}]}},"_links":{"self":[{"href":"https:\/\/www.anderapartners.com\/fr\/wp-json\/wp\/v2\/posts\/6464","targetHints":{"allow":["GET"]}}],"collection":[{"href":"https:\/\/www.anderapartners.com\/fr\/wp-json\/wp\/v2\/posts"}],"about":[{"href":"https:\/\/www.anderapartners.com\/fr\/wp-json\/wp\/v2\/types\/post"}],"author":[{"embeddable":true,"href":"https:\/\/www.anderapartners.com\/fr\/wp-json\/wp\/v2\/users\/20"}],"replies":[{"embeddable":true,"href":"https:\/\/www.anderapartners.com\/fr\/wp-json\/wp\/v2\/comments?post=6464"}],"version-history":[{"count":0,"href":"https:\/\/www.anderapartners.com\/fr\/wp-json\/wp\/v2\/posts\/6464\/revisions"}],"wp:attachment":[{"href":"https:\/\/www.anderapartners.com\/fr\/wp-json\/wp\/v2\/media?parent=6464"}],"wp:term":[{"taxonomy":"category","embeddable":true,"href":"https:\/\/www.anderapartners.com\/fr\/wp-json\/wp\/v2\/categories?post=6464"}],"curies":[{"name":"wp","href":"https:\/\/api.w.org\/{rel}","templated":true}]}}