{"id":6452,"date":"2020-09-08T12:50:20","date_gmt":"2020-09-08T10:50:20","guid":{"rendered":"https:\/\/www.anderapartners.com\/?p=6452"},"modified":"2020-10-11T21:10:46","modified_gmt":"2020-10-11T19:10:46","slug":"andera-annonce-quatre-arrivees-au-sein-de-ses-equipe-back-et-middle-office","status":"publish","type":"post","link":"https:\/\/www.anderapartners.com\/fr\/andera-annonce-quatre-arrivees-au-sein-de-ses-equipe-back-et-middle-office\/","title":{"rendered":"Andera annonce quatre arriv\u00e9es au sein de ses \u00e9quipe Back et Middle Office"},"content":{"rendered":"<p>&nbsp;<\/p>\n<p><img loading=\"lazy\" decoding=\"async\" class=\"alignnone size-full wp-image-6249\" src=\"https:\/\/www.anderapartners.com\/wp-content\/uploads\/2020\/09\/Vanessa_Favier_Klak_petit.png\" alt=\"\" width=\"133\" height=\"260\" \/><img loading=\"lazy\" decoding=\"async\" class=\"alignnone size-full wp-image-6235\" src=\"https:\/\/www.anderapartners.com\/wp-content\/uploads\/2020\/09\/Marlene_Stablo_petit.png\" alt=\"\" width=\"142\" height=\"260\" srcset=\"https:\/\/www.anderapartners.com\/wp-content\/uploads\/2020\/09\/Marlene_Stablo_petit.png 142w, https:\/\/www.anderapartners.com\/wp-content\/uploads\/2020\/09\/Marlene_Stablo_petit-120x220.png 120w\" sizes=\"auto, (max-width: 142px) 100vw, 142px\" \/><img loading=\"lazy\" decoding=\"async\" class=\"alignnone size-full wp-image-6254\" src=\"https:\/\/www.anderapartners.com\/wp-content\/uploads\/2020\/09\/Alice_Bacquet_petit.png\" alt=\"\" width=\"149\" height=\"260\" srcset=\"https:\/\/www.anderapartners.com\/wp-content\/uploads\/2020\/09\/Alice_Bacquet_petit.png 149w, https:\/\/www.anderapartners.com\/wp-content\/uploads\/2020\/09\/Alice_Bacquet_petit-126x220.png 126w\" sizes=\"auto, (max-width: 149px) 100vw, 149px\" \/><img loading=\"lazy\" decoding=\"async\" class=\"alignnone size-full wp-image-6229\" src=\"https:\/\/www.anderapartners.com\/wp-content\/uploads\/2020\/09\/Laura_Gauffre_petit.png\" alt=\"\" width=\"139\" height=\"260\" srcset=\"https:\/\/www.anderapartners.com\/wp-content\/uploads\/2020\/09\/Laura_Gauffre_petit.png 139w, https:\/\/www.anderapartners.com\/wp-content\/uploads\/2020\/09\/Laura_Gauffre_petit-118x220.png 118w\" sizes=\"auto, (max-width: 139px) 100vw, 139px\" \/><\/p>\n<p>Alors que la soci\u00e9t\u00e9 de gestion poursuit le renouvellement de ses fonds, initi\u00e9 en juillet dernier par la lev\u00e9e d\u2019ActoMezz IV \u00e0 plus de 500 M\u20ac, avec notamment les lev\u00e9es de Bio Discovery 6 et Cabestan 3 actuellement en cours, Andera Partners poursuit le renforcement de sa structure et annonce les arriv\u00e9es de\u00a0:<\/p>\n<p><a href=\"https:\/\/www.anderapartners.comequipe\/vanessa-favier-klak\/\"><strong>Vanessa Favier Klak<\/strong><\/a>\u00a0(Universit\u00e9 de Clermont-Ferrand I, Universit\u00e9 Paris-Descartes) rejoint Andera Partners en tant que Directrice des Op\u00e9rations. Elle a auparavant exerc\u00e9 au sein de Cathay Capital PE en tant que Head of Legal, de mars 2019 \u00e0 septembre 2020, au sein de Demeter, durant 13 ans, en qualit\u00e9 de Head of Compliance et General Counsel puis Chief Legal Officer, et Sofinnova, durant 8 ans, en tant que Legal Officer.<\/p>\n<p><a href=\"https:\/\/www.anderapartners.comequipe\/marlene-stablo\/\"><strong>Marl\u00e8ne Stablo<\/strong><\/a>\u00a0(CNAM, Gescia) rejoint Andera Partners en tant que Responsable IT &amp; Moyens G\u00e9n\u00e9raux. Elle a auparavant exerc\u00e9 au sein Xrays Trading, de f\u00e9vrier 2017 \u00e0 septembre 2020, en qualit\u00e9 de Responsable du support IT de la salle de march\u00e9, ainsi que L\u00e9on de Bruxelles, durant 7 ans.<\/p>\n<p><a href=\"https:\/\/www.anderapartners.comequipe\/alice-bacquet\/\"><strong>Alice Bacquet<\/strong><\/a>\u00a0(EM Lyon) rejoint Andera Partners en qualit\u00e9 de Charg\u00e9e de Relations Investisseurs. Elle a auparavant exerc\u00e9 au sein de Naxicap Partners, de juin 2014 \u00e0 septembre 2020, ainsi que LCL, pendant 3 ans.<\/p>\n<p><a href=\"https:\/\/www.anderapartners.comequipe\/laura-gauffre\/\"><strong>Laura Gauffre<\/strong><\/a>\u00a0(ESCE International Business School) rejoint Andera Partners en qualit\u00e9 de Contr\u00f4leur Financier. Elle \u00e9tait auparavant Auditeur Financier au sein de Deloitte France, de septembre 2017 \u00e0 septembre 2020.<\/p>\n<p>Depuis sa prise d\u2019ind\u00e9pendance en mars 2018, Andera Partners a connu une croissance de ses effectifs de plus de 30%. Elle compte, au 1er septembre 2020, 71 personnes, dont 47 professionnels de l\u2019investissement parmi lesquels 16 sont Associ\u00e9s.<\/p>\n","protected":false},"excerpt":{"rendered":"<p>&nbsp; Alors que la soci\u00e9t\u00e9 de gestion poursuit le renouvellement de ses fonds, initi\u00e9 en juillet dernier par la lev\u00e9e d\u2019ActoMezz IV \u00e0 plus de 500 M\u20ac, avec notamment les lev\u00e9es de Bio Discovery 6 et Cabestan 3 actuellement en cours, Andera Partners poursuit le renforcement de sa structure et annonce les arriv\u00e9es de\u00a0: Vanessa&#8230;<\/p>\n","protected":false},"author":20,"featured_media":0,"comment_status":"closed","ping_status":"open","sticky":false,"template":"","format":"standard","meta":[],"categories":[152],"class_list":["post-6452","post","type-post","status-publish","format-standard","hentry","category-andera-partners"],"acf":[],"yoast_head":"<!-- This site is optimized with the Yoast SEO plugin v24.1 - https:\/\/yoast.com\/wordpress\/plugins\/seo\/ -->\n<title>Andera annonce quatre arriv\u00e9es au sein de ses \u00e9quipe Back et Middle Office - ANDERA PARTNERS<\/title>\n<meta name=\"robots\" content=\"index, follow, max-snippet:-1, max-image-preview:large, max-video-preview:-1\" \/>\n<link rel=\"canonical\" href=\"https:\/\/www.anderapartners.com\/fr\/andera-annonce-quatre-arrivees-au-sein-de-ses-equipe-back-et-middle-office\/\" \/>\n<meta property=\"og:locale\" content=\"fr_FR\" \/>\n<meta property=\"og:type\" content=\"article\" \/>\n<meta property=\"og:title\" content=\"Andera annonce quatre arriv\u00e9es au sein de ses \u00e9quipe Back et Middle Office - ANDERA PARTNERS\" \/>\n<meta property=\"og:description\" content=\"&nbsp; Alors que la soci\u00e9t\u00e9 de gestion poursuit le renouvellement de ses fonds, initi\u00e9 en juillet dernier par la lev\u00e9e d\u2019ActoMezz IV \u00e0 plus de 500 M\u20ac, avec notamment les lev\u00e9es de Bio Discovery 6 et Cabestan 3 actuellement en cours, Andera Partners poursuit le renforcement de sa structure et annonce les arriv\u00e9es de\u00a0: Vanessa...\" \/>\n<meta property=\"og:url\" content=\"https:\/\/www.anderapartners.com\/fr\/andera-annonce-quatre-arrivees-au-sein-de-ses-equipe-back-et-middle-office\/\" \/>\n<meta property=\"og:site_name\" content=\"ANDERA PARTNERS\" \/>\n<meta property=\"article:published_time\" content=\"2020-09-08T10:50:20+00:00\" \/>\n<meta property=\"article:modified_time\" content=\"2020-10-11T19:10:46+00:00\" \/>\n<meta property=\"og:image\" content=\"https:\/\/www.anderapartners.com\/wp-content\/uploads\/2020\/09\/Vanessa_Favier_Klak_petit.png\" \/>\n<meta name=\"author\" content=\"Victor Abraham\" \/>\n<meta name=\"twitter:card\" content=\"summary_large_image\" \/>\n<meta name=\"twitter:label1\" content=\"\u00c9crit par\" \/>\n\t<meta name=\"twitter:data1\" content=\"Victor Abraham\" \/>\n\t<meta name=\"twitter:label2\" content=\"Dur\u00e9e de lecture estim\u00e9e\" \/>\n\t<meta name=\"twitter:data2\" content=\"1 minute\" \/>\n<script type=\"application\/ld+json\" class=\"yoast-schema-graph\">{\"@context\":\"https:\/\/schema.org\",\"@graph\":[{\"@type\":\"Article\",\"@id\":\"https:\/\/www.anderapartners.com\/fr\/andera-annonce-quatre-arrivees-au-sein-de-ses-equipe-back-et-middle-office\/#article\",\"isPartOf\":{\"@id\":\"https:\/\/www.anderapartners.com\/fr\/andera-annonce-quatre-arrivees-au-sein-de-ses-equipe-back-et-middle-office\/\"},\"author\":{\"name\":\"Victor Abraham\",\"@id\":\"https:\/\/www.anderapartners.com\/fr\/#\/schema\/person\/75d38af64e6d1fcc4b6ee76b0f59fdd1\"},\"headline\":\"Andera annonce quatre arriv\u00e9es au sein de ses \u00e9quipe Back et Middle Office\",\"datePublished\":\"2020-09-08T10:50:20+00:00\",\"dateModified\":\"2020-10-11T19:10:46+00:00\",\"mainEntityOfPage\":{\"@id\":\"https:\/\/www.anderapartners.com\/fr\/andera-annonce-quatre-arrivees-au-sein-de-ses-equipe-back-et-middle-office\/\"},\"wordCount\":281,\"publisher\":{\"@id\":\"https:\/\/www.anderapartners.com\/fr\/#organization\"},\"image\":{\"@id\":\"https:\/\/www.anderapartners.com\/fr\/andera-annonce-quatre-arrivees-au-sein-de-ses-equipe-back-et-middle-office\/#primaryimage\"},\"thumbnailUrl\":\"https:\/\/www.anderapartners.com\/wp-content\/uploads\/2020\/09\/Vanessa_Favier_Klak_petit.png\",\"articleSection\":[\"Andera Partners\"],\"inLanguage\":\"fr-FR\"},{\"@type\":\"WebPage\",\"@id\":\"https:\/\/www.anderapartners.com\/fr\/andera-annonce-quatre-arrivees-au-sein-de-ses-equipe-back-et-middle-office\/\",\"url\":\"https:\/\/www.anderapartners.com\/fr\/andera-annonce-quatre-arrivees-au-sein-de-ses-equipe-back-et-middle-office\/\",\"name\":\"Andera annonce quatre arriv\u00e9es au sein de ses \u00e9quipe Back et Middle Office - ANDERA PARTNERS\",\"isPartOf\":{\"@id\":\"https:\/\/www.anderapartners.com\/fr\/#website\"},\"primaryImageOfPage\":{\"@id\":\"https:\/\/www.anderapartners.com\/fr\/andera-annonce-quatre-arrivees-au-sein-de-ses-equipe-back-et-middle-office\/#primaryimage\"},\"image\":{\"@id\":\"https:\/\/www.anderapartners.com\/fr\/andera-annonce-quatre-arrivees-au-sein-de-ses-equipe-back-et-middle-office\/#primaryimage\"},\"thumbnailUrl\":\"https:\/\/www.anderapartners.com\/wp-content\/uploads\/2020\/09\/Vanessa_Favier_Klak_petit.png\",\"datePublished\":\"2020-09-08T10:50:20+00:00\",\"dateModified\":\"2020-10-11T19:10:46+00:00\",\"breadcrumb\":{\"@id\":\"https:\/\/www.anderapartners.com\/fr\/andera-annonce-quatre-arrivees-au-sein-de-ses-equipe-back-et-middle-office\/#breadcrumb\"},\"inLanguage\":\"fr-FR\",\"potentialAction\":[{\"@type\":\"ReadAction\",\"target\":[\"https:\/\/www.anderapartners.com\/fr\/andera-annonce-quatre-arrivees-au-sein-de-ses-equipe-back-et-middle-office\/\"]}]},{\"@type\":\"ImageObject\",\"inLanguage\":\"fr-FR\",\"@id\":\"https:\/\/www.anderapartners.com\/fr\/andera-annonce-quatre-arrivees-au-sein-de-ses-equipe-back-et-middle-office\/#primaryimage\",\"url\":\"https:\/\/www.anderapartners.com\/wp-content\/uploads\/2020\/09\/Vanessa_Favier_Klak_petit.png\",\"contentUrl\":\"https:\/\/www.anderapartners.com\/wp-content\/uploads\/2020\/09\/Vanessa_Favier_Klak_petit.png\"},{\"@type\":\"BreadcrumbList\",\"@id\":\"https:\/\/www.anderapartners.com\/fr\/andera-annonce-quatre-arrivees-au-sein-de-ses-equipe-back-et-middle-office\/#breadcrumb\",\"itemListElement\":[{\"@type\":\"ListItem\",\"position\":1,\"name\":\"Accueil\",\"item\":\"https:\/\/www.anderapartners.com\/fr\/\"},{\"@type\":\"ListItem\",\"position\":2,\"name\":\"Andera annonce quatre arriv\u00e9es au sein de ses \u00e9quipe Back et Middle Office\"}]},{\"@type\":\"WebSite\",\"@id\":\"https:\/\/www.anderapartners.com\/fr\/#website\",\"url\":\"https:\/\/www.anderapartners.com\/fr\/\",\"name\":\"ANDERA PARTNERS\",\"description\":\"\",\"publisher\":{\"@id\":\"https:\/\/www.anderapartners.com\/fr\/#organization\"},\"potentialAction\":[{\"@type\":\"SearchAction\",\"target\":{\"@type\":\"EntryPoint\",\"urlTemplate\":\"https:\/\/www.anderapartners.com\/fr\/?s={search_term_string}\"},\"query-input\":{\"@type\":\"PropertyValueSpecification\",\"valueRequired\":true,\"valueName\":\"search_term_string\"}}],\"inLanguage\":\"fr-FR\"},{\"@type\":\"Organization\",\"@id\":\"https:\/\/www.anderapartners.com\/fr\/#organization\",\"name\":\"Andera Partners\",\"url\":\"https:\/\/www.anderapartners.com\/fr\/\",\"logo\":{\"@type\":\"ImageObject\",\"inLanguage\":\"fr-FR\",\"@id\":\"https:\/\/www.anderapartners.com\/fr\/#\/schema\/logo\/image\/\",\"url\":\"https:\/\/www.anderapartners.com\/wp-content\/uploads\/2020\/08\/logo-white.svg\",\"contentUrl\":\"https:\/\/www.anderapartners.com\/wp-content\/uploads\/2020\/08\/logo-white.svg\",\"width\":107,\"height\":44,\"caption\":\"Andera Partners\"},\"image\":{\"@id\":\"https:\/\/www.anderapartners.com\/fr\/#\/schema\/logo\/image\/\"}},{\"@type\":\"Person\",\"@id\":\"https:\/\/www.anderapartners.com\/fr\/#\/schema\/person\/75d38af64e6d1fcc4b6ee76b0f59fdd1\",\"name\":\"Victor Abraham\",\"image\":{\"@type\":\"ImageObject\",\"inLanguage\":\"fr-FR\",\"@id\":\"https:\/\/www.anderapartners.com\/fr\/#\/schema\/person\/image\/\",\"url\":\"https:\/\/secure.gravatar.com\/avatar\/bc782378f30cd3a5224a3604aa12d4d4?s=96&d=mm&r=g\",\"contentUrl\":\"https:\/\/secure.gravatar.com\/avatar\/bc782378f30cd3a5224a3604aa12d4d4?s=96&d=mm&r=g\",\"caption\":\"Victor Abraham\"}}]}<\/script>\n<!-- \/ Yoast SEO plugin. -->","yoast_head_json":{"title":"Andera annonce quatre arriv\u00e9es au sein de ses \u00e9quipe Back et Middle Office - ANDERA PARTNERS","robots":{"index":"index","follow":"follow","max-snippet":"max-snippet:-1","max-image-preview":"max-image-preview:large","max-video-preview":"max-video-preview:-1"},"canonical":"https:\/\/www.anderapartners.com\/fr\/andera-annonce-quatre-arrivees-au-sein-de-ses-equipe-back-et-middle-office\/","og_locale":"fr_FR","og_type":"article","og_title":"Andera annonce quatre arriv\u00e9es au sein de ses \u00e9quipe Back et Middle Office - ANDERA PARTNERS","og_description":"&nbsp; Alors que la soci\u00e9t\u00e9 de gestion poursuit le renouvellement de ses fonds, initi\u00e9 en juillet dernier par la lev\u00e9e d\u2019ActoMezz IV \u00e0 plus de 500 M\u20ac, avec notamment les lev\u00e9es de Bio Discovery 6 et Cabestan 3 actuellement en cours, Andera Partners poursuit le renforcement de sa structure et annonce les arriv\u00e9es de\u00a0: Vanessa...","og_url":"https:\/\/www.anderapartners.com\/fr\/andera-annonce-quatre-arrivees-au-sein-de-ses-equipe-back-et-middle-office\/","og_site_name":"ANDERA PARTNERS","article_published_time":"2020-09-08T10:50:20+00:00","article_modified_time":"2020-10-11T19:10:46+00:00","og_image":[{"url":"https:\/\/www.anderapartners.com\/wp-content\/uploads\/2020\/09\/Vanessa_Favier_Klak_petit.png","type":"","width":"","height":""}],"author":"Victor Abraham","twitter_card":"summary_large_image","twitter_misc":{"\u00c9crit par":"Victor Abraham","Dur\u00e9e de lecture estim\u00e9e":"1 minute"},"schema":{"@context":"https:\/\/schema.org","@graph":[{"@type":"Article","@id":"https:\/\/www.anderapartners.com\/fr\/andera-annonce-quatre-arrivees-au-sein-de-ses-equipe-back-et-middle-office\/#article","isPartOf":{"@id":"https:\/\/www.anderapartners.com\/fr\/andera-annonce-quatre-arrivees-au-sein-de-ses-equipe-back-et-middle-office\/"},"author":{"name":"Victor Abraham","@id":"https:\/\/www.anderapartners.com\/fr\/#\/schema\/person\/75d38af64e6d1fcc4b6ee76b0f59fdd1"},"headline":"Andera annonce quatre arriv\u00e9es au sein de ses \u00e9quipe Back et Middle Office","datePublished":"2020-09-08T10:50:20+00:00","dateModified":"2020-10-11T19:10:46+00:00","mainEntityOfPage":{"@id":"https:\/\/www.anderapartners.com\/fr\/andera-annonce-quatre-arrivees-au-sein-de-ses-equipe-back-et-middle-office\/"},"wordCount":281,"publisher":{"@id":"https:\/\/www.anderapartners.com\/fr\/#organization"},"image":{"@id":"https:\/\/www.anderapartners.com\/fr\/andera-annonce-quatre-arrivees-au-sein-de-ses-equipe-back-et-middle-office\/#primaryimage"},"thumbnailUrl":"https:\/\/www.anderapartners.com\/wp-content\/uploads\/2020\/09\/Vanessa_Favier_Klak_petit.png","articleSection":["Andera Partners"],"inLanguage":"fr-FR"},{"@type":"WebPage","@id":"https:\/\/www.anderapartners.com\/fr\/andera-annonce-quatre-arrivees-au-sein-de-ses-equipe-back-et-middle-office\/","url":"https:\/\/www.anderapartners.com\/fr\/andera-annonce-quatre-arrivees-au-sein-de-ses-equipe-back-et-middle-office\/","name":"Andera annonce quatre arriv\u00e9es au sein de ses \u00e9quipe Back et Middle Office - ANDERA PARTNERS","isPartOf":{"@id":"https:\/\/www.anderapartners.com\/fr\/#website"},"primaryImageOfPage":{"@id":"https:\/\/www.anderapartners.com\/fr\/andera-annonce-quatre-arrivees-au-sein-de-ses-equipe-back-et-middle-office\/#primaryimage"},"image":{"@id":"https:\/\/www.anderapartners.com\/fr\/andera-annonce-quatre-arrivees-au-sein-de-ses-equipe-back-et-middle-office\/#primaryimage"},"thumbnailUrl":"https:\/\/www.anderapartners.com\/wp-content\/uploads\/2020\/09\/Vanessa_Favier_Klak_petit.png","datePublished":"2020-09-08T10:50:20+00:00","dateModified":"2020-10-11T19:10:46+00:00","breadcrumb":{"@id":"https:\/\/www.anderapartners.com\/fr\/andera-annonce-quatre-arrivees-au-sein-de-ses-equipe-back-et-middle-office\/#breadcrumb"},"inLanguage":"fr-FR","potentialAction":[{"@type":"ReadAction","target":["https:\/\/www.anderapartners.com\/fr\/andera-annonce-quatre-arrivees-au-sein-de-ses-equipe-back-et-middle-office\/"]}]},{"@type":"ImageObject","inLanguage":"fr-FR","@id":"https:\/\/www.anderapartners.com\/fr\/andera-annonce-quatre-arrivees-au-sein-de-ses-equipe-back-et-middle-office\/#primaryimage","url":"https:\/\/www.anderapartners.com\/wp-content\/uploads\/2020\/09\/Vanessa_Favier_Klak_petit.png","contentUrl":"https:\/\/www.anderapartners.com\/wp-content\/uploads\/2020\/09\/Vanessa_Favier_Klak_petit.png"},{"@type":"BreadcrumbList","@id":"https:\/\/www.anderapartners.com\/fr\/andera-annonce-quatre-arrivees-au-sein-de-ses-equipe-back-et-middle-office\/#breadcrumb","itemListElement":[{"@type":"ListItem","position":1,"name":"Accueil","item":"https:\/\/www.anderapartners.com\/fr\/"},{"@type":"ListItem","position":2,"name":"Andera annonce quatre arriv\u00e9es au sein de ses \u00e9quipe Back et Middle Office"}]},{"@type":"WebSite","@id":"https:\/\/www.anderapartners.com\/fr\/#website","url":"https:\/\/www.anderapartners.com\/fr\/","name":"ANDERA PARTNERS","description":"","publisher":{"@id":"https:\/\/www.anderapartners.com\/fr\/#organization"},"potentialAction":[{"@type":"SearchAction","target":{"@type":"EntryPoint","urlTemplate":"https:\/\/www.anderapartners.com\/fr\/?s={search_term_string}"},"query-input":{"@type":"PropertyValueSpecification","valueRequired":true,"valueName":"search_term_string"}}],"inLanguage":"fr-FR"},{"@type":"Organization","@id":"https:\/\/www.anderapartners.com\/fr\/#organization","name":"Andera Partners","url":"https:\/\/www.anderapartners.com\/fr\/","logo":{"@type":"ImageObject","inLanguage":"fr-FR","@id":"https:\/\/www.anderapartners.com\/fr\/#\/schema\/logo\/image\/","url":"https:\/\/www.anderapartners.com\/wp-content\/uploads\/2020\/08\/logo-white.svg","contentUrl":"https:\/\/www.anderapartners.com\/wp-content\/uploads\/2020\/08\/logo-white.svg","width":107,"height":44,"caption":"Andera Partners"},"image":{"@id":"https:\/\/www.anderapartners.com\/fr\/#\/schema\/logo\/image\/"}},{"@type":"Person","@id":"https:\/\/www.anderapartners.com\/fr\/#\/schema\/person\/75d38af64e6d1fcc4b6ee76b0f59fdd1","name":"Victor Abraham","image":{"@type":"ImageObject","inLanguage":"fr-FR","@id":"https:\/\/www.anderapartners.com\/fr\/#\/schema\/person\/image\/","url":"https:\/\/secure.gravatar.com\/avatar\/bc782378f30cd3a5224a3604aa12d4d4?s=96&d=mm&r=g","contentUrl":"https:\/\/secure.gravatar.com\/avatar\/bc782378f30cd3a5224a3604aa12d4d4?s=96&d=mm&r=g","caption":"Victor Abraham"}}]}},"_links":{"self":[{"href":"https:\/\/www.anderapartners.com\/fr\/wp-json\/wp\/v2\/posts\/6452","targetHints":{"allow":["GET"]}}],"collection":[{"href":"https:\/\/www.anderapartners.com\/fr\/wp-json\/wp\/v2\/posts"}],"about":[{"href":"https:\/\/www.anderapartners.com\/fr\/wp-json\/wp\/v2\/types\/post"}],"author":[{"embeddable":true,"href":"https:\/\/www.anderapartners.com\/fr\/wp-json\/wp\/v2\/users\/20"}],"replies":[{"embeddable":true,"href":"https:\/\/www.anderapartners.com\/fr\/wp-json\/wp\/v2\/comments?post=6452"}],"version-history":[{"count":0,"href":"https:\/\/www.anderapartners.com\/fr\/wp-json\/wp\/v2\/posts\/6452\/revisions"}],"wp:attachment":[{"href":"https:\/\/www.anderapartners.com\/fr\/wp-json\/wp\/v2\/media?parent=6452"}],"wp:term":[{"taxonomy":"category","embeddable":true,"href":"https:\/\/www.anderapartners.com\/fr\/wp-json\/wp\/v2\/categories?post=6452"}],"curies":[{"name":"wp","href":"https:\/\/api.w.org\/{rel}","templated":true}]}}