{"id":4707,"date":"2020-07-06T14:46:22","date_gmt":"2020-07-06T12:46:22","guid":{"rendered":"https:\/\/www.anderapartners.com\/?p=4707"},"modified":"2020-09-25T17:06:36","modified_gmt":"2020-09-25T15:06:36","slug":"finalisation-de-la-levee-de-cabestan-croissance","status":"publish","type":"post","link":"https:\/\/www.anderapartners.com\/fr\/finalisation-de-la-levee-de-cabestan-croissance\/","title":{"rendered":"Finalisation de la lev\u00e9e de Cabestan Croissance"},"content":{"rendered":"\r\n<p><img loading=\"lazy\" decoding=\"async\" class=\"alignnone size-full wp-image-5110\" src=\"https:\/\/www.anderapartners.com\/wp-content\/uploads\/2020\/07\/Test_CP_site-1450x650-1.jpg\" alt=\"\" width=\"1450\" height=\"650\" srcset=\"https:\/\/www.anderapartners.com\/wp-content\/uploads\/2020\/07\/Test_CP_site-1450x650-1.jpg 1450w, https:\/\/www.anderapartners.com\/wp-content\/uploads\/2020\/07\/Test_CP_site-1450x650-1-768x344.jpg 768w, https:\/\/www.anderapartners.com\/wp-content\/uploads\/2020\/07\/Test_CP_site-1450x650-1-285x128.jpg 285w, https:\/\/www.anderapartners.com\/wp-content\/uploads\/2020\/07\/Test_CP_site-1450x650-1-446x200.jpg 446w, https:\/\/www.anderapartners.com\/wp-content\/uploads\/2020\/07\/Test_CP_site-1450x650-1-385x173.jpg 385w\" sizes=\"auto, (max-width: 1450px) 100vw, 1450px\" \/><\/p>\r\n\r\n\r\n\r\n<p>&nbsp;<\/p>\r\n<p><a><em>Paris, le 6 juillet 2020 <\/em><\/a>\u2013 Apr\u00e8s un premier closing \u00e0 60 M\u20ac en d\u00e9cembre 2019, Cabestan Croissance a finalis\u00e9 sa lev\u00e9e durant le 1<sup>er<\/sup> trimestre 2020, atteignant son objectif final de 80 M\u20ac. Cette lev\u00e9e permet \u00e0 la plateforme Andera d\u2019\u00e9toffer son engagement dans l\u2019accompagnement des entrepreneurs du Small Cap. Depuis 2007, l\u2019\u00e9quipe Cabestan a en effet accompagn\u00e9 avec succ\u00e8s plus de 50 entreprises sur ce segment. Comme l\u2019ensemble des fonds g\u00e9r\u00e9s par Andera Partners, Cabestan Croissance se donne pour mission de participer activement \u00e0 la croissance et \u00e0 la structuration des entreprises dans lesquelles il investira.<\/p>\r\n\r\n\r\n\r\n<p>La strat\u00e9gie d\u2019investissement de Cabestan Croissance est identique \u00e0 celle de Cabestan Capital, \u00e0 savoir des op\u00e9rations de capital-d\u00e9veloppement et de capital-transmission \u00e0 caract\u00e8re majoritaire ou minoritaire. Cabestan Croissance s\u2019adressera plus sp\u00e9cifiquement aux PME rentables, implant\u00e9es en France et r\u00e9alisant moins de 30 M\u20ac de chiffre d\u2019affaires pour y investir entre 2 et 5 M\u20ac par op\u00e9ration. L\u2019\u00e9quipe d\u2019investissement est organis\u00e9e autour de deux directeurs, Marianne Harl\u00e9 et Pierre Morisseau ainsi que de Thibault Menel, Charg\u00e9 d\u2019Affaires, et Thomas Guyenot Analyste.<\/p>\r\n\r\n\r\n\r\n<p>Cette lev\u00e9e confirme ainsi le potentiel de l\u2019\u00e9quipe Cabestan qui ne cesse de se d\u00e9velopper au sein d\u2019Andera Partners. L\u2019\u00e9quipe Cabestan a en effet doubl\u00e9 de taille en moins de 5 ans et compte aujourd\u2019hui 15 personnes, dont 4 associ\u00e9s et 2 directeurs. Historiquement positionn\u00e9e sur le segment des fonds fiscaux, l\u2019\u00e9quipe a depuis investi deux <em>vintages<\/em> de fonds et se pr\u00e9pare \u00e0 lever son troisi\u00e8me. <em>\u00ab\u00a0Au-del\u00e0 de la consolidation de la strat\u00e9gie d\u00e9ploy\u00e9e par l\u2019\u00e9quipe Cabestan, cette lev\u00e9e t\u00e9moigne surtout du dynamisme de notre soci\u00e9t\u00e9 et du soutien de nos investisseurs pour nos projets de d\u00e9veloppement \u00bb<\/em> commente <strong>David Robin, associ\u00e9 au sein de Cabestan<\/strong>.<\/p>\r\n","protected":false},"excerpt":{"rendered":"<p>&nbsp; Paris, le 6 juillet 2020 \u2013 Apr\u00e8s un premier closing \u00e0 60 M\u20ac en d\u00e9cembre 2019, Cabestan Croissance a finalis\u00e9 sa lev\u00e9e durant le 1er trimestre 2020, atteignant son objectif final de 80 M\u20ac. Cette lev\u00e9e permet \u00e0 la plateforme Andera d\u2019\u00e9toffer son engagement dans l\u2019accompagnement des entrepreneurs du Small Cap. Depuis 2007, l\u2019\u00e9quipe&#8230;<\/p>\n","protected":false},"author":2,"featured_media":3398,"comment_status":"closed","ping_status":"open","sticky":false,"template":"","format":"standard","meta":[],"categories":[81],"class_list":["post-4707","post","type-post","status-publish","format-standard","has-post-thumbnail","hentry","category-cabestan-capital"],"acf":[],"yoast_head":"<!-- This site is optimized with the Yoast SEO plugin v24.1 - https:\/\/yoast.com\/wordpress\/plugins\/seo\/ -->\n<title>Finalisation de la lev\u00e9e de Cabestan Croissance - ANDERA PARTNERS<\/title>\n<meta name=\"robots\" content=\"index, follow, max-snippet:-1, max-image-preview:large, max-video-preview:-1\" \/>\n<link rel=\"canonical\" href=\"https:\/\/www.anderapartners.com\/fr\/finalisation-de-la-levee-de-cabestan-croissance\/\" \/>\n<meta property=\"og:locale\" content=\"fr_FR\" \/>\n<meta property=\"og:type\" content=\"article\" \/>\n<meta property=\"og:title\" content=\"Finalisation de la lev\u00e9e de Cabestan Croissance - ANDERA PARTNERS\" \/>\n<meta property=\"og:description\" content=\"&nbsp; Paris, le 6 juillet 2020 \u2013 Apr\u00e8s un premier closing \u00e0 60 M\u20ac en d\u00e9cembre 2019, Cabestan Croissance a finalis\u00e9 sa lev\u00e9e durant le 1er trimestre 2020, atteignant son objectif final de 80 M\u20ac. Cette lev\u00e9e permet \u00e0 la plateforme Andera d\u2019\u00e9toffer son engagement dans l\u2019accompagnement des entrepreneurs du Small Cap. Depuis 2007, l\u2019\u00e9quipe...\" \/>\n<meta property=\"og:url\" content=\"https:\/\/www.anderapartners.com\/fr\/finalisation-de-la-levee-de-cabestan-croissance\/\" \/>\n<meta property=\"og:site_name\" content=\"ANDERA PARTNERS\" \/>\n<meta property=\"article:published_time\" content=\"2020-07-06T12:46:22+00:00\" \/>\n<meta property=\"article:modified_time\" content=\"2020-09-25T15:06:36+00:00\" \/>\n<meta property=\"og:image\" content=\"https:\/\/www.anderapartners.com\/wp-content\/uploads\/2019\/12\/Test_CP_site-scaled.jpg\" \/>\n\t<meta property=\"og:image:width\" content=\"2560\" \/>\n\t<meta property=\"og:image:height\" content=\"1302\" \/>\n\t<meta property=\"og:image:type\" content=\"image\/jpeg\" \/>\n<meta name=\"author\" content=\"Nicolas Delsert\" \/>\n<meta name=\"twitter:card\" content=\"summary_large_image\" \/>\n<meta name=\"twitter:label1\" content=\"\u00c9crit par\" \/>\n\t<meta name=\"twitter:data1\" content=\"Nicolas Delsert\" \/>\n\t<meta name=\"twitter:label2\" content=\"Dur\u00e9e de lecture estim\u00e9e\" \/>\n\t<meta name=\"twitter:data2\" content=\"2 minutes\" \/>\n<script type=\"application\/ld+json\" class=\"yoast-schema-graph\">{\"@context\":\"https:\/\/schema.org\",\"@graph\":[{\"@type\":\"Article\",\"@id\":\"https:\/\/www.anderapartners.com\/fr\/finalisation-de-la-levee-de-cabestan-croissance\/#article\",\"isPartOf\":{\"@id\":\"https:\/\/www.anderapartners.com\/fr\/finalisation-de-la-levee-de-cabestan-croissance\/\"},\"author\":{\"name\":\"Nicolas Delsert\",\"@id\":\"https:\/\/www.anderapartners.com\/fr\/#\/schema\/person\/dce1d4a32f2d85f191a44527e202942c\"},\"headline\":\"Finalisation de la lev\u00e9e de Cabestan Croissance\",\"datePublished\":\"2020-07-06T12:46:22+00:00\",\"dateModified\":\"2020-09-25T15:06:36+00:00\",\"mainEntityOfPage\":{\"@id\":\"https:\/\/www.anderapartners.com\/fr\/finalisation-de-la-levee-de-cabestan-croissance\/\"},\"wordCount\":314,\"publisher\":{\"@id\":\"https:\/\/www.anderapartners.com\/fr\/#organization\"},\"image\":{\"@id\":\"https:\/\/www.anderapartners.com\/fr\/finalisation-de-la-levee-de-cabestan-croissance\/#primaryimage\"},\"thumbnailUrl\":\"https:\/\/www.anderapartners.com\/wp-content\/uploads\/2019\/12\/Test_CP_site-scaled.jpg\",\"articleSection\":[\"andera Expansion\/Croissance\"],\"inLanguage\":\"fr-FR\"},{\"@type\":\"WebPage\",\"@id\":\"https:\/\/www.anderapartners.com\/fr\/finalisation-de-la-levee-de-cabestan-croissance\/\",\"url\":\"https:\/\/www.anderapartners.com\/fr\/finalisation-de-la-levee-de-cabestan-croissance\/\",\"name\":\"Finalisation de la lev\u00e9e de Cabestan Croissance - ANDERA PARTNERS\",\"isPartOf\":{\"@id\":\"https:\/\/www.anderapartners.com\/fr\/#website\"},\"primaryImageOfPage\":{\"@id\":\"https:\/\/www.anderapartners.com\/fr\/finalisation-de-la-levee-de-cabestan-croissance\/#primaryimage\"},\"image\":{\"@id\":\"https:\/\/www.anderapartners.com\/fr\/finalisation-de-la-levee-de-cabestan-croissance\/#primaryimage\"},\"thumbnailUrl\":\"https:\/\/www.anderapartners.com\/wp-content\/uploads\/2019\/12\/Test_CP_site-scaled.jpg\",\"datePublished\":\"2020-07-06T12:46:22+00:00\",\"dateModified\":\"2020-09-25T15:06:36+00:00\",\"breadcrumb\":{\"@id\":\"https:\/\/www.anderapartners.com\/fr\/finalisation-de-la-levee-de-cabestan-croissance\/#breadcrumb\"},\"inLanguage\":\"fr-FR\",\"potentialAction\":[{\"@type\":\"ReadAction\",\"target\":[\"https:\/\/www.anderapartners.com\/fr\/finalisation-de-la-levee-de-cabestan-croissance\/\"]}]},{\"@type\":\"ImageObject\",\"inLanguage\":\"fr-FR\",\"@id\":\"https:\/\/www.anderapartners.com\/fr\/finalisation-de-la-levee-de-cabestan-croissance\/#primaryimage\",\"url\":\"https:\/\/www.anderapartners.com\/wp-content\/uploads\/2019\/12\/Test_CP_site-scaled.jpg\",\"contentUrl\":\"https:\/\/www.anderapartners.com\/wp-content\/uploads\/2019\/12\/Test_CP_site-scaled.jpg\",\"width\":2560,\"height\":1302},{\"@type\":\"BreadcrumbList\",\"@id\":\"https:\/\/www.anderapartners.com\/fr\/finalisation-de-la-levee-de-cabestan-croissance\/#breadcrumb\",\"itemListElement\":[{\"@type\":\"ListItem\",\"position\":1,\"name\":\"Accueil\",\"item\":\"https:\/\/www.anderapartners.com\/fr\/\"},{\"@type\":\"ListItem\",\"position\":2,\"name\":\"Finalisation de la lev\u00e9e de Cabestan Croissance\"}]},{\"@type\":\"WebSite\",\"@id\":\"https:\/\/www.anderapartners.com\/fr\/#website\",\"url\":\"https:\/\/www.anderapartners.com\/fr\/\",\"name\":\"ANDERA PARTNERS\",\"description\":\"\",\"publisher\":{\"@id\":\"https:\/\/www.anderapartners.com\/fr\/#organization\"},\"potentialAction\":[{\"@type\":\"SearchAction\",\"target\":{\"@type\":\"EntryPoint\",\"urlTemplate\":\"https:\/\/www.anderapartners.com\/fr\/?s={search_term_string}\"},\"query-input\":{\"@type\":\"PropertyValueSpecification\",\"valueRequired\":true,\"valueName\":\"search_term_string\"}}],\"inLanguage\":\"fr-FR\"},{\"@type\":\"Organization\",\"@id\":\"https:\/\/www.anderapartners.com\/fr\/#organization\",\"name\":\"Andera Partners\",\"url\":\"https:\/\/www.anderapartners.com\/fr\/\",\"logo\":{\"@type\":\"ImageObject\",\"inLanguage\":\"fr-FR\",\"@id\":\"https:\/\/www.anderapartners.com\/fr\/#\/schema\/logo\/image\/\",\"url\":\"https:\/\/www.anderapartners.com\/wp-content\/uploads\/2020\/08\/logo-white.svg\",\"contentUrl\":\"https:\/\/www.anderapartners.com\/wp-content\/uploads\/2020\/08\/logo-white.svg\",\"width\":107,\"height\":44,\"caption\":\"Andera Partners\"},\"image\":{\"@id\":\"https:\/\/www.anderapartners.com\/fr\/#\/schema\/logo\/image\/\"}},{\"@type\":\"Person\",\"@id\":\"https:\/\/www.anderapartners.com\/fr\/#\/schema\/person\/dce1d4a32f2d85f191a44527e202942c\",\"name\":\"Nicolas Delsert\",\"image\":{\"@type\":\"ImageObject\",\"inLanguage\":\"fr-FR\",\"@id\":\"https:\/\/www.anderapartners.com\/fr\/#\/schema\/person\/image\/\",\"url\":\"https:\/\/secure.gravatar.com\/avatar\/fca7b29302058c85588bc6bc3db9bd1e?s=96&d=mm&r=g\",\"contentUrl\":\"https:\/\/secure.gravatar.com\/avatar\/fca7b29302058c85588bc6bc3db9bd1e?s=96&d=mm&r=g\",\"caption\":\"Nicolas Delsert\"}}]}<\/script>\n<!-- \/ Yoast SEO plugin. -->","yoast_head_json":{"title":"Finalisation de la lev\u00e9e de Cabestan Croissance - ANDERA PARTNERS","robots":{"index":"index","follow":"follow","max-snippet":"max-snippet:-1","max-image-preview":"max-image-preview:large","max-video-preview":"max-video-preview:-1"},"canonical":"https:\/\/www.anderapartners.com\/fr\/finalisation-de-la-levee-de-cabestan-croissance\/","og_locale":"fr_FR","og_type":"article","og_title":"Finalisation de la lev\u00e9e de Cabestan Croissance - ANDERA PARTNERS","og_description":"&nbsp; Paris, le 6 juillet 2020 \u2013 Apr\u00e8s un premier closing \u00e0 60 M\u20ac en d\u00e9cembre 2019, Cabestan Croissance a finalis\u00e9 sa lev\u00e9e durant le 1er trimestre 2020, atteignant son objectif final de 80 M\u20ac. Cette lev\u00e9e permet \u00e0 la plateforme Andera d\u2019\u00e9toffer son engagement dans l\u2019accompagnement des entrepreneurs du Small Cap. Depuis 2007, l\u2019\u00e9quipe...","og_url":"https:\/\/www.anderapartners.com\/fr\/finalisation-de-la-levee-de-cabestan-croissance\/","og_site_name":"ANDERA PARTNERS","article_published_time":"2020-07-06T12:46:22+00:00","article_modified_time":"2020-09-25T15:06:36+00:00","og_image":[{"width":2560,"height":1302,"url":"https:\/\/www.anderapartners.com\/wp-content\/uploads\/2019\/12\/Test_CP_site-scaled.jpg","type":"image\/jpeg"}],"author":"Nicolas Delsert","twitter_card":"summary_large_image","twitter_misc":{"\u00c9crit par":"Nicolas Delsert","Dur\u00e9e de lecture estim\u00e9e":"2 minutes"},"schema":{"@context":"https:\/\/schema.org","@graph":[{"@type":"Article","@id":"https:\/\/www.anderapartners.com\/fr\/finalisation-de-la-levee-de-cabestan-croissance\/#article","isPartOf":{"@id":"https:\/\/www.anderapartners.com\/fr\/finalisation-de-la-levee-de-cabestan-croissance\/"},"author":{"name":"Nicolas Delsert","@id":"https:\/\/www.anderapartners.com\/fr\/#\/schema\/person\/dce1d4a32f2d85f191a44527e202942c"},"headline":"Finalisation de la lev\u00e9e de Cabestan Croissance","datePublished":"2020-07-06T12:46:22+00:00","dateModified":"2020-09-25T15:06:36+00:00","mainEntityOfPage":{"@id":"https:\/\/www.anderapartners.com\/fr\/finalisation-de-la-levee-de-cabestan-croissance\/"},"wordCount":314,"publisher":{"@id":"https:\/\/www.anderapartners.com\/fr\/#organization"},"image":{"@id":"https:\/\/www.anderapartners.com\/fr\/finalisation-de-la-levee-de-cabestan-croissance\/#primaryimage"},"thumbnailUrl":"https:\/\/www.anderapartners.com\/wp-content\/uploads\/2019\/12\/Test_CP_site-scaled.jpg","articleSection":["andera Expansion\/Croissance"],"inLanguage":"fr-FR"},{"@type":"WebPage","@id":"https:\/\/www.anderapartners.com\/fr\/finalisation-de-la-levee-de-cabestan-croissance\/","url":"https:\/\/www.anderapartners.com\/fr\/finalisation-de-la-levee-de-cabestan-croissance\/","name":"Finalisation de la lev\u00e9e de Cabestan Croissance - ANDERA PARTNERS","isPartOf":{"@id":"https:\/\/www.anderapartners.com\/fr\/#website"},"primaryImageOfPage":{"@id":"https:\/\/www.anderapartners.com\/fr\/finalisation-de-la-levee-de-cabestan-croissance\/#primaryimage"},"image":{"@id":"https:\/\/www.anderapartners.com\/fr\/finalisation-de-la-levee-de-cabestan-croissance\/#primaryimage"},"thumbnailUrl":"https:\/\/www.anderapartners.com\/wp-content\/uploads\/2019\/12\/Test_CP_site-scaled.jpg","datePublished":"2020-07-06T12:46:22+00:00","dateModified":"2020-09-25T15:06:36+00:00","breadcrumb":{"@id":"https:\/\/www.anderapartners.com\/fr\/finalisation-de-la-levee-de-cabestan-croissance\/#breadcrumb"},"inLanguage":"fr-FR","potentialAction":[{"@type":"ReadAction","target":["https:\/\/www.anderapartners.com\/fr\/finalisation-de-la-levee-de-cabestan-croissance\/"]}]},{"@type":"ImageObject","inLanguage":"fr-FR","@id":"https:\/\/www.anderapartners.com\/fr\/finalisation-de-la-levee-de-cabestan-croissance\/#primaryimage","url":"https:\/\/www.anderapartners.com\/wp-content\/uploads\/2019\/12\/Test_CP_site-scaled.jpg","contentUrl":"https:\/\/www.anderapartners.com\/wp-content\/uploads\/2019\/12\/Test_CP_site-scaled.jpg","width":2560,"height":1302},{"@type":"BreadcrumbList","@id":"https:\/\/www.anderapartners.com\/fr\/finalisation-de-la-levee-de-cabestan-croissance\/#breadcrumb","itemListElement":[{"@type":"ListItem","position":1,"name":"Accueil","item":"https:\/\/www.anderapartners.com\/fr\/"},{"@type":"ListItem","position":2,"name":"Finalisation de la lev\u00e9e de Cabestan Croissance"}]},{"@type":"WebSite","@id":"https:\/\/www.anderapartners.com\/fr\/#website","url":"https:\/\/www.anderapartners.com\/fr\/","name":"ANDERA PARTNERS","description":"","publisher":{"@id":"https:\/\/www.anderapartners.com\/fr\/#organization"},"potentialAction":[{"@type":"SearchAction","target":{"@type":"EntryPoint","urlTemplate":"https:\/\/www.anderapartners.com\/fr\/?s={search_term_string}"},"query-input":{"@type":"PropertyValueSpecification","valueRequired":true,"valueName":"search_term_string"}}],"inLanguage":"fr-FR"},{"@type":"Organization","@id":"https:\/\/www.anderapartners.com\/fr\/#organization","name":"Andera Partners","url":"https:\/\/www.anderapartners.com\/fr\/","logo":{"@type":"ImageObject","inLanguage":"fr-FR","@id":"https:\/\/www.anderapartners.com\/fr\/#\/schema\/logo\/image\/","url":"https:\/\/www.anderapartners.com\/wp-content\/uploads\/2020\/08\/logo-white.svg","contentUrl":"https:\/\/www.anderapartners.com\/wp-content\/uploads\/2020\/08\/logo-white.svg","width":107,"height":44,"caption":"Andera Partners"},"image":{"@id":"https:\/\/www.anderapartners.com\/fr\/#\/schema\/logo\/image\/"}},{"@type":"Person","@id":"https:\/\/www.anderapartners.com\/fr\/#\/schema\/person\/dce1d4a32f2d85f191a44527e202942c","name":"Nicolas Delsert","image":{"@type":"ImageObject","inLanguage":"fr-FR","@id":"https:\/\/www.anderapartners.com\/fr\/#\/schema\/person\/image\/","url":"https:\/\/secure.gravatar.com\/avatar\/fca7b29302058c85588bc6bc3db9bd1e?s=96&d=mm&r=g","contentUrl":"https:\/\/secure.gravatar.com\/avatar\/fca7b29302058c85588bc6bc3db9bd1e?s=96&d=mm&r=g","caption":"Nicolas Delsert"}}]}},"_links":{"self":[{"href":"https:\/\/www.anderapartners.com\/fr\/wp-json\/wp\/v2\/posts\/4707","targetHints":{"allow":["GET"]}}],"collection":[{"href":"https:\/\/www.anderapartners.com\/fr\/wp-json\/wp\/v2\/posts"}],"about":[{"href":"https:\/\/www.anderapartners.com\/fr\/wp-json\/wp\/v2\/types\/post"}],"author":[{"embeddable":true,"href":"https:\/\/www.anderapartners.com\/fr\/wp-json\/wp\/v2\/users\/2"}],"replies":[{"embeddable":true,"href":"https:\/\/www.anderapartners.com\/fr\/wp-json\/wp\/v2\/comments?post=4707"}],"version-history":[{"count":0,"href":"https:\/\/www.anderapartners.com\/fr\/wp-json\/wp\/v2\/posts\/4707\/revisions"}],"wp:featuredmedia":[{"embeddable":true,"href":"https:\/\/www.anderapartners.com\/fr\/wp-json\/wp\/v2\/media\/3398"}],"wp:attachment":[{"href":"https:\/\/www.anderapartners.com\/fr\/wp-json\/wp\/v2\/media?parent=4707"}],"wp:term":[{"taxonomy":"category","embeddable":true,"href":"https:\/\/www.anderapartners.com\/fr\/wp-json\/wp\/v2\/categories?post=4707"}],"curies":[{"name":"wp","href":"https:\/\/api.w.org\/{rel}","templated":true}]}}