{"id":3365,"date":"2019-12-09T11:25:50","date_gmt":"2019-12-09T10:25:50","guid":{"rendered":"https:\/\/www.anderapartners.com\/?p=3365"},"modified":"2020-09-28T10:20:55","modified_gmt":"2020-09-28T08:20:55","slug":"andera-partners-atteint-la-neutralite-carbone-et-obtient-le-label-co2-neutral","status":"publish","type":"post","link":"https:\/\/www.anderapartners.com\/fr\/andera-partners-atteint-la-neutralite-carbone-et-obtient-le-label-co2-neutral\/","title":{"rendered":"Andera Partners atteint la neutralit\u00e9 carbone et obtient le label CO2-neutral\u00ae"},"content":{"rendered":"<p><img loading=\"lazy\" decoding=\"async\" class=\"alignnone size-full wp-image-3366\" src=\"https:\/\/www.anderapartners.com\/wp-content\/uploads\/2019\/12\/CO2-neutral.jpg\" alt=\"\" width=\"952\" height=\"461\" srcset=\"https:\/\/www.anderapartners.com\/wp-content\/uploads\/2019\/12\/CO2-neutral.jpg 952w, https:\/\/www.anderapartners.com\/wp-content\/uploads\/2019\/12\/CO2-neutral-768x372.jpg 768w, https:\/\/www.anderapartners.com\/wp-content\/uploads\/2019\/12\/CO2-neutral-285x138.jpg 285w, https:\/\/www.anderapartners.com\/wp-content\/uploads\/2019\/12\/CO2-neutral-446x216.jpg 446w, https:\/\/www.anderapartners.com\/wp-content\/uploads\/2019\/12\/CO2-neutral-385x186.jpg 385w\" sizes=\"auto, (max-width: 952px) 100vw, 952px\" \/><strong>Apr\u00e8s avoir confirm\u00e9 son engagement dans la lutte contre le changement climatique en rejoignant l\u2019iC20 \u2013 l\u2019\u00a0\u00ab\u00a0Initiative Climat 2020\u00a0\u00bb de France Invest en juin 2019, la soci\u00e9t\u00e9 de gestion Andera Partners est heureuse d\u2019annoncer avoir atteint la neutralit\u00e9 carbone.<\/strong><\/p>\n<p><em>\u00a0<\/em><\/p>\n<p>Un an et demi apr\u00e8s sa prise d\u2019ind\u00e9pendance, Andera Partners franchit une \u00e9tape d\u00e9cisive dans sa d\u00e9marche en mati\u00e8re de lutte contre le changement climatique en obtenant le label CO2-neutral\u00ae.<\/p>\n<p>Avec plus de 2,3 Mds\u20ac d\u2019actif sous gestion, pr\u00e8s de 100 soci\u00e9t\u00e9s investies au travers de ses 4 franchises, Andera Partners est conscient de sa responsabilit\u00e9 d\u2019actionnaires en mati\u00e8re d\u2019ESG (Environnement, Social et Gouvernance) et reconnait l\u2019importance grandissante que ces th\u00e8mes prennent et vont continuer \u00e0 prendre \u00e0 l\u2019avenir. Avec cette labellisation, les \u00e9quipes d\u2019Andera Partners souhaitent assumer leur r\u00f4le d\u2019investisseur responsable et participer \u00e0 la lutte contre le changement climatique \u00e0 leur niveau. Cette d\u00e9marche d\u2019exemplarit\u00e9 est \u00e9galement un premier pas vers la r\u00e9duction des \u00e9missions de gaz \u00e0 effet de serre des entreprises en portefeuille.<\/p>\n<p>La soci\u00e9t\u00e9 CO2logic et le tiers ind\u00e9pendant Vin\u00e7otte collaborent \u00e0 la certification du label CO2-neutral\u00ae bas\u00e9 sur le \u2018PAS 2060\u2019, premier standard international reconnu de neutralit\u00e9 carbone. Le label garantit que les organisations labellis\u00e9es CO2-neutral\u00ae calculent les impacts locaux et globaux, les r\u00e9duisent et compensent leurs \u00e9missions de gaz \u00e0 effet de serre r\u00e9siduelles. Avoir atteint la neutralit\u00e9 carbone est une garantie intersectorielle incontestable de l\u2019engagement d\u2019Andera Partners en faveur de la pr\u00e9servation du climat.<\/p>\n<p><em>\u00a0\u00ab\u00a0Nous sommes heureux d\u2019agir concr\u00e8tement en prenant des engagements \u00e0 la fois de r\u00e9duction de nos \u00e9missions et de compensation. Nous sommes convaincus que l\u2019impact positif que nous recherchons pour l\u2019ensemble de notre \u00e9cosyst\u00e8me doit d\u00e9sormais se mesurer aussi \u00e0 l\u2019aune de crit\u00e8res extra-financiers.\u00a0\u00bb<\/em>, commentent St\u00e9phane Bergez et Pierre-Yves Poirier, Associ\u00e9s et co-g\u00e9rants d\u2019Andera Partners.<em> \u00ab\u00a0Le fait d\u2019\u00eatre la premi\u00e8re soci\u00e9t\u00e9 de gestion en France \u00e0 obtenir le label CO2-neutral\u00ae nous engage plus qu\u2019il nous honore. Cela marque de mani\u00e8re d\u00e9cisive cette profonde conviction que nous voulons porter.\u00a0\u00bb<\/em><\/p>\n<p>\u00ab\u00a0<em>Au-del\u00e0 de l\u2019atteinte en 2019 de la neutralit\u00e9 carbone au niveau de la soci\u00e9t\u00e9 de gestion Andera Partners, notre objectif pour 2020 est de pouvoir mesurer et agir sur l\u2019empreinte carbone de l\u2019ensemble de notre portefeuille.\u00a0\u00bb <\/em>ajoutent Mayeul Caron, Associ\u00e9, et Christine Martinovic, Directrice de Participations, tous deux membres du Comit\u00e9 ESG d\u2019Andera Partners.<\/p>\n<p>\u00ab\u00a0<em>Trop peu d\u2019entreprises encore prennent leur responsabilit\u00e9 en mati\u00e8re de climat. Mais les \u00e9quipes de C02logic travaillent tous les jours pour changer cela\u00a0car l\u2019enjeu est immense.\u00a0Une entreprise neutre en carbone garantit qu\u2019elle ne transf\u00e8re pas son impact climatique \u00e0 la soci\u00e9t\u00e9 et aux g\u00e9n\u00e9rations futures<\/em>.\u00a0\u00bb expliquent Mathieu Cribellier, Directeur de Projet et Antoine Geerinckx, Fondateur de CO2logic.<\/p>\n<p>&nbsp;<\/p>\n<p>Pour d\u00e9couvrir l\u2019iC20 de France Invest, veuillez <a href=\"https:\/\/www.franceinvest.eu\/club\/commission-esg\">cliquer ici.<\/a><\/p>\n<p>Pour en savoir plus sur le label CO2-neutral\u00ae veuillez <a href=\"http:\/\/www.co2-neutral-label.org\/\">cliquer ici<\/a>.<\/p>\n","protected":false},"excerpt":{"rendered":"<p>Apr\u00e8s avoir confirm\u00e9 son engagement dans la lutte contre le changement climatique en rejoignant l\u2019iC20 \u2013 l\u2019\u00a0\u00ab\u00a0Initiative Climat 2020\u00a0\u00bb de France Invest en juin 2019, la soci\u00e9t\u00e9 de gestion Andera Partners est heureuse d\u2019annoncer avoir atteint la neutralit\u00e9 carbone. \u00a0 Un an et demi apr\u00e8s sa prise d\u2019ind\u00e9pendance, Andera Partners franchit une \u00e9tape d\u00e9cisive dans&#8230;<\/p>\n","protected":false},"author":2,"featured_media":3366,"comment_status":"closed","ping_status":"open","sticky":false,"template":"","format":"standard","meta":[],"categories":[152],"class_list":["post-3365","post","type-post","status-publish","format-standard","has-post-thumbnail","hentry","category-andera-partners"],"acf":[],"yoast_head":"<!-- This site is optimized with the Yoast SEO plugin v24.1 - https:\/\/yoast.com\/wordpress\/plugins\/seo\/ -->\n<title>Andera Partners atteint la neutralit\u00e9 carbone et obtient le label CO2-neutral\u00ae - ANDERA PARTNERS<\/title>\n<meta name=\"robots\" content=\"index, follow, max-snippet:-1, max-image-preview:large, max-video-preview:-1\" \/>\n<link rel=\"canonical\" href=\"https:\/\/www.anderapartners.com\/fr\/andera-partners-atteint-la-neutralite-carbone-et-obtient-le-label-co2-neutral\/\" \/>\n<meta property=\"og:locale\" content=\"fr_FR\" \/>\n<meta property=\"og:type\" content=\"article\" \/>\n<meta property=\"og:title\" content=\"Andera Partners atteint la neutralit\u00e9 carbone et obtient le label CO2-neutral\u00ae - ANDERA PARTNERS\" \/>\n<meta property=\"og:description\" content=\"Apr\u00e8s avoir confirm\u00e9 son engagement dans la lutte contre le changement climatique en rejoignant l\u2019iC20 \u2013 l\u2019\u00a0\u00ab\u00a0Initiative Climat 2020\u00a0\u00bb de France Invest en juin 2019, la soci\u00e9t\u00e9 de gestion Andera Partners est heureuse d\u2019annoncer avoir atteint la neutralit\u00e9 carbone. \u00a0 Un an et demi apr\u00e8s sa prise d\u2019ind\u00e9pendance, Andera Partners franchit une \u00e9tape d\u00e9cisive dans...\" \/>\n<meta property=\"og:url\" content=\"https:\/\/www.anderapartners.com\/fr\/andera-partners-atteint-la-neutralite-carbone-et-obtient-le-label-co2-neutral\/\" \/>\n<meta property=\"og:site_name\" content=\"ANDERA PARTNERS\" \/>\n<meta property=\"article:published_time\" content=\"2019-12-09T10:25:50+00:00\" \/>\n<meta property=\"article:modified_time\" content=\"2020-09-28T08:20:55+00:00\" \/>\n<meta property=\"og:image\" content=\"https:\/\/www.anderapartners.com\/wp-content\/uploads\/2019\/12\/CO2-neutral.jpg\" \/>\n\t<meta property=\"og:image:width\" content=\"952\" \/>\n\t<meta property=\"og:image:height\" content=\"461\" \/>\n\t<meta property=\"og:image:type\" content=\"image\/jpeg\" \/>\n<meta name=\"author\" content=\"Nicolas Delsert\" \/>\n<meta name=\"twitter:card\" content=\"summary_large_image\" \/>\n<meta name=\"twitter:label1\" content=\"\u00c9crit par\" \/>\n\t<meta name=\"twitter:data1\" content=\"Nicolas Delsert\" \/>\n\t<meta name=\"twitter:label2\" content=\"Dur\u00e9e de lecture estim\u00e9e\" \/>\n\t<meta name=\"twitter:data2\" content=\"3 minutes\" \/>\n<script type=\"application\/ld+json\" class=\"yoast-schema-graph\">{\"@context\":\"https:\/\/schema.org\",\"@graph\":[{\"@type\":\"Article\",\"@id\":\"https:\/\/www.anderapartners.com\/fr\/andera-partners-atteint-la-neutralite-carbone-et-obtient-le-label-co2-neutral\/#article\",\"isPartOf\":{\"@id\":\"https:\/\/www.anderapartners.com\/fr\/andera-partners-atteint-la-neutralite-carbone-et-obtient-le-label-co2-neutral\/\"},\"author\":{\"name\":\"Nicolas Delsert\",\"@id\":\"https:\/\/www.anderapartners.com\/fr\/#\/schema\/person\/dce1d4a32f2d85f191a44527e202942c\"},\"headline\":\"Andera Partners atteint la neutralit\u00e9 carbone et obtient le label CO2-neutral\u00ae\",\"datePublished\":\"2019-12-09T10:25:50+00:00\",\"dateModified\":\"2020-09-28T08:20:55+00:00\",\"mainEntityOfPage\":{\"@id\":\"https:\/\/www.anderapartners.com\/fr\/andera-partners-atteint-la-neutralite-carbone-et-obtient-le-label-co2-neutral\/\"},\"wordCount\":533,\"publisher\":{\"@id\":\"https:\/\/www.anderapartners.com\/fr\/#organization\"},\"image\":{\"@id\":\"https:\/\/www.anderapartners.com\/fr\/andera-partners-atteint-la-neutralite-carbone-et-obtient-le-label-co2-neutral\/#primaryimage\"},\"thumbnailUrl\":\"https:\/\/www.anderapartners.com\/wp-content\/uploads\/2019\/12\/CO2-neutral.jpg\",\"articleSection\":[\"Andera Partners\"],\"inLanguage\":\"fr-FR\"},{\"@type\":\"WebPage\",\"@id\":\"https:\/\/www.anderapartners.com\/fr\/andera-partners-atteint-la-neutralite-carbone-et-obtient-le-label-co2-neutral\/\",\"url\":\"https:\/\/www.anderapartners.com\/fr\/andera-partners-atteint-la-neutralite-carbone-et-obtient-le-label-co2-neutral\/\",\"name\":\"Andera Partners atteint la neutralit\u00e9 carbone et obtient le label CO2-neutral\u00ae - ANDERA PARTNERS\",\"isPartOf\":{\"@id\":\"https:\/\/www.anderapartners.com\/fr\/#website\"},\"primaryImageOfPage\":{\"@id\":\"https:\/\/www.anderapartners.com\/fr\/andera-partners-atteint-la-neutralite-carbone-et-obtient-le-label-co2-neutral\/#primaryimage\"},\"image\":{\"@id\":\"https:\/\/www.anderapartners.com\/fr\/andera-partners-atteint-la-neutralite-carbone-et-obtient-le-label-co2-neutral\/#primaryimage\"},\"thumbnailUrl\":\"https:\/\/www.anderapartners.com\/wp-content\/uploads\/2019\/12\/CO2-neutral.jpg\",\"datePublished\":\"2019-12-09T10:25:50+00:00\",\"dateModified\":\"2020-09-28T08:20:55+00:00\",\"breadcrumb\":{\"@id\":\"https:\/\/www.anderapartners.com\/fr\/andera-partners-atteint-la-neutralite-carbone-et-obtient-le-label-co2-neutral\/#breadcrumb\"},\"inLanguage\":\"fr-FR\",\"potentialAction\":[{\"@type\":\"ReadAction\",\"target\":[\"https:\/\/www.anderapartners.com\/fr\/andera-partners-atteint-la-neutralite-carbone-et-obtient-le-label-co2-neutral\/\"]}]},{\"@type\":\"ImageObject\",\"inLanguage\":\"fr-FR\",\"@id\":\"https:\/\/www.anderapartners.com\/fr\/andera-partners-atteint-la-neutralite-carbone-et-obtient-le-label-co2-neutral\/#primaryimage\",\"url\":\"https:\/\/www.anderapartners.com\/wp-content\/uploads\/2019\/12\/CO2-neutral.jpg\",\"contentUrl\":\"https:\/\/www.anderapartners.com\/wp-content\/uploads\/2019\/12\/CO2-neutral.jpg\",\"width\":952,\"height\":461},{\"@type\":\"BreadcrumbList\",\"@id\":\"https:\/\/www.anderapartners.com\/fr\/andera-partners-atteint-la-neutralite-carbone-et-obtient-le-label-co2-neutral\/#breadcrumb\",\"itemListElement\":[{\"@type\":\"ListItem\",\"position\":1,\"name\":\"Accueil\",\"item\":\"https:\/\/www.anderapartners.com\/fr\/\"},{\"@type\":\"ListItem\",\"position\":2,\"name\":\"Andera Partners atteint la neutralit\u00e9 carbone et obtient le label CO2-neutral\u00ae\"}]},{\"@type\":\"WebSite\",\"@id\":\"https:\/\/www.anderapartners.com\/fr\/#website\",\"url\":\"https:\/\/www.anderapartners.com\/fr\/\",\"name\":\"ANDERA PARTNERS\",\"description\":\"\",\"publisher\":{\"@id\":\"https:\/\/www.anderapartners.com\/fr\/#organization\"},\"potentialAction\":[{\"@type\":\"SearchAction\",\"target\":{\"@type\":\"EntryPoint\",\"urlTemplate\":\"https:\/\/www.anderapartners.com\/fr\/?s={search_term_string}\"},\"query-input\":{\"@type\":\"PropertyValueSpecification\",\"valueRequired\":true,\"valueName\":\"search_term_string\"}}],\"inLanguage\":\"fr-FR\"},{\"@type\":\"Organization\",\"@id\":\"https:\/\/www.anderapartners.com\/fr\/#organization\",\"name\":\"Andera Partners\",\"url\":\"https:\/\/www.anderapartners.com\/fr\/\",\"logo\":{\"@type\":\"ImageObject\",\"inLanguage\":\"fr-FR\",\"@id\":\"https:\/\/www.anderapartners.com\/fr\/#\/schema\/logo\/image\/\",\"url\":\"https:\/\/www.anderapartners.com\/wp-content\/uploads\/2020\/08\/logo-white.svg\",\"contentUrl\":\"https:\/\/www.anderapartners.com\/wp-content\/uploads\/2020\/08\/logo-white.svg\",\"width\":107,\"height\":44,\"caption\":\"Andera Partners\"},\"image\":{\"@id\":\"https:\/\/www.anderapartners.com\/fr\/#\/schema\/logo\/image\/\"}},{\"@type\":\"Person\",\"@id\":\"https:\/\/www.anderapartners.com\/fr\/#\/schema\/person\/dce1d4a32f2d85f191a44527e202942c\",\"name\":\"Nicolas Delsert\",\"image\":{\"@type\":\"ImageObject\",\"inLanguage\":\"fr-FR\",\"@id\":\"https:\/\/www.anderapartners.com\/fr\/#\/schema\/person\/image\/\",\"url\":\"https:\/\/secure.gravatar.com\/avatar\/fca7b29302058c85588bc6bc3db9bd1e?s=96&d=mm&r=g\",\"contentUrl\":\"https:\/\/secure.gravatar.com\/avatar\/fca7b29302058c85588bc6bc3db9bd1e?s=96&d=mm&r=g\",\"caption\":\"Nicolas Delsert\"}}]}<\/script>\n<!-- \/ Yoast SEO plugin. -->","yoast_head_json":{"title":"Andera Partners atteint la neutralit\u00e9 carbone et obtient le label CO2-neutral\u00ae - ANDERA PARTNERS","robots":{"index":"index","follow":"follow","max-snippet":"max-snippet:-1","max-image-preview":"max-image-preview:large","max-video-preview":"max-video-preview:-1"},"canonical":"https:\/\/www.anderapartners.com\/fr\/andera-partners-atteint-la-neutralite-carbone-et-obtient-le-label-co2-neutral\/","og_locale":"fr_FR","og_type":"article","og_title":"Andera Partners atteint la neutralit\u00e9 carbone et obtient le label CO2-neutral\u00ae - ANDERA PARTNERS","og_description":"Apr\u00e8s avoir confirm\u00e9 son engagement dans la lutte contre le changement climatique en rejoignant l\u2019iC20 \u2013 l\u2019\u00a0\u00ab\u00a0Initiative Climat 2020\u00a0\u00bb de France Invest en juin 2019, la soci\u00e9t\u00e9 de gestion Andera Partners est heureuse d\u2019annoncer avoir atteint la neutralit\u00e9 carbone. \u00a0 Un an et demi apr\u00e8s sa prise d\u2019ind\u00e9pendance, Andera Partners franchit une \u00e9tape d\u00e9cisive dans...","og_url":"https:\/\/www.anderapartners.com\/fr\/andera-partners-atteint-la-neutralite-carbone-et-obtient-le-label-co2-neutral\/","og_site_name":"ANDERA PARTNERS","article_published_time":"2019-12-09T10:25:50+00:00","article_modified_time":"2020-09-28T08:20:55+00:00","og_image":[{"width":952,"height":461,"url":"https:\/\/www.anderapartners.com\/wp-content\/uploads\/2019\/12\/CO2-neutral.jpg","type":"image\/jpeg"}],"author":"Nicolas Delsert","twitter_card":"summary_large_image","twitter_misc":{"\u00c9crit par":"Nicolas Delsert","Dur\u00e9e de lecture estim\u00e9e":"3 minutes"},"schema":{"@context":"https:\/\/schema.org","@graph":[{"@type":"Article","@id":"https:\/\/www.anderapartners.com\/fr\/andera-partners-atteint-la-neutralite-carbone-et-obtient-le-label-co2-neutral\/#article","isPartOf":{"@id":"https:\/\/www.anderapartners.com\/fr\/andera-partners-atteint-la-neutralite-carbone-et-obtient-le-label-co2-neutral\/"},"author":{"name":"Nicolas Delsert","@id":"https:\/\/www.anderapartners.com\/fr\/#\/schema\/person\/dce1d4a32f2d85f191a44527e202942c"},"headline":"Andera Partners atteint la neutralit\u00e9 carbone et obtient le label CO2-neutral\u00ae","datePublished":"2019-12-09T10:25:50+00:00","dateModified":"2020-09-28T08:20:55+00:00","mainEntityOfPage":{"@id":"https:\/\/www.anderapartners.com\/fr\/andera-partners-atteint-la-neutralite-carbone-et-obtient-le-label-co2-neutral\/"},"wordCount":533,"publisher":{"@id":"https:\/\/www.anderapartners.com\/fr\/#organization"},"image":{"@id":"https:\/\/www.anderapartners.com\/fr\/andera-partners-atteint-la-neutralite-carbone-et-obtient-le-label-co2-neutral\/#primaryimage"},"thumbnailUrl":"https:\/\/www.anderapartners.com\/wp-content\/uploads\/2019\/12\/CO2-neutral.jpg","articleSection":["Andera Partners"],"inLanguage":"fr-FR"},{"@type":"WebPage","@id":"https:\/\/www.anderapartners.com\/fr\/andera-partners-atteint-la-neutralite-carbone-et-obtient-le-label-co2-neutral\/","url":"https:\/\/www.anderapartners.com\/fr\/andera-partners-atteint-la-neutralite-carbone-et-obtient-le-label-co2-neutral\/","name":"Andera Partners atteint la neutralit\u00e9 carbone et obtient le label CO2-neutral\u00ae - ANDERA PARTNERS","isPartOf":{"@id":"https:\/\/www.anderapartners.com\/fr\/#website"},"primaryImageOfPage":{"@id":"https:\/\/www.anderapartners.com\/fr\/andera-partners-atteint-la-neutralite-carbone-et-obtient-le-label-co2-neutral\/#primaryimage"},"image":{"@id":"https:\/\/www.anderapartners.com\/fr\/andera-partners-atteint-la-neutralite-carbone-et-obtient-le-label-co2-neutral\/#primaryimage"},"thumbnailUrl":"https:\/\/www.anderapartners.com\/wp-content\/uploads\/2019\/12\/CO2-neutral.jpg","datePublished":"2019-12-09T10:25:50+00:00","dateModified":"2020-09-28T08:20:55+00:00","breadcrumb":{"@id":"https:\/\/www.anderapartners.com\/fr\/andera-partners-atteint-la-neutralite-carbone-et-obtient-le-label-co2-neutral\/#breadcrumb"},"inLanguage":"fr-FR","potentialAction":[{"@type":"ReadAction","target":["https:\/\/www.anderapartners.com\/fr\/andera-partners-atteint-la-neutralite-carbone-et-obtient-le-label-co2-neutral\/"]}]},{"@type":"ImageObject","inLanguage":"fr-FR","@id":"https:\/\/www.anderapartners.com\/fr\/andera-partners-atteint-la-neutralite-carbone-et-obtient-le-label-co2-neutral\/#primaryimage","url":"https:\/\/www.anderapartners.com\/wp-content\/uploads\/2019\/12\/CO2-neutral.jpg","contentUrl":"https:\/\/www.anderapartners.com\/wp-content\/uploads\/2019\/12\/CO2-neutral.jpg","width":952,"height":461},{"@type":"BreadcrumbList","@id":"https:\/\/www.anderapartners.com\/fr\/andera-partners-atteint-la-neutralite-carbone-et-obtient-le-label-co2-neutral\/#breadcrumb","itemListElement":[{"@type":"ListItem","position":1,"name":"Accueil","item":"https:\/\/www.anderapartners.com\/fr\/"},{"@type":"ListItem","position":2,"name":"Andera Partners atteint la neutralit\u00e9 carbone et obtient le label CO2-neutral\u00ae"}]},{"@type":"WebSite","@id":"https:\/\/www.anderapartners.com\/fr\/#website","url":"https:\/\/www.anderapartners.com\/fr\/","name":"ANDERA PARTNERS","description":"","publisher":{"@id":"https:\/\/www.anderapartners.com\/fr\/#organization"},"potentialAction":[{"@type":"SearchAction","target":{"@type":"EntryPoint","urlTemplate":"https:\/\/www.anderapartners.com\/fr\/?s={search_term_string}"},"query-input":{"@type":"PropertyValueSpecification","valueRequired":true,"valueName":"search_term_string"}}],"inLanguage":"fr-FR"},{"@type":"Organization","@id":"https:\/\/www.anderapartners.com\/fr\/#organization","name":"Andera Partners","url":"https:\/\/www.anderapartners.com\/fr\/","logo":{"@type":"ImageObject","inLanguage":"fr-FR","@id":"https:\/\/www.anderapartners.com\/fr\/#\/schema\/logo\/image\/","url":"https:\/\/www.anderapartners.com\/wp-content\/uploads\/2020\/08\/logo-white.svg","contentUrl":"https:\/\/www.anderapartners.com\/wp-content\/uploads\/2020\/08\/logo-white.svg","width":107,"height":44,"caption":"Andera Partners"},"image":{"@id":"https:\/\/www.anderapartners.com\/fr\/#\/schema\/logo\/image\/"}},{"@type":"Person","@id":"https:\/\/www.anderapartners.com\/fr\/#\/schema\/person\/dce1d4a32f2d85f191a44527e202942c","name":"Nicolas Delsert","image":{"@type":"ImageObject","inLanguage":"fr-FR","@id":"https:\/\/www.anderapartners.com\/fr\/#\/schema\/person\/image\/","url":"https:\/\/secure.gravatar.com\/avatar\/fca7b29302058c85588bc6bc3db9bd1e?s=96&d=mm&r=g","contentUrl":"https:\/\/secure.gravatar.com\/avatar\/fca7b29302058c85588bc6bc3db9bd1e?s=96&d=mm&r=g","caption":"Nicolas Delsert"}}]}},"_links":{"self":[{"href":"https:\/\/www.anderapartners.com\/fr\/wp-json\/wp\/v2\/posts\/3365","targetHints":{"allow":["GET"]}}],"collection":[{"href":"https:\/\/www.anderapartners.com\/fr\/wp-json\/wp\/v2\/posts"}],"about":[{"href":"https:\/\/www.anderapartners.com\/fr\/wp-json\/wp\/v2\/types\/post"}],"author":[{"embeddable":true,"href":"https:\/\/www.anderapartners.com\/fr\/wp-json\/wp\/v2\/users\/2"}],"replies":[{"embeddable":true,"href":"https:\/\/www.anderapartners.com\/fr\/wp-json\/wp\/v2\/comments?post=3365"}],"version-history":[{"count":0,"href":"https:\/\/www.anderapartners.com\/fr\/wp-json\/wp\/v2\/posts\/3365\/revisions"}],"wp:featuredmedia":[{"embeddable":true,"href":"https:\/\/www.anderapartners.com\/fr\/wp-json\/wp\/v2\/media\/3366"}],"wp:attachment":[{"href":"https:\/\/www.anderapartners.com\/fr\/wp-json\/wp\/v2\/media?parent=3365"}],"wp:term":[{"taxonomy":"category","embeddable":true,"href":"https:\/\/www.anderapartners.com\/fr\/wp-json\/wp\/v2\/categories?post=3365"}],"curies":[{"name":"wp","href":"https:\/\/api.w.org\/{rel}","templated":true}]}}