{"id":3301,"date":"2019-10-29T10:36:22","date_gmt":"2019-10-29T09:36:22","guid":{"rendered":"https:\/\/www.anderapartners.com\/?p=3301"},"modified":"2020-09-28T10:55:18","modified_gmt":"2020-09-28T08:55:18","slug":"cabestan-organise-la-transition-manageriale-et-le-refinancement-du-groupe-volta","status":"publish","type":"post","link":"https:\/\/www.anderapartners.com\/fr\/cabestan-organise-la-transition-manageriale-et-le-refinancement-du-groupe-volta\/","title":{"rendered":"Cabestan organise la transition manag\u00e9riale et le refinancement du groupe Volta"},"content":{"rendered":"<p><img loading=\"lazy\" decoding=\"async\" class=\"alignnone size-full wp-image-3308\" src=\"https:\/\/www.anderapartners.com\/wp-content\/uploads\/2019\/10\/Volta-2.jpg\" alt=\"\" width=\"952\" height=\"461\" srcset=\"https:\/\/www.anderapartners.com\/wp-content\/uploads\/2019\/10\/Volta-2.jpg 952w, https:\/\/www.anderapartners.com\/wp-content\/uploads\/2019\/10\/Volta-2-768x372.jpg 768w, https:\/\/www.anderapartners.com\/wp-content\/uploads\/2019\/10\/Volta-2-285x138.jpg 285w, https:\/\/www.anderapartners.com\/wp-content\/uploads\/2019\/10\/Volta-2-446x216.jpg 446w, https:\/\/www.anderapartners.com\/wp-content\/uploads\/2019\/10\/Volta-2-385x186.jpg 385w\" sizes=\"auto, (max-width: 952px) 100vw, 952px\" \/><strong>Actionnaire depuis juin 2013 du groupe Volta, sp\u00e9cialiste des services de r\u00e9habilitation \/ maintenance \u00e9lectrique et m\u00e9tallerie en Ile-de-France, Cabestan Capital, le fonds small-mid cap d\u2019Andera Partners, accompagne sa transmission et proc\u00e8de \u00e0 son refinancement. <\/strong><\/p>\n<p>&nbsp;<\/p>\n<p>Andera Partners annonce avoir finalis\u00e9 la transmission du groupe Volta, sp\u00e9cialiste des services de r\u00e9habilitation \/ maintenance \u00e9lectrique et m\u00e9tallerie en Ile-de-France \u00e0 travers ses filiales Cide-Elec et TSO Reali, \u00e0 l\u2019occasion d\u2019une op\u00e9ration de refinancement destin\u00e9e \u00e0 organiser la cession des parts de ses fondateurs Yves Merlhe et Thierry Vacquer.<\/p>\n<p>&nbsp;<\/p>\n<p>A la faveur de cette op\u00e9ration, Cabestan Capital prend une participation majoritaire et plusieurs managers se renforcent ou font leur entr\u00e9e au capital du groupe, emmen\u00e9s par Bertrand Chenu qui en devient Pr\u00e9sident, Thierry Prost, Directeur G\u00e9n\u00e9ral de TSO Reali et Benjamin Pariselle, Directeur Administratif et Financier.<\/p>\n<p>&nbsp;<\/p>\n<p>Fond\u00e9 en 1988 par MM. Merlhe et Vacquer, Cide-Elec est aujourd\u2019hui l\u2019un des leaders ind\u00e9pendants des services \u00e9lectriques en Ile-de-France avec des positions fortes sur la r\u00e9habilitation, maintenance et d\u00e9pannage aupr\u00e8s des bailleurs sociaux et des clients priv\u00e9s. En 2004 le groupe rach\u00e8te TSO Reali et devient le groupe Dufyelec qui sera renomm\u00e9 en Volta lors de l\u2019entr\u00e9e au capital de Cabestan Capital en 2013.<\/p>\n<p>&nbsp;<\/p>\n<p>L\u2019op\u00e9ration de transmission et de refinancement men\u00e9e par Andera Partners a \u00e9t\u00e9 financ\u00e9e int\u00e9gralement en dette senior, avec le soutien de Caisse d\u2019Epargne et de Pr\u00e9voyance Ile-de-France, banque historique du groupe, et Banque Populaire Rives de Paris. Elle intervient apr\u00e8s une phase de forte croissance et de structuration durant laquelle une nouvelle g\u00e9n\u00e9ration de managers est mont\u00e9e en puissance, pla\u00e7ant le groupe Volta dans d\u2019excellentes conditions pour ses d\u00e9veloppements futurs.<\/p>\n<p>&nbsp;<\/p>\n<p><strong>Bertrand Chenu, Pr\u00e9sident <\/strong>d\u00e9clare : <em>\u00ab Nous remercions Yves Merlhe et Thierry Vacquer et allons avoir \u00e0 c\u0153ur de poursuivre le d\u00e9veloppement du groupe qu\u2019ils ont fond\u00e9. Notre march\u00e9 est tir\u00e9 par des fondamentaux solides et des tendances de long-terme et Volta est particuli\u00e8rement bien positionn\u00e9 pour en tirer profit de la meilleure des fa\u00e7ons. La comp\u00e9tence et le savoir-faire de nos \u00e9quipes associ\u00e9s \u00e0 la culture du service de notre groupe sont les gages de notre r\u00e9ussite \u00e0 venir.\u00a0\u00bb<\/em><\/p>\n<p>&nbsp;<\/p>\n<p><strong>Mayeul Caron, Associ\u00e9 chez Andera Partners :<\/strong><em> \u00ab Apr\u00e8s un doublement de l\u2019activit\u00e9 en 5 ans, nous avons organis\u00e9 avec le management la transmission \u00e0 chaque niveau de l\u2019entreprise. Cette phase a \u00e9t\u00e9 men\u00e9e dans la dur\u00e9e car pour le secteur d\u2019activit\u00e9 de Volta, encore plus qu\u2019ailleurs, la comp\u00e9tence et l\u2019exp\u00e9rience sont le propre des hommes et des femmes qui composent les \u00e9quipes. Nous sommes convaincus que cette transition r\u00e9ussie va lib\u00e9rer les \u00e9nergies et assurer un d\u00e9veloppement p\u00e9renne dans un march\u00e9 o\u00f9 les opportunit\u00e9s demeurent nombreuses. Nous accompagnerons activement la consolidation du secteur avec la nouvelle \u00e9quipe de direction. \u00bb<\/em><\/p>\n","protected":false},"excerpt":{"rendered":"<p>Actionnaire depuis juin 2013 du groupe Volta, sp\u00e9cialiste des services de r\u00e9habilitation \/ maintenance \u00e9lectrique et m\u00e9tallerie en Ile-de-France, Cabestan Capital, le fonds small-mid cap d\u2019Andera Partners, accompagne sa transmission et proc\u00e8de \u00e0 son refinancement. &nbsp; Andera Partners annonce avoir finalis\u00e9 la transmission du groupe Volta, sp\u00e9cialiste des services de r\u00e9habilitation \/ maintenance \u00e9lectrique et&#8230;<\/p>\n","protected":false},"author":2,"featured_media":3308,"comment_status":"closed","ping_status":"open","sticky":false,"template":"","format":"standard","meta":[],"categories":[81],"class_list":["post-3301","post","type-post","status-publish","format-standard","has-post-thumbnail","hentry","category-cabestan-capital"],"acf":[],"yoast_head":"<!-- This site is optimized with the Yoast SEO plugin v24.1 - https:\/\/yoast.com\/wordpress\/plugins\/seo\/ -->\n<title>Cabestan organise la transition manag\u00e9riale et le refinancement du groupe Volta - ANDERA PARTNERS<\/title>\n<meta name=\"robots\" content=\"index, follow, max-snippet:-1, max-image-preview:large, max-video-preview:-1\" \/>\n<link rel=\"canonical\" href=\"https:\/\/www.anderapartners.com\/fr\/cabestan-organise-la-transition-manageriale-et-le-refinancement-du-groupe-volta\/\" \/>\n<meta property=\"og:locale\" content=\"fr_FR\" \/>\n<meta property=\"og:type\" content=\"article\" \/>\n<meta property=\"og:title\" content=\"Cabestan organise la transition manag\u00e9riale et le refinancement du groupe Volta - ANDERA PARTNERS\" \/>\n<meta property=\"og:description\" content=\"Actionnaire depuis juin 2013 du groupe Volta, sp\u00e9cialiste des services de r\u00e9habilitation \/ maintenance \u00e9lectrique et m\u00e9tallerie en Ile-de-France, Cabestan Capital, le fonds small-mid cap d\u2019Andera Partners, accompagne sa transmission et proc\u00e8de \u00e0 son refinancement. &nbsp; Andera Partners annonce avoir finalis\u00e9 la transmission du groupe Volta, sp\u00e9cialiste des services de r\u00e9habilitation \/ maintenance \u00e9lectrique et...\" \/>\n<meta property=\"og:url\" content=\"https:\/\/www.anderapartners.com\/fr\/cabestan-organise-la-transition-manageriale-et-le-refinancement-du-groupe-volta\/\" \/>\n<meta property=\"og:site_name\" content=\"ANDERA PARTNERS\" \/>\n<meta property=\"article:published_time\" content=\"2019-10-29T09:36:22+00:00\" \/>\n<meta property=\"article:modified_time\" content=\"2020-09-28T08:55:18+00:00\" \/>\n<meta property=\"og:image\" content=\"https:\/\/www.anderapartners.com\/wp-content\/uploads\/2019\/10\/Volta-2.jpg\" \/>\n\t<meta property=\"og:image:width\" content=\"952\" \/>\n\t<meta property=\"og:image:height\" content=\"461\" \/>\n\t<meta property=\"og:image:type\" content=\"image\/jpeg\" \/>\n<meta name=\"author\" content=\"Nicolas Delsert\" \/>\n<meta name=\"twitter:card\" content=\"summary_large_image\" \/>\n<meta name=\"twitter:label1\" content=\"\u00c9crit par\" \/>\n\t<meta name=\"twitter:data1\" content=\"Nicolas Delsert\" \/>\n\t<meta name=\"twitter:label2\" content=\"Dur\u00e9e de lecture estim\u00e9e\" \/>\n\t<meta name=\"twitter:data2\" content=\"3 minutes\" \/>\n<script type=\"application\/ld+json\" class=\"yoast-schema-graph\">{\"@context\":\"https:\/\/schema.org\",\"@graph\":[{\"@type\":\"Article\",\"@id\":\"https:\/\/www.anderapartners.com\/fr\/cabestan-organise-la-transition-manageriale-et-le-refinancement-du-groupe-volta\/#article\",\"isPartOf\":{\"@id\":\"https:\/\/www.anderapartners.com\/fr\/cabestan-organise-la-transition-manageriale-et-le-refinancement-du-groupe-volta\/\"},\"author\":{\"name\":\"Nicolas Delsert\",\"@id\":\"https:\/\/www.anderapartners.com\/fr\/#\/schema\/person\/dce1d4a32f2d85f191a44527e202942c\"},\"headline\":\"Cabestan organise la transition manag\u00e9riale et le refinancement du groupe Volta\",\"datePublished\":\"2019-10-29T09:36:22+00:00\",\"dateModified\":\"2020-09-28T08:55:18+00:00\",\"mainEntityOfPage\":{\"@id\":\"https:\/\/www.anderapartners.com\/fr\/cabestan-organise-la-transition-manageriale-et-le-refinancement-du-groupe-volta\/\"},\"wordCount\":514,\"publisher\":{\"@id\":\"https:\/\/www.anderapartners.com\/fr\/#organization\"},\"image\":{\"@id\":\"https:\/\/www.anderapartners.com\/fr\/cabestan-organise-la-transition-manageriale-et-le-refinancement-du-groupe-volta\/#primaryimage\"},\"thumbnailUrl\":\"https:\/\/www.anderapartners.com\/wp-content\/uploads\/2019\/10\/Volta-2.jpg\",\"articleSection\":[\"andera Expansion\/Croissance\"],\"inLanguage\":\"fr-FR\"},{\"@type\":\"WebPage\",\"@id\":\"https:\/\/www.anderapartners.com\/fr\/cabestan-organise-la-transition-manageriale-et-le-refinancement-du-groupe-volta\/\",\"url\":\"https:\/\/www.anderapartners.com\/fr\/cabestan-organise-la-transition-manageriale-et-le-refinancement-du-groupe-volta\/\",\"name\":\"Cabestan organise la transition manag\u00e9riale et le refinancement du groupe Volta - ANDERA PARTNERS\",\"isPartOf\":{\"@id\":\"https:\/\/www.anderapartners.com\/fr\/#website\"},\"primaryImageOfPage\":{\"@id\":\"https:\/\/www.anderapartners.com\/fr\/cabestan-organise-la-transition-manageriale-et-le-refinancement-du-groupe-volta\/#primaryimage\"},\"image\":{\"@id\":\"https:\/\/www.anderapartners.com\/fr\/cabestan-organise-la-transition-manageriale-et-le-refinancement-du-groupe-volta\/#primaryimage\"},\"thumbnailUrl\":\"https:\/\/www.anderapartners.com\/wp-content\/uploads\/2019\/10\/Volta-2.jpg\",\"datePublished\":\"2019-10-29T09:36:22+00:00\",\"dateModified\":\"2020-09-28T08:55:18+00:00\",\"breadcrumb\":{\"@id\":\"https:\/\/www.anderapartners.com\/fr\/cabestan-organise-la-transition-manageriale-et-le-refinancement-du-groupe-volta\/#breadcrumb\"},\"inLanguage\":\"fr-FR\",\"potentialAction\":[{\"@type\":\"ReadAction\",\"target\":[\"https:\/\/www.anderapartners.com\/fr\/cabestan-organise-la-transition-manageriale-et-le-refinancement-du-groupe-volta\/\"]}]},{\"@type\":\"ImageObject\",\"inLanguage\":\"fr-FR\",\"@id\":\"https:\/\/www.anderapartners.com\/fr\/cabestan-organise-la-transition-manageriale-et-le-refinancement-du-groupe-volta\/#primaryimage\",\"url\":\"https:\/\/www.anderapartners.com\/wp-content\/uploads\/2019\/10\/Volta-2.jpg\",\"contentUrl\":\"https:\/\/www.anderapartners.com\/wp-content\/uploads\/2019\/10\/Volta-2.jpg\",\"width\":952,\"height\":461},{\"@type\":\"BreadcrumbList\",\"@id\":\"https:\/\/www.anderapartners.com\/fr\/cabestan-organise-la-transition-manageriale-et-le-refinancement-du-groupe-volta\/#breadcrumb\",\"itemListElement\":[{\"@type\":\"ListItem\",\"position\":1,\"name\":\"Accueil\",\"item\":\"https:\/\/www.anderapartners.com\/fr\/\"},{\"@type\":\"ListItem\",\"position\":2,\"name\":\"Cabestan organise la transition manag\u00e9riale et le refinancement du groupe Volta\"}]},{\"@type\":\"WebSite\",\"@id\":\"https:\/\/www.anderapartners.com\/fr\/#website\",\"url\":\"https:\/\/www.anderapartners.com\/fr\/\",\"name\":\"ANDERA PARTNERS\",\"description\":\"\",\"publisher\":{\"@id\":\"https:\/\/www.anderapartners.com\/fr\/#organization\"},\"potentialAction\":[{\"@type\":\"SearchAction\",\"target\":{\"@type\":\"EntryPoint\",\"urlTemplate\":\"https:\/\/www.anderapartners.com\/fr\/?s={search_term_string}\"},\"query-input\":{\"@type\":\"PropertyValueSpecification\",\"valueRequired\":true,\"valueName\":\"search_term_string\"}}],\"inLanguage\":\"fr-FR\"},{\"@type\":\"Organization\",\"@id\":\"https:\/\/www.anderapartners.com\/fr\/#organization\",\"name\":\"Andera Partners\",\"url\":\"https:\/\/www.anderapartners.com\/fr\/\",\"logo\":{\"@type\":\"ImageObject\",\"inLanguage\":\"fr-FR\",\"@id\":\"https:\/\/www.anderapartners.com\/fr\/#\/schema\/logo\/image\/\",\"url\":\"https:\/\/www.anderapartners.com\/wp-content\/uploads\/2020\/08\/logo-white.svg\",\"contentUrl\":\"https:\/\/www.anderapartners.com\/wp-content\/uploads\/2020\/08\/logo-white.svg\",\"width\":107,\"height\":44,\"caption\":\"Andera Partners\"},\"image\":{\"@id\":\"https:\/\/www.anderapartners.com\/fr\/#\/schema\/logo\/image\/\"}},{\"@type\":\"Person\",\"@id\":\"https:\/\/www.anderapartners.com\/fr\/#\/schema\/person\/dce1d4a32f2d85f191a44527e202942c\",\"name\":\"Nicolas Delsert\",\"image\":{\"@type\":\"ImageObject\",\"inLanguage\":\"fr-FR\",\"@id\":\"https:\/\/www.anderapartners.com\/fr\/#\/schema\/person\/image\/\",\"url\":\"https:\/\/secure.gravatar.com\/avatar\/fca7b29302058c85588bc6bc3db9bd1e?s=96&d=mm&r=g\",\"contentUrl\":\"https:\/\/secure.gravatar.com\/avatar\/fca7b29302058c85588bc6bc3db9bd1e?s=96&d=mm&r=g\",\"caption\":\"Nicolas Delsert\"}}]}<\/script>\n<!-- \/ Yoast SEO plugin. -->","yoast_head_json":{"title":"Cabestan organise la transition manag\u00e9riale et le refinancement du groupe Volta - ANDERA PARTNERS","robots":{"index":"index","follow":"follow","max-snippet":"max-snippet:-1","max-image-preview":"max-image-preview:large","max-video-preview":"max-video-preview:-1"},"canonical":"https:\/\/www.anderapartners.com\/fr\/cabestan-organise-la-transition-manageriale-et-le-refinancement-du-groupe-volta\/","og_locale":"fr_FR","og_type":"article","og_title":"Cabestan organise la transition manag\u00e9riale et le refinancement du groupe Volta - ANDERA PARTNERS","og_description":"Actionnaire depuis juin 2013 du groupe Volta, sp\u00e9cialiste des services de r\u00e9habilitation \/ maintenance \u00e9lectrique et m\u00e9tallerie en Ile-de-France, Cabestan Capital, le fonds small-mid cap d\u2019Andera Partners, accompagne sa transmission et proc\u00e8de \u00e0 son refinancement. &nbsp; Andera Partners annonce avoir finalis\u00e9 la transmission du groupe Volta, sp\u00e9cialiste des services de r\u00e9habilitation \/ maintenance \u00e9lectrique et...","og_url":"https:\/\/www.anderapartners.com\/fr\/cabestan-organise-la-transition-manageriale-et-le-refinancement-du-groupe-volta\/","og_site_name":"ANDERA PARTNERS","article_published_time":"2019-10-29T09:36:22+00:00","article_modified_time":"2020-09-28T08:55:18+00:00","og_image":[{"width":952,"height":461,"url":"https:\/\/www.anderapartners.com\/wp-content\/uploads\/2019\/10\/Volta-2.jpg","type":"image\/jpeg"}],"author":"Nicolas Delsert","twitter_card":"summary_large_image","twitter_misc":{"\u00c9crit par":"Nicolas Delsert","Dur\u00e9e de lecture estim\u00e9e":"3 minutes"},"schema":{"@context":"https:\/\/schema.org","@graph":[{"@type":"Article","@id":"https:\/\/www.anderapartners.com\/fr\/cabestan-organise-la-transition-manageriale-et-le-refinancement-du-groupe-volta\/#article","isPartOf":{"@id":"https:\/\/www.anderapartners.com\/fr\/cabestan-organise-la-transition-manageriale-et-le-refinancement-du-groupe-volta\/"},"author":{"name":"Nicolas Delsert","@id":"https:\/\/www.anderapartners.com\/fr\/#\/schema\/person\/dce1d4a32f2d85f191a44527e202942c"},"headline":"Cabestan organise la transition manag\u00e9riale et le refinancement du groupe Volta","datePublished":"2019-10-29T09:36:22+00:00","dateModified":"2020-09-28T08:55:18+00:00","mainEntityOfPage":{"@id":"https:\/\/www.anderapartners.com\/fr\/cabestan-organise-la-transition-manageriale-et-le-refinancement-du-groupe-volta\/"},"wordCount":514,"publisher":{"@id":"https:\/\/www.anderapartners.com\/fr\/#organization"},"image":{"@id":"https:\/\/www.anderapartners.com\/fr\/cabestan-organise-la-transition-manageriale-et-le-refinancement-du-groupe-volta\/#primaryimage"},"thumbnailUrl":"https:\/\/www.anderapartners.com\/wp-content\/uploads\/2019\/10\/Volta-2.jpg","articleSection":["andera Expansion\/Croissance"],"inLanguage":"fr-FR"},{"@type":"WebPage","@id":"https:\/\/www.anderapartners.com\/fr\/cabestan-organise-la-transition-manageriale-et-le-refinancement-du-groupe-volta\/","url":"https:\/\/www.anderapartners.com\/fr\/cabestan-organise-la-transition-manageriale-et-le-refinancement-du-groupe-volta\/","name":"Cabestan organise la transition manag\u00e9riale et le refinancement du groupe Volta - ANDERA PARTNERS","isPartOf":{"@id":"https:\/\/www.anderapartners.com\/fr\/#website"},"primaryImageOfPage":{"@id":"https:\/\/www.anderapartners.com\/fr\/cabestan-organise-la-transition-manageriale-et-le-refinancement-du-groupe-volta\/#primaryimage"},"image":{"@id":"https:\/\/www.anderapartners.com\/fr\/cabestan-organise-la-transition-manageriale-et-le-refinancement-du-groupe-volta\/#primaryimage"},"thumbnailUrl":"https:\/\/www.anderapartners.com\/wp-content\/uploads\/2019\/10\/Volta-2.jpg","datePublished":"2019-10-29T09:36:22+00:00","dateModified":"2020-09-28T08:55:18+00:00","breadcrumb":{"@id":"https:\/\/www.anderapartners.com\/fr\/cabestan-organise-la-transition-manageriale-et-le-refinancement-du-groupe-volta\/#breadcrumb"},"inLanguage":"fr-FR","potentialAction":[{"@type":"ReadAction","target":["https:\/\/www.anderapartners.com\/fr\/cabestan-organise-la-transition-manageriale-et-le-refinancement-du-groupe-volta\/"]}]},{"@type":"ImageObject","inLanguage":"fr-FR","@id":"https:\/\/www.anderapartners.com\/fr\/cabestan-organise-la-transition-manageriale-et-le-refinancement-du-groupe-volta\/#primaryimage","url":"https:\/\/www.anderapartners.com\/wp-content\/uploads\/2019\/10\/Volta-2.jpg","contentUrl":"https:\/\/www.anderapartners.com\/wp-content\/uploads\/2019\/10\/Volta-2.jpg","width":952,"height":461},{"@type":"BreadcrumbList","@id":"https:\/\/www.anderapartners.com\/fr\/cabestan-organise-la-transition-manageriale-et-le-refinancement-du-groupe-volta\/#breadcrumb","itemListElement":[{"@type":"ListItem","position":1,"name":"Accueil","item":"https:\/\/www.anderapartners.com\/fr\/"},{"@type":"ListItem","position":2,"name":"Cabestan organise la transition manag\u00e9riale et le refinancement du groupe Volta"}]},{"@type":"WebSite","@id":"https:\/\/www.anderapartners.com\/fr\/#website","url":"https:\/\/www.anderapartners.com\/fr\/","name":"ANDERA PARTNERS","description":"","publisher":{"@id":"https:\/\/www.anderapartners.com\/fr\/#organization"},"potentialAction":[{"@type":"SearchAction","target":{"@type":"EntryPoint","urlTemplate":"https:\/\/www.anderapartners.com\/fr\/?s={search_term_string}"},"query-input":{"@type":"PropertyValueSpecification","valueRequired":true,"valueName":"search_term_string"}}],"inLanguage":"fr-FR"},{"@type":"Organization","@id":"https:\/\/www.anderapartners.com\/fr\/#organization","name":"Andera Partners","url":"https:\/\/www.anderapartners.com\/fr\/","logo":{"@type":"ImageObject","inLanguage":"fr-FR","@id":"https:\/\/www.anderapartners.com\/fr\/#\/schema\/logo\/image\/","url":"https:\/\/www.anderapartners.com\/wp-content\/uploads\/2020\/08\/logo-white.svg","contentUrl":"https:\/\/www.anderapartners.com\/wp-content\/uploads\/2020\/08\/logo-white.svg","width":107,"height":44,"caption":"Andera Partners"},"image":{"@id":"https:\/\/www.anderapartners.com\/fr\/#\/schema\/logo\/image\/"}},{"@type":"Person","@id":"https:\/\/www.anderapartners.com\/fr\/#\/schema\/person\/dce1d4a32f2d85f191a44527e202942c","name":"Nicolas Delsert","image":{"@type":"ImageObject","inLanguage":"fr-FR","@id":"https:\/\/www.anderapartners.com\/fr\/#\/schema\/person\/image\/","url":"https:\/\/secure.gravatar.com\/avatar\/fca7b29302058c85588bc6bc3db9bd1e?s=96&d=mm&r=g","contentUrl":"https:\/\/secure.gravatar.com\/avatar\/fca7b29302058c85588bc6bc3db9bd1e?s=96&d=mm&r=g","caption":"Nicolas Delsert"}}]}},"_links":{"self":[{"href":"https:\/\/www.anderapartners.com\/fr\/wp-json\/wp\/v2\/posts\/3301","targetHints":{"allow":["GET"]}}],"collection":[{"href":"https:\/\/www.anderapartners.com\/fr\/wp-json\/wp\/v2\/posts"}],"about":[{"href":"https:\/\/www.anderapartners.com\/fr\/wp-json\/wp\/v2\/types\/post"}],"author":[{"embeddable":true,"href":"https:\/\/www.anderapartners.com\/fr\/wp-json\/wp\/v2\/users\/2"}],"replies":[{"embeddable":true,"href":"https:\/\/www.anderapartners.com\/fr\/wp-json\/wp\/v2\/comments?post=3301"}],"version-history":[{"count":0,"href":"https:\/\/www.anderapartners.com\/fr\/wp-json\/wp\/v2\/posts\/3301\/revisions"}],"wp:featuredmedia":[{"embeddable":true,"href":"https:\/\/www.anderapartners.com\/fr\/wp-json\/wp\/v2\/media\/3308"}],"wp:attachment":[{"href":"https:\/\/www.anderapartners.com\/fr\/wp-json\/wp\/v2\/media?parent=3301"}],"wp:term":[{"taxonomy":"category","embeddable":true,"href":"https:\/\/www.anderapartners.com\/fr\/wp-json\/wp\/v2\/categories?post=3301"}],"curies":[{"name":"wp","href":"https:\/\/api.w.org\/{rel}","templated":true}]}}