{"id":3101,"date":"2019-07-02T10:52:12","date_gmt":"2019-07-02T08:52:12","guid":{"rendered":"https:\/\/www.anderapartners.com\/?p=3101"},"modified":"2020-09-28T11:45:42","modified_gmt":"2020-09-28T09:45:42","slug":"andera-devient-signataire-de-linitiative-carbone-2020-de-france-invest","status":"publish","type":"post","link":"https:\/\/www.anderapartners.com\/fr\/andera-devient-signataire-de-linitiative-carbone-2020-de-france-invest\/","title":{"rendered":"Andera devient signataire de l&rsquo;Initiative Carbone 2020 de France Invest"},"content":{"rendered":"<p><img loading=\"lazy\" decoding=\"async\" class=\"alignnone size-full wp-image-3102\" src=\"https:\/\/www.anderapartners.com\/wp-content\/uploads\/2019\/07\/France-Invest-IC20.png\" alt=\"\" width=\"552\" height=\"305\" srcset=\"https:\/\/www.anderapartners.com\/wp-content\/uploads\/2019\/07\/France-Invest-IC20.png 552w, https:\/\/www.anderapartners.com\/wp-content\/uploads\/2019\/07\/France-Invest-IC20-285x157.png 285w, https:\/\/www.anderapartners.com\/wp-content\/uploads\/2019\/07\/France-Invest-IC20-446x246.png 446w, https:\/\/www.anderapartners.com\/wp-content\/uploads\/2019\/07\/France-Invest-IC20-385x213.png 385w\" sizes=\"auto, (max-width: 552px) 100vw, 552px\" \/><\/p>\n<p>Andera Partners confirme son engagement dans la lutte contre le changement climatique en contribuant \u00e0 l\u2019iC20 \u00a0\u2013 l\u2019\u00a0\u00ab\u00a0Initiative Climat 2020\u00a0\u00bb de France Invest.<\/p>\n<p>Un an apr\u00e8s sa prise d\u2019ind\u00e9pendance, Andera Partners rejoint ainsi l\u2019initiative collective lanc\u00e9e par France Invest et co-sign\u00e9e par d\u2019autres acteurs fran\u00e7ais du capital-investissement. Avec plus de 2,3Mds\u20ac d\u2019actif sous gestion, 95 soci\u00e9t\u00e9s investies au travers de ses 4 franchises, Andera Partners est conscient de sa responsabilit\u00e9 d\u2019actionnaires en mati\u00e8re d\u2019ESG et reconnait l\u2019importance grandissante que ces th\u00e8mes prennent et vont continuer \u00e0 prendre \u00e0 l\u2019avenir. Notre soci\u00e9t\u00e9 de gestion souhaite prendre toute sa part \u00e0 l\u2019iC20 et contribuer de mani\u00e8re concr\u00e8te \u00e0 r\u00e9duire les \u00e9missions de gaz \u00e0 effet de serre des entreprises de son portefeuille.<\/p>\n<p>Les signataires s\u2019engagent ainsi \u00e0\u00a0:<\/p>\n<ul>\n<li>Reconnaitre que le changement climatique aura des effets sur l\u2019\u00e9conomie qui repr\u00e9sentent des risques et opportunit\u00e9s pour les entreprises\u00a0;<\/li>\n<li>Se mobiliser pour contribuer, \u00e0 leur niveau, \u00e0 l\u2019objectif de la COP21 de limiter le r\u00e9chauffement climatique \u00e0 deux degr\u00e9s\u00a0;<\/li>\n<li>Contribuer \u00e0 r\u00e9duire les \u00e9missions de gaz \u00e0 effet de serre des entreprises de leur portefeuille et assurer la durabilit\u00e9 de la performance.<\/li>\n<\/ul>\n<p><em>\u00ab\u00a0Qu\u2019il s\u2019agisse de notre responsabilit\u00e9 d\u2019employeur ou d\u2019investisseur, la lutte contre le r\u00e9chauffement climatique et la r\u00e9duction de notre empreinte carbone sont au c\u0153ur des pr\u00e9occupations de nos \u00e9quipes<\/em>, commentent St\u00e9phane Bergez et Pierre-Yves Poirier, Directeurs Associ\u00e9s et co-g\u00e9rants d\u2019Andera Partners. \u00ab\u00a0<em>Il s\u2019agit ici d\u2019une nouvelle \u00e9tape significative de notre engagement, marqu\u00e9 par des actions concr\u00e8tes, et qui sera suivie de nombreuses autres pour lesquelles nous esp\u00e9rons un impact fort.\u00a0\u00bb ajoutent<\/em> Mayeul Caron, Directeur Associ\u00e9, et Christine Martinovic, Directrice de Participations, tous deux membres du Comit\u00e9 ESG d\u2019Andera Partners.<em>\u00a0\u00bb<\/em><\/p>\n<p>Andera Partners est en effet signataire des UNPRI depuis une dizaine d\u2019ann\u00e9es, et a mis en place en septembre 2018, quelques mois apr\u00e8s sa prise d\u2019ind\u00e9pendance, un Comit\u00e9 ESG \u0153uvrant pour la mise en place de bonnes pratiques environnementales, sociales et de gouvernance au sein de la soci\u00e9t\u00e9 de gestion, concr\u00e9tis\u00e9es notamment par un abandon progressif de l\u2019utilisation du plastique, la r\u00e9alisation d\u2019un bilan carbone et la mise en place de projets de m\u00e9c\u00e9nat.<\/p>\n<p>Pour (re)d\u00e9couvrir le manifeste de l\u2019iC20 de France Invest dans son int\u00e9gralit\u00e9, veuillez <a href=\"http:\/\/www.franceinvest.eu\/uploads\/_afic\/home_slide\/2018-12-guide-ic20-v2.pdf\">cliquer ici.<\/a><\/p>\n","protected":false},"excerpt":{"rendered":"<p>Andera Partners confirme son engagement dans la lutte contre le changement climatique en contribuant \u00e0 l\u2019iC20 \u00a0\u2013 l\u2019\u00a0\u00ab\u00a0Initiative Climat 2020\u00a0\u00bb de France Invest. Un an apr\u00e8s sa prise d\u2019ind\u00e9pendance, Andera Partners rejoint ainsi l\u2019initiative collective lanc\u00e9e par France Invest et co-sign\u00e9e par d\u2019autres acteurs fran\u00e7ais du capital-investissement. Avec plus de 2,3Mds\u20ac d\u2019actif sous gestion, 95&#8230;<\/p>\n","protected":false},"author":2,"featured_media":3102,"comment_status":"closed","ping_status":"open","sticky":false,"template":"","format":"standard","meta":[],"categories":[152],"class_list":["post-3101","post","type-post","status-publish","format-standard","has-post-thumbnail","hentry","category-andera-partners"],"acf":[],"yoast_head":"<!-- This site is optimized with the Yoast SEO plugin v24.1 - https:\/\/yoast.com\/wordpress\/plugins\/seo\/ -->\n<title>Andera devient signataire de l&#039;Initiative Carbone 2020 de France Invest - ANDERA PARTNERS<\/title>\n<meta name=\"robots\" content=\"index, follow, max-snippet:-1, max-image-preview:large, max-video-preview:-1\" \/>\n<link rel=\"canonical\" href=\"https:\/\/www.anderapartners.com\/fr\/andera-devient-signataire-de-linitiative-carbone-2020-de-france-invest\/\" \/>\n<meta property=\"og:locale\" content=\"fr_FR\" \/>\n<meta property=\"og:type\" content=\"article\" \/>\n<meta property=\"og:title\" content=\"Andera devient signataire de l&#039;Initiative Carbone 2020 de France Invest - ANDERA PARTNERS\" \/>\n<meta property=\"og:description\" content=\"Andera Partners confirme son engagement dans la lutte contre le changement climatique en contribuant \u00e0 l\u2019iC20 \u00a0\u2013 l\u2019\u00a0\u00ab\u00a0Initiative Climat 2020\u00a0\u00bb de France Invest. Un an apr\u00e8s sa prise d\u2019ind\u00e9pendance, Andera Partners rejoint ainsi l\u2019initiative collective lanc\u00e9e par France Invest et co-sign\u00e9e par d\u2019autres acteurs fran\u00e7ais du capital-investissement. Avec plus de 2,3Mds\u20ac d\u2019actif sous gestion, 95...\" \/>\n<meta property=\"og:url\" content=\"https:\/\/www.anderapartners.com\/fr\/andera-devient-signataire-de-linitiative-carbone-2020-de-france-invest\/\" \/>\n<meta property=\"og:site_name\" content=\"ANDERA PARTNERS\" \/>\n<meta property=\"article:published_time\" content=\"2019-07-02T08:52:12+00:00\" \/>\n<meta property=\"article:modified_time\" content=\"2020-09-28T09:45:42+00:00\" \/>\n<meta property=\"og:image\" content=\"https:\/\/www.anderapartners.com\/wp-content\/uploads\/2019\/07\/France-Invest-IC20.png\" \/>\n\t<meta property=\"og:image:width\" content=\"552\" \/>\n\t<meta property=\"og:image:height\" content=\"305\" \/>\n\t<meta property=\"og:image:type\" content=\"image\/png\" \/>\n<meta name=\"author\" content=\"Nicolas Delsert\" \/>\n<meta name=\"twitter:card\" content=\"summary_large_image\" \/>\n<meta name=\"twitter:label1\" content=\"\u00c9crit par\" \/>\n\t<meta name=\"twitter:data1\" content=\"Nicolas Delsert\" \/>\n\t<meta name=\"twitter:label2\" content=\"Dur\u00e9e de lecture estim\u00e9e\" \/>\n\t<meta name=\"twitter:data2\" content=\"2 minutes\" \/>\n<script type=\"application\/ld+json\" class=\"yoast-schema-graph\">{\"@context\":\"https:\/\/schema.org\",\"@graph\":[{\"@type\":\"Article\",\"@id\":\"https:\/\/www.anderapartners.com\/fr\/andera-devient-signataire-de-linitiative-carbone-2020-de-france-invest\/#article\",\"isPartOf\":{\"@id\":\"https:\/\/www.anderapartners.com\/fr\/andera-devient-signataire-de-linitiative-carbone-2020-de-france-invest\/\"},\"author\":{\"name\":\"Nicolas Delsert\",\"@id\":\"https:\/\/www.anderapartners.com\/fr\/#\/schema\/person\/dce1d4a32f2d85f191a44527e202942c\"},\"headline\":\"Andera devient signataire de l&rsquo;Initiative Carbone 2020 de France Invest\",\"datePublished\":\"2019-07-02T08:52:12+00:00\",\"dateModified\":\"2020-09-28T09:45:42+00:00\",\"mainEntityOfPage\":{\"@id\":\"https:\/\/www.anderapartners.com\/fr\/andera-devient-signataire-de-linitiative-carbone-2020-de-france-invest\/\"},\"wordCount\":424,\"publisher\":{\"@id\":\"https:\/\/www.anderapartners.com\/fr\/#organization\"},\"image\":{\"@id\":\"https:\/\/www.anderapartners.com\/fr\/andera-devient-signataire-de-linitiative-carbone-2020-de-france-invest\/#primaryimage\"},\"thumbnailUrl\":\"https:\/\/www.anderapartners.com\/wp-content\/uploads\/2019\/07\/France-Invest-IC20.png\",\"articleSection\":[\"Andera Partners\"],\"inLanguage\":\"fr-FR\"},{\"@type\":\"WebPage\",\"@id\":\"https:\/\/www.anderapartners.com\/fr\/andera-devient-signataire-de-linitiative-carbone-2020-de-france-invest\/\",\"url\":\"https:\/\/www.anderapartners.com\/fr\/andera-devient-signataire-de-linitiative-carbone-2020-de-france-invest\/\",\"name\":\"Andera devient signataire de l'Initiative Carbone 2020 de France Invest - ANDERA PARTNERS\",\"isPartOf\":{\"@id\":\"https:\/\/www.anderapartners.com\/fr\/#website\"},\"primaryImageOfPage\":{\"@id\":\"https:\/\/www.anderapartners.com\/fr\/andera-devient-signataire-de-linitiative-carbone-2020-de-france-invest\/#primaryimage\"},\"image\":{\"@id\":\"https:\/\/www.anderapartners.com\/fr\/andera-devient-signataire-de-linitiative-carbone-2020-de-france-invest\/#primaryimage\"},\"thumbnailUrl\":\"https:\/\/www.anderapartners.com\/wp-content\/uploads\/2019\/07\/France-Invest-IC20.png\",\"datePublished\":\"2019-07-02T08:52:12+00:00\",\"dateModified\":\"2020-09-28T09:45:42+00:00\",\"breadcrumb\":{\"@id\":\"https:\/\/www.anderapartners.com\/fr\/andera-devient-signataire-de-linitiative-carbone-2020-de-france-invest\/#breadcrumb\"},\"inLanguage\":\"fr-FR\",\"potentialAction\":[{\"@type\":\"ReadAction\",\"target\":[\"https:\/\/www.anderapartners.com\/fr\/andera-devient-signataire-de-linitiative-carbone-2020-de-france-invest\/\"]}]},{\"@type\":\"ImageObject\",\"inLanguage\":\"fr-FR\",\"@id\":\"https:\/\/www.anderapartners.com\/fr\/andera-devient-signataire-de-linitiative-carbone-2020-de-france-invest\/#primaryimage\",\"url\":\"https:\/\/www.anderapartners.com\/wp-content\/uploads\/2019\/07\/France-Invest-IC20.png\",\"contentUrl\":\"https:\/\/www.anderapartners.com\/wp-content\/uploads\/2019\/07\/France-Invest-IC20.png\",\"width\":552,\"height\":305},{\"@type\":\"BreadcrumbList\",\"@id\":\"https:\/\/www.anderapartners.com\/fr\/andera-devient-signataire-de-linitiative-carbone-2020-de-france-invest\/#breadcrumb\",\"itemListElement\":[{\"@type\":\"ListItem\",\"position\":1,\"name\":\"Accueil\",\"item\":\"https:\/\/www.anderapartners.com\/fr\/\"},{\"@type\":\"ListItem\",\"position\":2,\"name\":\"Andera devient signataire de l&rsquo;Initiative Carbone 2020 de France Invest\"}]},{\"@type\":\"WebSite\",\"@id\":\"https:\/\/www.anderapartners.com\/fr\/#website\",\"url\":\"https:\/\/www.anderapartners.com\/fr\/\",\"name\":\"ANDERA PARTNERS\",\"description\":\"\",\"publisher\":{\"@id\":\"https:\/\/www.anderapartners.com\/fr\/#organization\"},\"potentialAction\":[{\"@type\":\"SearchAction\",\"target\":{\"@type\":\"EntryPoint\",\"urlTemplate\":\"https:\/\/www.anderapartners.com\/fr\/?s={search_term_string}\"},\"query-input\":{\"@type\":\"PropertyValueSpecification\",\"valueRequired\":true,\"valueName\":\"search_term_string\"}}],\"inLanguage\":\"fr-FR\"},{\"@type\":\"Organization\",\"@id\":\"https:\/\/www.anderapartners.com\/fr\/#organization\",\"name\":\"Andera Partners\",\"url\":\"https:\/\/www.anderapartners.com\/fr\/\",\"logo\":{\"@type\":\"ImageObject\",\"inLanguage\":\"fr-FR\",\"@id\":\"https:\/\/www.anderapartners.com\/fr\/#\/schema\/logo\/image\/\",\"url\":\"https:\/\/www.anderapartners.com\/wp-content\/uploads\/2020\/08\/logo-white.svg\",\"contentUrl\":\"https:\/\/www.anderapartners.com\/wp-content\/uploads\/2020\/08\/logo-white.svg\",\"width\":107,\"height\":44,\"caption\":\"Andera Partners\"},\"image\":{\"@id\":\"https:\/\/www.anderapartners.com\/fr\/#\/schema\/logo\/image\/\"}},{\"@type\":\"Person\",\"@id\":\"https:\/\/www.anderapartners.com\/fr\/#\/schema\/person\/dce1d4a32f2d85f191a44527e202942c\",\"name\":\"Nicolas Delsert\",\"image\":{\"@type\":\"ImageObject\",\"inLanguage\":\"fr-FR\",\"@id\":\"https:\/\/www.anderapartners.com\/fr\/#\/schema\/person\/image\/\",\"url\":\"https:\/\/secure.gravatar.com\/avatar\/fca7b29302058c85588bc6bc3db9bd1e?s=96&d=mm&r=g\",\"contentUrl\":\"https:\/\/secure.gravatar.com\/avatar\/fca7b29302058c85588bc6bc3db9bd1e?s=96&d=mm&r=g\",\"caption\":\"Nicolas Delsert\"}}]}<\/script>\n<!-- \/ Yoast SEO plugin. -->","yoast_head_json":{"title":"Andera devient signataire de l'Initiative Carbone 2020 de France Invest - ANDERA PARTNERS","robots":{"index":"index","follow":"follow","max-snippet":"max-snippet:-1","max-image-preview":"max-image-preview:large","max-video-preview":"max-video-preview:-1"},"canonical":"https:\/\/www.anderapartners.com\/fr\/andera-devient-signataire-de-linitiative-carbone-2020-de-france-invest\/","og_locale":"fr_FR","og_type":"article","og_title":"Andera devient signataire de l'Initiative Carbone 2020 de France Invest - ANDERA PARTNERS","og_description":"Andera Partners confirme son engagement dans la lutte contre le changement climatique en contribuant \u00e0 l\u2019iC20 \u00a0\u2013 l\u2019\u00a0\u00ab\u00a0Initiative Climat 2020\u00a0\u00bb de France Invest. Un an apr\u00e8s sa prise d\u2019ind\u00e9pendance, Andera Partners rejoint ainsi l\u2019initiative collective lanc\u00e9e par France Invest et co-sign\u00e9e par d\u2019autres acteurs fran\u00e7ais du capital-investissement. Avec plus de 2,3Mds\u20ac d\u2019actif sous gestion, 95...","og_url":"https:\/\/www.anderapartners.com\/fr\/andera-devient-signataire-de-linitiative-carbone-2020-de-france-invest\/","og_site_name":"ANDERA PARTNERS","article_published_time":"2019-07-02T08:52:12+00:00","article_modified_time":"2020-09-28T09:45:42+00:00","og_image":[{"width":552,"height":305,"url":"https:\/\/www.anderapartners.com\/wp-content\/uploads\/2019\/07\/France-Invest-IC20.png","type":"image\/png"}],"author":"Nicolas Delsert","twitter_card":"summary_large_image","twitter_misc":{"\u00c9crit par":"Nicolas Delsert","Dur\u00e9e de lecture estim\u00e9e":"2 minutes"},"schema":{"@context":"https:\/\/schema.org","@graph":[{"@type":"Article","@id":"https:\/\/www.anderapartners.com\/fr\/andera-devient-signataire-de-linitiative-carbone-2020-de-france-invest\/#article","isPartOf":{"@id":"https:\/\/www.anderapartners.com\/fr\/andera-devient-signataire-de-linitiative-carbone-2020-de-france-invest\/"},"author":{"name":"Nicolas Delsert","@id":"https:\/\/www.anderapartners.com\/fr\/#\/schema\/person\/dce1d4a32f2d85f191a44527e202942c"},"headline":"Andera devient signataire de l&rsquo;Initiative Carbone 2020 de France Invest","datePublished":"2019-07-02T08:52:12+00:00","dateModified":"2020-09-28T09:45:42+00:00","mainEntityOfPage":{"@id":"https:\/\/www.anderapartners.com\/fr\/andera-devient-signataire-de-linitiative-carbone-2020-de-france-invest\/"},"wordCount":424,"publisher":{"@id":"https:\/\/www.anderapartners.com\/fr\/#organization"},"image":{"@id":"https:\/\/www.anderapartners.com\/fr\/andera-devient-signataire-de-linitiative-carbone-2020-de-france-invest\/#primaryimage"},"thumbnailUrl":"https:\/\/www.anderapartners.com\/wp-content\/uploads\/2019\/07\/France-Invest-IC20.png","articleSection":["Andera Partners"],"inLanguage":"fr-FR"},{"@type":"WebPage","@id":"https:\/\/www.anderapartners.com\/fr\/andera-devient-signataire-de-linitiative-carbone-2020-de-france-invest\/","url":"https:\/\/www.anderapartners.com\/fr\/andera-devient-signataire-de-linitiative-carbone-2020-de-france-invest\/","name":"Andera devient signataire de l'Initiative Carbone 2020 de France Invest - ANDERA PARTNERS","isPartOf":{"@id":"https:\/\/www.anderapartners.com\/fr\/#website"},"primaryImageOfPage":{"@id":"https:\/\/www.anderapartners.com\/fr\/andera-devient-signataire-de-linitiative-carbone-2020-de-france-invest\/#primaryimage"},"image":{"@id":"https:\/\/www.anderapartners.com\/fr\/andera-devient-signataire-de-linitiative-carbone-2020-de-france-invest\/#primaryimage"},"thumbnailUrl":"https:\/\/www.anderapartners.com\/wp-content\/uploads\/2019\/07\/France-Invest-IC20.png","datePublished":"2019-07-02T08:52:12+00:00","dateModified":"2020-09-28T09:45:42+00:00","breadcrumb":{"@id":"https:\/\/www.anderapartners.com\/fr\/andera-devient-signataire-de-linitiative-carbone-2020-de-france-invest\/#breadcrumb"},"inLanguage":"fr-FR","potentialAction":[{"@type":"ReadAction","target":["https:\/\/www.anderapartners.com\/fr\/andera-devient-signataire-de-linitiative-carbone-2020-de-france-invest\/"]}]},{"@type":"ImageObject","inLanguage":"fr-FR","@id":"https:\/\/www.anderapartners.com\/fr\/andera-devient-signataire-de-linitiative-carbone-2020-de-france-invest\/#primaryimage","url":"https:\/\/www.anderapartners.com\/wp-content\/uploads\/2019\/07\/France-Invest-IC20.png","contentUrl":"https:\/\/www.anderapartners.com\/wp-content\/uploads\/2019\/07\/France-Invest-IC20.png","width":552,"height":305},{"@type":"BreadcrumbList","@id":"https:\/\/www.anderapartners.com\/fr\/andera-devient-signataire-de-linitiative-carbone-2020-de-france-invest\/#breadcrumb","itemListElement":[{"@type":"ListItem","position":1,"name":"Accueil","item":"https:\/\/www.anderapartners.com\/fr\/"},{"@type":"ListItem","position":2,"name":"Andera devient signataire de l&rsquo;Initiative Carbone 2020 de France Invest"}]},{"@type":"WebSite","@id":"https:\/\/www.anderapartners.com\/fr\/#website","url":"https:\/\/www.anderapartners.com\/fr\/","name":"ANDERA PARTNERS","description":"","publisher":{"@id":"https:\/\/www.anderapartners.com\/fr\/#organization"},"potentialAction":[{"@type":"SearchAction","target":{"@type":"EntryPoint","urlTemplate":"https:\/\/www.anderapartners.com\/fr\/?s={search_term_string}"},"query-input":{"@type":"PropertyValueSpecification","valueRequired":true,"valueName":"search_term_string"}}],"inLanguage":"fr-FR"},{"@type":"Organization","@id":"https:\/\/www.anderapartners.com\/fr\/#organization","name":"Andera Partners","url":"https:\/\/www.anderapartners.com\/fr\/","logo":{"@type":"ImageObject","inLanguage":"fr-FR","@id":"https:\/\/www.anderapartners.com\/fr\/#\/schema\/logo\/image\/","url":"https:\/\/www.anderapartners.com\/wp-content\/uploads\/2020\/08\/logo-white.svg","contentUrl":"https:\/\/www.anderapartners.com\/wp-content\/uploads\/2020\/08\/logo-white.svg","width":107,"height":44,"caption":"Andera Partners"},"image":{"@id":"https:\/\/www.anderapartners.com\/fr\/#\/schema\/logo\/image\/"}},{"@type":"Person","@id":"https:\/\/www.anderapartners.com\/fr\/#\/schema\/person\/dce1d4a32f2d85f191a44527e202942c","name":"Nicolas Delsert","image":{"@type":"ImageObject","inLanguage":"fr-FR","@id":"https:\/\/www.anderapartners.com\/fr\/#\/schema\/person\/image\/","url":"https:\/\/secure.gravatar.com\/avatar\/fca7b29302058c85588bc6bc3db9bd1e?s=96&d=mm&r=g","contentUrl":"https:\/\/secure.gravatar.com\/avatar\/fca7b29302058c85588bc6bc3db9bd1e?s=96&d=mm&r=g","caption":"Nicolas Delsert"}}]}},"_links":{"self":[{"href":"https:\/\/www.anderapartners.com\/fr\/wp-json\/wp\/v2\/posts\/3101","targetHints":{"allow":["GET"]}}],"collection":[{"href":"https:\/\/www.anderapartners.com\/fr\/wp-json\/wp\/v2\/posts"}],"about":[{"href":"https:\/\/www.anderapartners.com\/fr\/wp-json\/wp\/v2\/types\/post"}],"author":[{"embeddable":true,"href":"https:\/\/www.anderapartners.com\/fr\/wp-json\/wp\/v2\/users\/2"}],"replies":[{"embeddable":true,"href":"https:\/\/www.anderapartners.com\/fr\/wp-json\/wp\/v2\/comments?post=3101"}],"version-history":[{"count":0,"href":"https:\/\/www.anderapartners.com\/fr\/wp-json\/wp\/v2\/posts\/3101\/revisions"}],"wp:featuredmedia":[{"embeddable":true,"href":"https:\/\/www.anderapartners.com\/fr\/wp-json\/wp\/v2\/media\/3102"}],"wp:attachment":[{"href":"https:\/\/www.anderapartners.com\/fr\/wp-json\/wp\/v2\/media?parent=3101"}],"wp:term":[{"taxonomy":"category","embeddable":true,"href":"https:\/\/www.anderapartners.com\/fr\/wp-json\/wp\/v2\/categories?post=3101"}],"curies":[{"name":"wp","href":"https:\/\/api.w.org\/{rel}","templated":true}]}}