{"id":3074,"date":"2019-06-13T12:02:16","date_gmt":"2019-06-13T10:02:16","guid":{"rendered":"https:\/\/www.anderapartners.com\/?p=3074"},"modified":"2020-09-28T12:21:17","modified_gmt":"2020-09-28T10:21:17","slug":"cabestan-cede-sa-participation-dans-europ-net","status":"publish","type":"post","link":"https:\/\/www.anderapartners.com\/fr\/cabestan-cede-sa-participation-dans-europ-net\/","title":{"rendered":"Cabestan c\u00e8de sa participation dans Europ Net"},"content":{"rendered":"<p><img loading=\"lazy\" decoding=\"async\" class=\"alignnone size-full wp-image-3075\" src=\"https:\/\/www.anderapartners.com\/wp-content\/uploads\/2019\/06\/europ-net.png\" alt=\"\" width=\"380\" height=\"216\" srcset=\"https:\/\/www.anderapartners.com\/wp-content\/uploads\/2019\/06\/europ-net.png 380w, https:\/\/www.anderapartners.com\/wp-content\/uploads\/2019\/06\/europ-net-285x162.png 285w\" sizes=\"auto, (max-width: 380px) 100vw, 380px\" \/><\/p>\n<p><strong>Andera Partners annonce la cession du solde de sa participation dans le groupe EuropNet<\/strong><\/p>\n<p><strong>\u00a0<\/strong><\/p>\n<p><strong>CABESTAN Capital, l\u2019\u00e9quipe small caps d\u2019Andera Partners, c\u00e8de sa participation aux dirigeants d\u2019EuropNet, le sp\u00e9cialiste de la propret\u00e9 et du multiservice en Ile-de-France. Cette op\u00e9ration leur permet de d\u00e9tenir l\u2019int\u00e9gralit\u00e9 du capital de leur groupe, moins de cinq ans apr\u00e8s sa sortie du groupe SAMSIC.<\/strong><\/p>\n<p><strong>\u00a0<\/strong><\/p>\n<p>Paris, le 13 juin 2019<\/p>\n<p>&nbsp;<\/p>\n<p>En septembre 2014 Andera Partners a accompagn\u00e9 EuropNet, alors filiale du groupe SAMSIC, dans une op\u00e9ration de <em>spin off<\/em>. St\u00e9phane Payan et Carlos de Moura, dirigeants d\u2019EuropNet avaient pour objectif d\u2019acc\u00e9l\u00e9rer significativement la croissance organique de leur soci\u00e9t\u00e9 en la dotant notamment d\u2019une strat\u00e9gie commerciale propre et autonome avec des \u00e9quipes enti\u00e8rement d\u00e9di\u00e9es \u00e0 la cr\u00e9ation de valeur de la soci\u00e9t\u00e9.<\/p>\n<p>A la faveur d\u2019une performance commerciale et op\u00e9rationnelle de haut niveau et d\u2019un montage d\u2019op\u00e9ration initial d\u00e9termin\u00e9 collectivement avec Cabestan Capital, les dirigeants ont pu r\u00e9guli\u00e8rement monter au capital de leur soci\u00e9t\u00e9 tout en maintenant les marges de man\u0153uvre financi\u00e8re n\u00e9cessaires au d\u00e9veloppement de leur groupe. Les objectifs ont \u00e9t\u00e9 d\u00e9pass\u00e9s puisqu\u2019EuropNet est aujourd\u2019hui un groupe g\u00e9n\u00e9rant plus de 40M\u20ac de chiffre d\u2019affaires, diversifi\u00e9 sur une offre multi-services \u00e9largie et affichant un des meilleurs taux de croissance annuel de son march\u00e9.<\/p>\n<p>L\u2019acquisition des titres de Cabestan Capital est financ\u00e9e par une dette senior enti\u00e8rement souscrite par le pool bancaire constitu\u00e9 en 2014\u00a0: LCL, Caisse d\u2019Epargne Ile-de-France et Banque Populaire Rives de Paris.<\/p>\n<p>&nbsp;<\/p>\n<p><strong>Alexandre Foulon et Mayeul Caron, Directeurs Associ\u00e9s chez <\/strong><strong>Andera Partners <\/strong>: <em>\u00ab\u00a0Nous sommes tr\u00e8s heureux d\u2019avoir accompagn\u00e9 St\u00e9phane Payan et Carlos de Moura dans leur projet d\u2019\u00e9mancipation. Ce type d\u2019op\u00e9ration rev\u00eat un enjeu particulier pour les fonds comme les n\u00f4tres et nous pouvons aujourd\u2019hui \u00eatre satisfaits du r\u00e9sultat\u00a0: en un peu moins de 5 ans, EuropNet est pass\u00e9e d\u2019une filiale de grand groupe sp\u00e9cialis\u00e9e dans les prestations de propret\u00e9 \u00e0 un groupe de multi-services autonome reconnu sur son march\u00e9. La soci\u00e9t\u00e9 poss\u00e8de la strat\u00e9gie, les dirigeants et les \u00e9quipes op\u00e9rationnelles pour continuer sur une dynamique de croissance sans \u00e9quivalent sur son march\u00e9. \u00bb<\/em><\/p>\n<p><strong>\u00a0<\/strong><\/p>\n<p><strong>St\u00e9phane Payan, Pr\u00e9sident, et Carlos de Moura, Directeur G\u00e9n\u00e9ral d\u2019EuropNet<\/strong> : <em>\u00ab\u00a0C\u2019est une nouvelle phase particuli\u00e8rement excitante qui s\u2019ouvre pour nous et notre groupe. Nous sommes pass\u00e9s du spin off \u00e0 la d\u00e9tention int\u00e9grale du capital de notre groupe en un temps record mais notre ambition est intacte. Nous remercions Andera Partners pour la qualit\u00e9 de notre partenariat et les conditions de confiance dans lesquelles nous avons tous prosp\u00e9r\u00e9. \u00bb<\/em><\/p>\n<p>&nbsp;<\/p>\n<p>Il s\u2019agit de la 12e cession de CABESTAN Capital.<\/p>\n","protected":false},"excerpt":{"rendered":"<p>Andera Partners annonce la cession du solde de sa participation dans le groupe EuropNet \u00a0 CABESTAN Capital, l\u2019\u00e9quipe small caps d\u2019Andera Partners, c\u00e8de sa participation aux dirigeants d\u2019EuropNet, le sp\u00e9cialiste de la propret\u00e9 et du multiservice en Ile-de-France. Cette op\u00e9ration leur permet de d\u00e9tenir l\u2019int\u00e9gralit\u00e9 du capital de leur groupe, moins de cinq ans apr\u00e8s&#8230;<\/p>\n","protected":false},"author":2,"featured_media":3075,"comment_status":"closed","ping_status":"open","sticky":false,"template":"","format":"standard","meta":[],"categories":[81],"class_list":["post-3074","post","type-post","status-publish","format-standard","has-post-thumbnail","hentry","category-cabestan-capital"],"acf":[],"yoast_head":"<!-- This site is optimized with the Yoast SEO plugin v24.1 - https:\/\/yoast.com\/wordpress\/plugins\/seo\/ -->\n<title>Cabestan c\u00e8de sa participation dans Europ Net - ANDERA PARTNERS<\/title>\n<meta name=\"robots\" content=\"index, follow, max-snippet:-1, max-image-preview:large, max-video-preview:-1\" \/>\n<link rel=\"canonical\" href=\"https:\/\/www.anderapartners.com\/fr\/cabestan-cede-sa-participation-dans-europ-net\/\" \/>\n<meta property=\"og:locale\" content=\"fr_FR\" \/>\n<meta property=\"og:type\" content=\"article\" \/>\n<meta property=\"og:title\" content=\"Cabestan c\u00e8de sa participation dans Europ Net - ANDERA PARTNERS\" \/>\n<meta property=\"og:description\" content=\"Andera Partners annonce la cession du solde de sa participation dans le groupe EuropNet \u00a0 CABESTAN Capital, l\u2019\u00e9quipe small caps d\u2019Andera Partners, c\u00e8de sa participation aux dirigeants d\u2019EuropNet, le sp\u00e9cialiste de la propret\u00e9 et du multiservice en Ile-de-France. Cette op\u00e9ration leur permet de d\u00e9tenir l\u2019int\u00e9gralit\u00e9 du capital de leur groupe, moins de cinq ans apr\u00e8s...\" \/>\n<meta property=\"og:url\" content=\"https:\/\/www.anderapartners.com\/fr\/cabestan-cede-sa-participation-dans-europ-net\/\" \/>\n<meta property=\"og:site_name\" content=\"ANDERA PARTNERS\" \/>\n<meta property=\"article:published_time\" content=\"2019-06-13T10:02:16+00:00\" \/>\n<meta property=\"article:modified_time\" content=\"2020-09-28T10:21:17+00:00\" \/>\n<meta property=\"og:image\" content=\"https:\/\/www.anderapartners.com\/wp-content\/uploads\/2019\/06\/europ-net.png\" \/>\n\t<meta property=\"og:image:width\" content=\"380\" \/>\n\t<meta property=\"og:image:height\" content=\"216\" \/>\n\t<meta property=\"og:image:type\" content=\"image\/png\" \/>\n<meta name=\"author\" content=\"Nicolas Delsert\" \/>\n<meta name=\"twitter:card\" content=\"summary_large_image\" \/>\n<meta name=\"twitter:label1\" content=\"\u00c9crit par\" \/>\n\t<meta name=\"twitter:data1\" content=\"Nicolas Delsert\" \/>\n\t<meta name=\"twitter:label2\" content=\"Dur\u00e9e de lecture estim\u00e9e\" \/>\n\t<meta name=\"twitter:data2\" content=\"2 minutes\" \/>\n<script type=\"application\/ld+json\" class=\"yoast-schema-graph\">{\"@context\":\"https:\/\/schema.org\",\"@graph\":[{\"@type\":\"Article\",\"@id\":\"https:\/\/www.anderapartners.com\/fr\/cabestan-cede-sa-participation-dans-europ-net\/#article\",\"isPartOf\":{\"@id\":\"https:\/\/www.anderapartners.com\/fr\/cabestan-cede-sa-participation-dans-europ-net\/\"},\"author\":{\"name\":\"Nicolas Delsert\",\"@id\":\"https:\/\/www.anderapartners.com\/fr\/#\/schema\/person\/dce1d4a32f2d85f191a44527e202942c\"},\"headline\":\"Cabestan c\u00e8de sa participation dans Europ Net\",\"datePublished\":\"2019-06-13T10:02:16+00:00\",\"dateModified\":\"2020-09-28T10:21:17+00:00\",\"mainEntityOfPage\":{\"@id\":\"https:\/\/www.anderapartners.com\/fr\/cabestan-cede-sa-participation-dans-europ-net\/\"},\"wordCount\":498,\"publisher\":{\"@id\":\"https:\/\/www.anderapartners.com\/fr\/#organization\"},\"image\":{\"@id\":\"https:\/\/www.anderapartners.com\/fr\/cabestan-cede-sa-participation-dans-europ-net\/#primaryimage\"},\"thumbnailUrl\":\"https:\/\/www.anderapartners.com\/wp-content\/uploads\/2019\/06\/europ-net.png\",\"articleSection\":[\"andera Expansion\/Croissance\"],\"inLanguage\":\"fr-FR\"},{\"@type\":\"WebPage\",\"@id\":\"https:\/\/www.anderapartners.com\/fr\/cabestan-cede-sa-participation-dans-europ-net\/\",\"url\":\"https:\/\/www.anderapartners.com\/fr\/cabestan-cede-sa-participation-dans-europ-net\/\",\"name\":\"Cabestan c\u00e8de sa participation dans Europ Net - ANDERA PARTNERS\",\"isPartOf\":{\"@id\":\"https:\/\/www.anderapartners.com\/fr\/#website\"},\"primaryImageOfPage\":{\"@id\":\"https:\/\/www.anderapartners.com\/fr\/cabestan-cede-sa-participation-dans-europ-net\/#primaryimage\"},\"image\":{\"@id\":\"https:\/\/www.anderapartners.com\/fr\/cabestan-cede-sa-participation-dans-europ-net\/#primaryimage\"},\"thumbnailUrl\":\"https:\/\/www.anderapartners.com\/wp-content\/uploads\/2019\/06\/europ-net.png\",\"datePublished\":\"2019-06-13T10:02:16+00:00\",\"dateModified\":\"2020-09-28T10:21:17+00:00\",\"breadcrumb\":{\"@id\":\"https:\/\/www.anderapartners.com\/fr\/cabestan-cede-sa-participation-dans-europ-net\/#breadcrumb\"},\"inLanguage\":\"fr-FR\",\"potentialAction\":[{\"@type\":\"ReadAction\",\"target\":[\"https:\/\/www.anderapartners.com\/fr\/cabestan-cede-sa-participation-dans-europ-net\/\"]}]},{\"@type\":\"ImageObject\",\"inLanguage\":\"fr-FR\",\"@id\":\"https:\/\/www.anderapartners.com\/fr\/cabestan-cede-sa-participation-dans-europ-net\/#primaryimage\",\"url\":\"https:\/\/www.anderapartners.com\/wp-content\/uploads\/2019\/06\/europ-net.png\",\"contentUrl\":\"https:\/\/www.anderapartners.com\/wp-content\/uploads\/2019\/06\/europ-net.png\",\"width\":380,\"height\":216},{\"@type\":\"BreadcrumbList\",\"@id\":\"https:\/\/www.anderapartners.com\/fr\/cabestan-cede-sa-participation-dans-europ-net\/#breadcrumb\",\"itemListElement\":[{\"@type\":\"ListItem\",\"position\":1,\"name\":\"Accueil\",\"item\":\"https:\/\/www.anderapartners.com\/fr\/\"},{\"@type\":\"ListItem\",\"position\":2,\"name\":\"Cabestan c\u00e8de sa participation dans Europ Net\"}]},{\"@type\":\"WebSite\",\"@id\":\"https:\/\/www.anderapartners.com\/fr\/#website\",\"url\":\"https:\/\/www.anderapartners.com\/fr\/\",\"name\":\"ANDERA PARTNERS\",\"description\":\"\",\"publisher\":{\"@id\":\"https:\/\/www.anderapartners.com\/fr\/#organization\"},\"potentialAction\":[{\"@type\":\"SearchAction\",\"target\":{\"@type\":\"EntryPoint\",\"urlTemplate\":\"https:\/\/www.anderapartners.com\/fr\/?s={search_term_string}\"},\"query-input\":{\"@type\":\"PropertyValueSpecification\",\"valueRequired\":true,\"valueName\":\"search_term_string\"}}],\"inLanguage\":\"fr-FR\"},{\"@type\":\"Organization\",\"@id\":\"https:\/\/www.anderapartners.com\/fr\/#organization\",\"name\":\"Andera Partners\",\"url\":\"https:\/\/www.anderapartners.com\/fr\/\",\"logo\":{\"@type\":\"ImageObject\",\"inLanguage\":\"fr-FR\",\"@id\":\"https:\/\/www.anderapartners.com\/fr\/#\/schema\/logo\/image\/\",\"url\":\"https:\/\/www.anderapartners.com\/wp-content\/uploads\/2020\/08\/logo-white.svg\",\"contentUrl\":\"https:\/\/www.anderapartners.com\/wp-content\/uploads\/2020\/08\/logo-white.svg\",\"width\":107,\"height\":44,\"caption\":\"Andera Partners\"},\"image\":{\"@id\":\"https:\/\/www.anderapartners.com\/fr\/#\/schema\/logo\/image\/\"}},{\"@type\":\"Person\",\"@id\":\"https:\/\/www.anderapartners.com\/fr\/#\/schema\/person\/dce1d4a32f2d85f191a44527e202942c\",\"name\":\"Nicolas Delsert\",\"image\":{\"@type\":\"ImageObject\",\"inLanguage\":\"fr-FR\",\"@id\":\"https:\/\/www.anderapartners.com\/fr\/#\/schema\/person\/image\/\",\"url\":\"https:\/\/secure.gravatar.com\/avatar\/fca7b29302058c85588bc6bc3db9bd1e?s=96&d=mm&r=g\",\"contentUrl\":\"https:\/\/secure.gravatar.com\/avatar\/fca7b29302058c85588bc6bc3db9bd1e?s=96&d=mm&r=g\",\"caption\":\"Nicolas Delsert\"}}]}<\/script>\n<!-- \/ Yoast SEO plugin. -->","yoast_head_json":{"title":"Cabestan c\u00e8de sa participation dans Europ Net - ANDERA PARTNERS","robots":{"index":"index","follow":"follow","max-snippet":"max-snippet:-1","max-image-preview":"max-image-preview:large","max-video-preview":"max-video-preview:-1"},"canonical":"https:\/\/www.anderapartners.com\/fr\/cabestan-cede-sa-participation-dans-europ-net\/","og_locale":"fr_FR","og_type":"article","og_title":"Cabestan c\u00e8de sa participation dans Europ Net - ANDERA PARTNERS","og_description":"Andera Partners annonce la cession du solde de sa participation dans le groupe EuropNet \u00a0 CABESTAN Capital, l\u2019\u00e9quipe small caps d\u2019Andera Partners, c\u00e8de sa participation aux dirigeants d\u2019EuropNet, le sp\u00e9cialiste de la propret\u00e9 et du multiservice en Ile-de-France. Cette op\u00e9ration leur permet de d\u00e9tenir l\u2019int\u00e9gralit\u00e9 du capital de leur groupe, moins de cinq ans apr\u00e8s...","og_url":"https:\/\/www.anderapartners.com\/fr\/cabestan-cede-sa-participation-dans-europ-net\/","og_site_name":"ANDERA PARTNERS","article_published_time":"2019-06-13T10:02:16+00:00","article_modified_time":"2020-09-28T10:21:17+00:00","og_image":[{"width":380,"height":216,"url":"https:\/\/www.anderapartners.com\/wp-content\/uploads\/2019\/06\/europ-net.png","type":"image\/png"}],"author":"Nicolas Delsert","twitter_card":"summary_large_image","twitter_misc":{"\u00c9crit par":"Nicolas Delsert","Dur\u00e9e de lecture estim\u00e9e":"2 minutes"},"schema":{"@context":"https:\/\/schema.org","@graph":[{"@type":"Article","@id":"https:\/\/www.anderapartners.com\/fr\/cabestan-cede-sa-participation-dans-europ-net\/#article","isPartOf":{"@id":"https:\/\/www.anderapartners.com\/fr\/cabestan-cede-sa-participation-dans-europ-net\/"},"author":{"name":"Nicolas Delsert","@id":"https:\/\/www.anderapartners.com\/fr\/#\/schema\/person\/dce1d4a32f2d85f191a44527e202942c"},"headline":"Cabestan c\u00e8de sa participation dans Europ Net","datePublished":"2019-06-13T10:02:16+00:00","dateModified":"2020-09-28T10:21:17+00:00","mainEntityOfPage":{"@id":"https:\/\/www.anderapartners.com\/fr\/cabestan-cede-sa-participation-dans-europ-net\/"},"wordCount":498,"publisher":{"@id":"https:\/\/www.anderapartners.com\/fr\/#organization"},"image":{"@id":"https:\/\/www.anderapartners.com\/fr\/cabestan-cede-sa-participation-dans-europ-net\/#primaryimage"},"thumbnailUrl":"https:\/\/www.anderapartners.com\/wp-content\/uploads\/2019\/06\/europ-net.png","articleSection":["andera Expansion\/Croissance"],"inLanguage":"fr-FR"},{"@type":"WebPage","@id":"https:\/\/www.anderapartners.com\/fr\/cabestan-cede-sa-participation-dans-europ-net\/","url":"https:\/\/www.anderapartners.com\/fr\/cabestan-cede-sa-participation-dans-europ-net\/","name":"Cabestan c\u00e8de sa participation dans Europ Net - ANDERA PARTNERS","isPartOf":{"@id":"https:\/\/www.anderapartners.com\/fr\/#website"},"primaryImageOfPage":{"@id":"https:\/\/www.anderapartners.com\/fr\/cabestan-cede-sa-participation-dans-europ-net\/#primaryimage"},"image":{"@id":"https:\/\/www.anderapartners.com\/fr\/cabestan-cede-sa-participation-dans-europ-net\/#primaryimage"},"thumbnailUrl":"https:\/\/www.anderapartners.com\/wp-content\/uploads\/2019\/06\/europ-net.png","datePublished":"2019-06-13T10:02:16+00:00","dateModified":"2020-09-28T10:21:17+00:00","breadcrumb":{"@id":"https:\/\/www.anderapartners.com\/fr\/cabestan-cede-sa-participation-dans-europ-net\/#breadcrumb"},"inLanguage":"fr-FR","potentialAction":[{"@type":"ReadAction","target":["https:\/\/www.anderapartners.com\/fr\/cabestan-cede-sa-participation-dans-europ-net\/"]}]},{"@type":"ImageObject","inLanguage":"fr-FR","@id":"https:\/\/www.anderapartners.com\/fr\/cabestan-cede-sa-participation-dans-europ-net\/#primaryimage","url":"https:\/\/www.anderapartners.com\/wp-content\/uploads\/2019\/06\/europ-net.png","contentUrl":"https:\/\/www.anderapartners.com\/wp-content\/uploads\/2019\/06\/europ-net.png","width":380,"height":216},{"@type":"BreadcrumbList","@id":"https:\/\/www.anderapartners.com\/fr\/cabestan-cede-sa-participation-dans-europ-net\/#breadcrumb","itemListElement":[{"@type":"ListItem","position":1,"name":"Accueil","item":"https:\/\/www.anderapartners.com\/fr\/"},{"@type":"ListItem","position":2,"name":"Cabestan c\u00e8de sa participation dans Europ Net"}]},{"@type":"WebSite","@id":"https:\/\/www.anderapartners.com\/fr\/#website","url":"https:\/\/www.anderapartners.com\/fr\/","name":"ANDERA PARTNERS","description":"","publisher":{"@id":"https:\/\/www.anderapartners.com\/fr\/#organization"},"potentialAction":[{"@type":"SearchAction","target":{"@type":"EntryPoint","urlTemplate":"https:\/\/www.anderapartners.com\/fr\/?s={search_term_string}"},"query-input":{"@type":"PropertyValueSpecification","valueRequired":true,"valueName":"search_term_string"}}],"inLanguage":"fr-FR"},{"@type":"Organization","@id":"https:\/\/www.anderapartners.com\/fr\/#organization","name":"Andera Partners","url":"https:\/\/www.anderapartners.com\/fr\/","logo":{"@type":"ImageObject","inLanguage":"fr-FR","@id":"https:\/\/www.anderapartners.com\/fr\/#\/schema\/logo\/image\/","url":"https:\/\/www.anderapartners.com\/wp-content\/uploads\/2020\/08\/logo-white.svg","contentUrl":"https:\/\/www.anderapartners.com\/wp-content\/uploads\/2020\/08\/logo-white.svg","width":107,"height":44,"caption":"Andera Partners"},"image":{"@id":"https:\/\/www.anderapartners.com\/fr\/#\/schema\/logo\/image\/"}},{"@type":"Person","@id":"https:\/\/www.anderapartners.com\/fr\/#\/schema\/person\/dce1d4a32f2d85f191a44527e202942c","name":"Nicolas Delsert","image":{"@type":"ImageObject","inLanguage":"fr-FR","@id":"https:\/\/www.anderapartners.com\/fr\/#\/schema\/person\/image\/","url":"https:\/\/secure.gravatar.com\/avatar\/fca7b29302058c85588bc6bc3db9bd1e?s=96&d=mm&r=g","contentUrl":"https:\/\/secure.gravatar.com\/avatar\/fca7b29302058c85588bc6bc3db9bd1e?s=96&d=mm&r=g","caption":"Nicolas Delsert"}}]}},"_links":{"self":[{"href":"https:\/\/www.anderapartners.com\/fr\/wp-json\/wp\/v2\/posts\/3074","targetHints":{"allow":["GET"]}}],"collection":[{"href":"https:\/\/www.anderapartners.com\/fr\/wp-json\/wp\/v2\/posts"}],"about":[{"href":"https:\/\/www.anderapartners.com\/fr\/wp-json\/wp\/v2\/types\/post"}],"author":[{"embeddable":true,"href":"https:\/\/www.anderapartners.com\/fr\/wp-json\/wp\/v2\/users\/2"}],"replies":[{"embeddable":true,"href":"https:\/\/www.anderapartners.com\/fr\/wp-json\/wp\/v2\/comments?post=3074"}],"version-history":[{"count":0,"href":"https:\/\/www.anderapartners.com\/fr\/wp-json\/wp\/v2\/posts\/3074\/revisions"}],"wp:featuredmedia":[{"embeddable":true,"href":"https:\/\/www.anderapartners.com\/fr\/wp-json\/wp\/v2\/media\/3075"}],"wp:attachment":[{"href":"https:\/\/www.anderapartners.com\/fr\/wp-json\/wp\/v2\/media?parent=3074"}],"wp:term":[{"taxonomy":"category","embeddable":true,"href":"https:\/\/www.anderapartners.com\/fr\/wp-json\/wp\/v2\/categories?post=3074"}],"curies":[{"name":"wp","href":"https:\/\/api.w.org\/{rel}","templated":true}]}}