{"id":2994,"date":"2019-04-01T09:31:36","date_gmt":"2019-04-01T07:31:36","guid":{"rendered":"https:\/\/www.anderapartners.com\/?p=2994"},"modified":"2020-09-28T12:36:38","modified_gmt":"2020-09-28T10:36:38","slug":"winch-cede-sa-participation-dans-maesa","status":"publish","type":"post","link":"https:\/\/www.anderapartners.com\/fr\/winch-cede-sa-participation-dans-maesa\/","title":{"rendered":"Winch c\u00e8de sa participation dans Maesa"},"content":{"rendered":"<p><img loading=\"lazy\" decoding=\"async\" class=\"alignnone size-full wp-image-2996\" src=\"https:\/\/www.anderapartners.com\/wp-content\/uploads\/2019\/04\/Maesa-2.png\" alt=\"\" width=\"1007\" height=\"492\" srcset=\"https:\/\/www.anderapartners.com\/wp-content\/uploads\/2019\/04\/Maesa-2.png 1007w, https:\/\/www.anderapartners.com\/wp-content\/uploads\/2019\/04\/Maesa-2-768x375.png 768w, https:\/\/www.anderapartners.com\/wp-content\/uploads\/2019\/04\/Maesa-2-285x139.png 285w, https:\/\/www.anderapartners.com\/wp-content\/uploads\/2019\/04\/Maesa-2-446x218.png 446w, https:\/\/www.anderapartners.com\/wp-content\/uploads\/2019\/04\/Maesa-2-385x188.png 385w\" sizes=\"auto, (max-width: 1007px) 100vw, 1007px\" \/><strong>WINCH Capital 2, g\u00e9r\u00e9 par l\u2019\u00e9quipe Mid Caps d\u2019Andera Partners, c\u00e8de sa participation dans Maesa, leader de l\u2019incubation de marques cosm\u00e9tiques. Bain Capital Private Equity devient actionnaire majoritaire aux c\u00f4t\u00e9s des fondateurs et de l\u2019\u00e9quipe de management.<\/strong><\/p>\n<p>&nbsp;<\/p>\n<p><strong>Paris, le 29 mars 2019<\/strong><\/p>\n<p><strong>\u00a0<\/strong><\/p>\n<p>Fond\u00e9 en 1997 par Gr\u00e9gory Mager et Julien Saada, Maesa est le leader mondial de l\u2019incubation de marques \u00ab\u00a0Beaut\u00e9\u00a0\u00bb et de l\u2019outsourcing strat\u00e9gique de produits cosm\u00e9tiques. Bas\u00e9 \u00e0 New-York et Levallois-Perret, le groupe fournit des solutions cl\u00e9s-en-main aux plus grands <em>retailers<\/em> mondiaux et aux marques du secteur. Maesa a verticalement int\u00e9gr\u00e9 les meilleurs savoir-faire en design, engineering, d\u00e9veloppement-produit et op\u00e9rations, ce qui apporte \u00e0 ses clients une vitesse d\u2019acc\u00e8s au march\u00e9 in\u00e9gal\u00e9e sur des produits exclusifs de l\u2019ensemble du secteur Beaut\u00e9, notamment en maquillage, soins capillaires, parfums et <em>personal-care<\/em>.<\/p>\n<p>Le groupe a incub\u00e9 la cr\u00e9ation de marques exclusives \u00e0 succ\u00e8s telles que Kristin Ess Hair Care ou Flower Beauty, et compte parmi ses clients des grands distributeurs comme Walmart, Target, Sephora, AS Watson, Ulta, Dollar General et H&amp;M.<\/p>\n<p>&nbsp;<\/p>\n<p>En septembre 2014, le fonds Winch Capital 2 avait men\u00e9 une op\u00e9ration d\u2019investissement \u00a0minoritaire dans Maesa, aux c\u00f4t\u00e9s de BNP Paribas D\u00e9veloppement et Tikehau Capital, afin d\u2019accompagner le management dans le changement d\u2019\u00e9chelle du groupe. A l\u2019issue de ce partenariat r\u00e9ussi, Maesa a doubl\u00e9 son chiffre d\u2019affaires en moins de 5 ans, \u00e0 plus de 200 millions d\u2019Euros, et r\u00e9alise une croissance organique \u00e0 deux chiffres.<\/p>\n<p><strong>\u00a0<\/strong><\/p>\n<p>Fin 2018, les actionnaires ont d\u00e9cid\u00e9 d\u2019accueillir un nouveau partenaire financier afin d\u2019accompagner Maesa dans sa prochaine phase de d\u00e9veloppement. Dans ce cadre, Bain Capital Private Equity prendra une participation majoritaire au capital du Groupe, le management restant un actionnaire significatif.<\/p>\n<p>Cette op\u00e9ration reste soumise \u00e0 l\u2019approbation des autorit\u00e9s de concurrence\u00a0et sa finalisation est attendue avant la fin du 1<sup>er<\/sup> semestre 2019.<\/p>\n<p>Il s\u2019agit de la 13<sup>\u00e8me<\/sup> cession de WINCH Capital 2 sur un portefeuille constitu\u00e9 de 17 participations.<\/p>\n","protected":false},"excerpt":{"rendered":"<p>WINCH Capital 2, g\u00e9r\u00e9 par l\u2019\u00e9quipe Mid Caps d\u2019Andera Partners, c\u00e8de sa participation dans Maesa, leader de l\u2019incubation de marques cosm\u00e9tiques. Bain Capital Private Equity devient actionnaire majoritaire aux c\u00f4t\u00e9s des fondateurs et de l\u2019\u00e9quipe de management. &nbsp; Paris, le 29 mars 2019 \u00a0 Fond\u00e9 en 1997 par Gr\u00e9gory Mager et Julien Saada, Maesa est&#8230;<\/p>\n","protected":false},"author":2,"featured_media":2996,"comment_status":"closed","ping_status":"open","sticky":false,"template":"","format":"standard","meta":[],"categories":[80],"class_list":["post-2994","post","type-post","status-publish","format-standard","has-post-thumbnail","hentry","category-winch-capital"],"acf":[],"yoast_head":"<!-- This site is optimized with the Yoast SEO plugin v24.1 - https:\/\/yoast.com\/wordpress\/plugins\/seo\/ -->\n<title>Winch c\u00e8de sa participation dans Maesa - ANDERA PARTNERS<\/title>\n<meta name=\"robots\" content=\"index, follow, max-snippet:-1, max-image-preview:large, max-video-preview:-1\" \/>\n<link rel=\"canonical\" href=\"https:\/\/www.anderapartners.com\/fr\/winch-cede-sa-participation-dans-maesa\/\" \/>\n<meta property=\"og:locale\" content=\"fr_FR\" \/>\n<meta property=\"og:type\" content=\"article\" \/>\n<meta property=\"og:title\" content=\"Winch c\u00e8de sa participation dans Maesa - ANDERA PARTNERS\" \/>\n<meta property=\"og:description\" content=\"WINCH Capital 2, g\u00e9r\u00e9 par l\u2019\u00e9quipe Mid Caps d\u2019Andera Partners, c\u00e8de sa participation dans Maesa, leader de l\u2019incubation de marques cosm\u00e9tiques. Bain Capital Private Equity devient actionnaire majoritaire aux c\u00f4t\u00e9s des fondateurs et de l\u2019\u00e9quipe de management. &nbsp; Paris, le 29 mars 2019 \u00a0 Fond\u00e9 en 1997 par Gr\u00e9gory Mager et Julien Saada, Maesa est...\" \/>\n<meta property=\"og:url\" content=\"https:\/\/www.anderapartners.com\/fr\/winch-cede-sa-participation-dans-maesa\/\" \/>\n<meta property=\"og:site_name\" content=\"ANDERA PARTNERS\" \/>\n<meta property=\"article:published_time\" content=\"2019-04-01T07:31:36+00:00\" \/>\n<meta property=\"article:modified_time\" content=\"2020-09-28T10:36:38+00:00\" \/>\n<meta property=\"og:image\" content=\"https:\/\/www.anderapartners.com\/wp-content\/uploads\/2019\/04\/Maesa-2.png\" \/>\n\t<meta property=\"og:image:width\" content=\"1007\" \/>\n\t<meta property=\"og:image:height\" content=\"492\" \/>\n\t<meta property=\"og:image:type\" content=\"image\/png\" \/>\n<meta name=\"author\" content=\"Nicolas Delsert\" \/>\n<meta name=\"twitter:card\" content=\"summary_large_image\" \/>\n<meta name=\"twitter:label1\" content=\"\u00c9crit par\" \/>\n\t<meta name=\"twitter:data1\" content=\"Nicolas Delsert\" \/>\n\t<meta name=\"twitter:label2\" content=\"Dur\u00e9e de lecture estim\u00e9e\" \/>\n\t<meta name=\"twitter:data2\" content=\"2 minutes\" \/>\n<script type=\"application\/ld+json\" class=\"yoast-schema-graph\">{\"@context\":\"https:\/\/schema.org\",\"@graph\":[{\"@type\":\"Article\",\"@id\":\"https:\/\/www.anderapartners.com\/fr\/winch-cede-sa-participation-dans-maesa\/#article\",\"isPartOf\":{\"@id\":\"https:\/\/www.anderapartners.com\/fr\/winch-cede-sa-participation-dans-maesa\/\"},\"author\":{\"name\":\"Nicolas Delsert\",\"@id\":\"https:\/\/www.anderapartners.com\/fr\/#\/schema\/person\/dce1d4a32f2d85f191a44527e202942c\"},\"headline\":\"Winch c\u00e8de sa participation dans Maesa\",\"datePublished\":\"2019-04-01T07:31:36+00:00\",\"dateModified\":\"2020-09-28T10:36:38+00:00\",\"mainEntityOfPage\":{\"@id\":\"https:\/\/www.anderapartners.com\/fr\/winch-cede-sa-participation-dans-maesa\/\"},\"wordCount\":354,\"publisher\":{\"@id\":\"https:\/\/www.anderapartners.com\/fr\/#organization\"},\"image\":{\"@id\":\"https:\/\/www.anderapartners.com\/fr\/winch-cede-sa-participation-dans-maesa\/#primaryimage\"},\"thumbnailUrl\":\"https:\/\/www.anderapartners.com\/wp-content\/uploads\/2019\/04\/Maesa-2.png\",\"articleSection\":[\"andera MidCap\"],\"inLanguage\":\"fr-FR\"},{\"@type\":\"WebPage\",\"@id\":\"https:\/\/www.anderapartners.com\/fr\/winch-cede-sa-participation-dans-maesa\/\",\"url\":\"https:\/\/www.anderapartners.com\/fr\/winch-cede-sa-participation-dans-maesa\/\",\"name\":\"Winch c\u00e8de sa participation dans Maesa - ANDERA PARTNERS\",\"isPartOf\":{\"@id\":\"https:\/\/www.anderapartners.com\/fr\/#website\"},\"primaryImageOfPage\":{\"@id\":\"https:\/\/www.anderapartners.com\/fr\/winch-cede-sa-participation-dans-maesa\/#primaryimage\"},\"image\":{\"@id\":\"https:\/\/www.anderapartners.com\/fr\/winch-cede-sa-participation-dans-maesa\/#primaryimage\"},\"thumbnailUrl\":\"https:\/\/www.anderapartners.com\/wp-content\/uploads\/2019\/04\/Maesa-2.png\",\"datePublished\":\"2019-04-01T07:31:36+00:00\",\"dateModified\":\"2020-09-28T10:36:38+00:00\",\"breadcrumb\":{\"@id\":\"https:\/\/www.anderapartners.com\/fr\/winch-cede-sa-participation-dans-maesa\/#breadcrumb\"},\"inLanguage\":\"fr-FR\",\"potentialAction\":[{\"@type\":\"ReadAction\",\"target\":[\"https:\/\/www.anderapartners.com\/fr\/winch-cede-sa-participation-dans-maesa\/\"]}]},{\"@type\":\"ImageObject\",\"inLanguage\":\"fr-FR\",\"@id\":\"https:\/\/www.anderapartners.com\/fr\/winch-cede-sa-participation-dans-maesa\/#primaryimage\",\"url\":\"https:\/\/www.anderapartners.com\/wp-content\/uploads\/2019\/04\/Maesa-2.png\",\"contentUrl\":\"https:\/\/www.anderapartners.com\/wp-content\/uploads\/2019\/04\/Maesa-2.png\",\"width\":1007,\"height\":492},{\"@type\":\"BreadcrumbList\",\"@id\":\"https:\/\/www.anderapartners.com\/fr\/winch-cede-sa-participation-dans-maesa\/#breadcrumb\",\"itemListElement\":[{\"@type\":\"ListItem\",\"position\":1,\"name\":\"Accueil\",\"item\":\"https:\/\/www.anderapartners.com\/fr\/\"},{\"@type\":\"ListItem\",\"position\":2,\"name\":\"Winch c\u00e8de sa participation dans Maesa\"}]},{\"@type\":\"WebSite\",\"@id\":\"https:\/\/www.anderapartners.com\/fr\/#website\",\"url\":\"https:\/\/www.anderapartners.com\/fr\/\",\"name\":\"ANDERA PARTNERS\",\"description\":\"\",\"publisher\":{\"@id\":\"https:\/\/www.anderapartners.com\/fr\/#organization\"},\"potentialAction\":[{\"@type\":\"SearchAction\",\"target\":{\"@type\":\"EntryPoint\",\"urlTemplate\":\"https:\/\/www.anderapartners.com\/fr\/?s={search_term_string}\"},\"query-input\":{\"@type\":\"PropertyValueSpecification\",\"valueRequired\":true,\"valueName\":\"search_term_string\"}}],\"inLanguage\":\"fr-FR\"},{\"@type\":\"Organization\",\"@id\":\"https:\/\/www.anderapartners.com\/fr\/#organization\",\"name\":\"Andera Partners\",\"url\":\"https:\/\/www.anderapartners.com\/fr\/\",\"logo\":{\"@type\":\"ImageObject\",\"inLanguage\":\"fr-FR\",\"@id\":\"https:\/\/www.anderapartners.com\/fr\/#\/schema\/logo\/image\/\",\"url\":\"https:\/\/www.anderapartners.com\/wp-content\/uploads\/2020\/08\/logo-white.svg\",\"contentUrl\":\"https:\/\/www.anderapartners.com\/wp-content\/uploads\/2020\/08\/logo-white.svg\",\"width\":107,\"height\":44,\"caption\":\"Andera Partners\"},\"image\":{\"@id\":\"https:\/\/www.anderapartners.com\/fr\/#\/schema\/logo\/image\/\"}},{\"@type\":\"Person\",\"@id\":\"https:\/\/www.anderapartners.com\/fr\/#\/schema\/person\/dce1d4a32f2d85f191a44527e202942c\",\"name\":\"Nicolas Delsert\",\"image\":{\"@type\":\"ImageObject\",\"inLanguage\":\"fr-FR\",\"@id\":\"https:\/\/www.anderapartners.com\/fr\/#\/schema\/person\/image\/\",\"url\":\"https:\/\/secure.gravatar.com\/avatar\/fca7b29302058c85588bc6bc3db9bd1e?s=96&d=mm&r=g\",\"contentUrl\":\"https:\/\/secure.gravatar.com\/avatar\/fca7b29302058c85588bc6bc3db9bd1e?s=96&d=mm&r=g\",\"caption\":\"Nicolas Delsert\"}}]}<\/script>\n<!-- \/ Yoast SEO plugin. -->","yoast_head_json":{"title":"Winch c\u00e8de sa participation dans Maesa - ANDERA PARTNERS","robots":{"index":"index","follow":"follow","max-snippet":"max-snippet:-1","max-image-preview":"max-image-preview:large","max-video-preview":"max-video-preview:-1"},"canonical":"https:\/\/www.anderapartners.com\/fr\/winch-cede-sa-participation-dans-maesa\/","og_locale":"fr_FR","og_type":"article","og_title":"Winch c\u00e8de sa participation dans Maesa - ANDERA PARTNERS","og_description":"WINCH Capital 2, g\u00e9r\u00e9 par l\u2019\u00e9quipe Mid Caps d\u2019Andera Partners, c\u00e8de sa participation dans Maesa, leader de l\u2019incubation de marques cosm\u00e9tiques. Bain Capital Private Equity devient actionnaire majoritaire aux c\u00f4t\u00e9s des fondateurs et de l\u2019\u00e9quipe de management. &nbsp; Paris, le 29 mars 2019 \u00a0 Fond\u00e9 en 1997 par Gr\u00e9gory Mager et Julien Saada, Maesa est...","og_url":"https:\/\/www.anderapartners.com\/fr\/winch-cede-sa-participation-dans-maesa\/","og_site_name":"ANDERA PARTNERS","article_published_time":"2019-04-01T07:31:36+00:00","article_modified_time":"2020-09-28T10:36:38+00:00","og_image":[{"width":1007,"height":492,"url":"https:\/\/www.anderapartners.com\/wp-content\/uploads\/2019\/04\/Maesa-2.png","type":"image\/png"}],"author":"Nicolas Delsert","twitter_card":"summary_large_image","twitter_misc":{"\u00c9crit par":"Nicolas Delsert","Dur\u00e9e de lecture estim\u00e9e":"2 minutes"},"schema":{"@context":"https:\/\/schema.org","@graph":[{"@type":"Article","@id":"https:\/\/www.anderapartners.com\/fr\/winch-cede-sa-participation-dans-maesa\/#article","isPartOf":{"@id":"https:\/\/www.anderapartners.com\/fr\/winch-cede-sa-participation-dans-maesa\/"},"author":{"name":"Nicolas Delsert","@id":"https:\/\/www.anderapartners.com\/fr\/#\/schema\/person\/dce1d4a32f2d85f191a44527e202942c"},"headline":"Winch c\u00e8de sa participation dans Maesa","datePublished":"2019-04-01T07:31:36+00:00","dateModified":"2020-09-28T10:36:38+00:00","mainEntityOfPage":{"@id":"https:\/\/www.anderapartners.com\/fr\/winch-cede-sa-participation-dans-maesa\/"},"wordCount":354,"publisher":{"@id":"https:\/\/www.anderapartners.com\/fr\/#organization"},"image":{"@id":"https:\/\/www.anderapartners.com\/fr\/winch-cede-sa-participation-dans-maesa\/#primaryimage"},"thumbnailUrl":"https:\/\/www.anderapartners.com\/wp-content\/uploads\/2019\/04\/Maesa-2.png","articleSection":["andera MidCap"],"inLanguage":"fr-FR"},{"@type":"WebPage","@id":"https:\/\/www.anderapartners.com\/fr\/winch-cede-sa-participation-dans-maesa\/","url":"https:\/\/www.anderapartners.com\/fr\/winch-cede-sa-participation-dans-maesa\/","name":"Winch c\u00e8de sa participation dans Maesa - ANDERA PARTNERS","isPartOf":{"@id":"https:\/\/www.anderapartners.com\/fr\/#website"},"primaryImageOfPage":{"@id":"https:\/\/www.anderapartners.com\/fr\/winch-cede-sa-participation-dans-maesa\/#primaryimage"},"image":{"@id":"https:\/\/www.anderapartners.com\/fr\/winch-cede-sa-participation-dans-maesa\/#primaryimage"},"thumbnailUrl":"https:\/\/www.anderapartners.com\/wp-content\/uploads\/2019\/04\/Maesa-2.png","datePublished":"2019-04-01T07:31:36+00:00","dateModified":"2020-09-28T10:36:38+00:00","breadcrumb":{"@id":"https:\/\/www.anderapartners.com\/fr\/winch-cede-sa-participation-dans-maesa\/#breadcrumb"},"inLanguage":"fr-FR","potentialAction":[{"@type":"ReadAction","target":["https:\/\/www.anderapartners.com\/fr\/winch-cede-sa-participation-dans-maesa\/"]}]},{"@type":"ImageObject","inLanguage":"fr-FR","@id":"https:\/\/www.anderapartners.com\/fr\/winch-cede-sa-participation-dans-maesa\/#primaryimage","url":"https:\/\/www.anderapartners.com\/wp-content\/uploads\/2019\/04\/Maesa-2.png","contentUrl":"https:\/\/www.anderapartners.com\/wp-content\/uploads\/2019\/04\/Maesa-2.png","width":1007,"height":492},{"@type":"BreadcrumbList","@id":"https:\/\/www.anderapartners.com\/fr\/winch-cede-sa-participation-dans-maesa\/#breadcrumb","itemListElement":[{"@type":"ListItem","position":1,"name":"Accueil","item":"https:\/\/www.anderapartners.com\/fr\/"},{"@type":"ListItem","position":2,"name":"Winch c\u00e8de sa participation dans Maesa"}]},{"@type":"WebSite","@id":"https:\/\/www.anderapartners.com\/fr\/#website","url":"https:\/\/www.anderapartners.com\/fr\/","name":"ANDERA PARTNERS","description":"","publisher":{"@id":"https:\/\/www.anderapartners.com\/fr\/#organization"},"potentialAction":[{"@type":"SearchAction","target":{"@type":"EntryPoint","urlTemplate":"https:\/\/www.anderapartners.com\/fr\/?s={search_term_string}"},"query-input":{"@type":"PropertyValueSpecification","valueRequired":true,"valueName":"search_term_string"}}],"inLanguage":"fr-FR"},{"@type":"Organization","@id":"https:\/\/www.anderapartners.com\/fr\/#organization","name":"Andera Partners","url":"https:\/\/www.anderapartners.com\/fr\/","logo":{"@type":"ImageObject","inLanguage":"fr-FR","@id":"https:\/\/www.anderapartners.com\/fr\/#\/schema\/logo\/image\/","url":"https:\/\/www.anderapartners.com\/wp-content\/uploads\/2020\/08\/logo-white.svg","contentUrl":"https:\/\/www.anderapartners.com\/wp-content\/uploads\/2020\/08\/logo-white.svg","width":107,"height":44,"caption":"Andera Partners"},"image":{"@id":"https:\/\/www.anderapartners.com\/fr\/#\/schema\/logo\/image\/"}},{"@type":"Person","@id":"https:\/\/www.anderapartners.com\/fr\/#\/schema\/person\/dce1d4a32f2d85f191a44527e202942c","name":"Nicolas Delsert","image":{"@type":"ImageObject","inLanguage":"fr-FR","@id":"https:\/\/www.anderapartners.com\/fr\/#\/schema\/person\/image\/","url":"https:\/\/secure.gravatar.com\/avatar\/fca7b29302058c85588bc6bc3db9bd1e?s=96&d=mm&r=g","contentUrl":"https:\/\/secure.gravatar.com\/avatar\/fca7b29302058c85588bc6bc3db9bd1e?s=96&d=mm&r=g","caption":"Nicolas Delsert"}}]}},"_links":{"self":[{"href":"https:\/\/www.anderapartners.com\/fr\/wp-json\/wp\/v2\/posts\/2994","targetHints":{"allow":["GET"]}}],"collection":[{"href":"https:\/\/www.anderapartners.com\/fr\/wp-json\/wp\/v2\/posts"}],"about":[{"href":"https:\/\/www.anderapartners.com\/fr\/wp-json\/wp\/v2\/types\/post"}],"author":[{"embeddable":true,"href":"https:\/\/www.anderapartners.com\/fr\/wp-json\/wp\/v2\/users\/2"}],"replies":[{"embeddable":true,"href":"https:\/\/www.anderapartners.com\/fr\/wp-json\/wp\/v2\/comments?post=2994"}],"version-history":[{"count":0,"href":"https:\/\/www.anderapartners.com\/fr\/wp-json\/wp\/v2\/posts\/2994\/revisions"}],"wp:featuredmedia":[{"embeddable":true,"href":"https:\/\/www.anderapartners.com\/fr\/wp-json\/wp\/v2\/media\/2996"}],"wp:attachment":[{"href":"https:\/\/www.anderapartners.com\/fr\/wp-json\/wp\/v2\/media?parent=2994"}],"wp:term":[{"taxonomy":"category","embeddable":true,"href":"https:\/\/www.anderapartners.com\/fr\/wp-json\/wp\/v2\/categories?post=2994"}],"curies":[{"name":"wp","href":"https:\/\/api.w.org\/{rel}","templated":true}]}}