{"id":2915,"date":"2019-02-15T10:02:38","date_gmt":"2019-02-15T09:02:38","guid":{"rendered":"https:\/\/www.anderapartners.com\/?p=2915"},"modified":"2020-09-28T12:53:27","modified_gmt":"2020-09-28T10:53:27","slug":"andera-devient-mecene-de-hup-entrepreneurs","status":"publish","type":"post","link":"https:\/\/www.anderapartners.com\/fr\/andera-devient-mecene-de-hup-entrepreneurs\/","title":{"rendered":"Andera devient m\u00e9c\u00e8ne de h&rsquo;up entrepreneurs"},"content":{"rendered":"<p><img loading=\"lazy\" decoding=\"async\" class=\"alignnone size-full wp-image-2916\" src=\"https:\/\/www.anderapartners.com\/wp-content\/uploads\/2019\/02\/h-up-deployee-claim-RVB.png\" alt=\"\" width=\"691\" height=\"459\" srcset=\"https:\/\/www.anderapartners.com\/wp-content\/uploads\/2019\/02\/h-up-deployee-claim-RVB.png 691w, https:\/\/www.anderapartners.com\/wp-content\/uploads\/2019\/02\/h-up-deployee-claim-RVB-285x189.png 285w, https:\/\/www.anderapartners.com\/wp-content\/uploads\/2019\/02\/h-up-deployee-claim-RVB-391x260.png 391w, https:\/\/www.anderapartners.com\/wp-content\/uploads\/2019\/02\/h-up-deployee-claim-RVB-331x220.png 331w\" sizes=\"auto, (max-width: 691px) 100vw, 691px\" \/><\/p>\n<p><strong>Andera Partners devient m\u00e9c\u00e8ne\u00a0<\/strong><strong>de l\u2019association h\u2019up entrepreneurs<\/strong><\/p>\n<p>&nbsp;<\/p>\n<p>Apr\u00e8s une ann\u00e9e 2018 exceptionnelle marqu\u00e9e entre autres par la prise d\u2019ind\u00e9pendance et des lev\u00e9es de fonds remarquables, <strong>Andera Partners<\/strong> d\u00e9marre 2019 par la mise en place d\u2019un partenariat de m\u00e9c\u00e9nat avec <strong>h\u2019up entrepreneurs<\/strong>, l\u2019association d\u00e9di\u00e9e \u00e0 l\u2019accompagnement des entrepreneurs en situation de handicap.<\/p>\n<p>Cr\u00e9\u00e9e en 2008 et 1\u00e8re association accompagnant les entrepreneurs en situation de handicap avec des\u00a0professionnels b\u00e9n\u00e9voles, h\u2019up entrepreneurs a pour mission de\u00a0:<\/p>\n<ul>\n<li>Accompagner les cr\u00e9ateurs et entrepreneurs en situation de handicap\u00a0avec une \u00e9quipe de professionnels en activit\u00e9 pour \u00e9clairer leur d\u00e9marche et acc\u00e9l\u00e9rer leur succ\u00e8s<\/li>\n<li>Aider les entrepreneurs touch\u00e9s subitement par un handicap \u00e0 maintenir leur entreprise en activit\u00e9<\/li>\n<li>D\u00e9velopper une communaut\u00e9 d\u2019entrepreneurs pour tisser un r\u00e9seau d\u2019entraide et porter des solutions collectives pour am\u00e9liorer l\u2019entreprenariat des personnes en situation de handicap<\/li>\n<\/ul>\n<p>L\u2019association a accompagn\u00e9 plus de 500 projets de cr\u00e9ations d\u2019entreprises depuis sa cr\u00e9ation. Elle lance en 2019 <strong>l\u2019Acad\u00e9mie h\u2019up<\/strong>, un parcours acc\u00e9l\u00e9rateur de r\u00e9ussites r\u00e9unissant coaching, accompagnements individuels par des mentors, ateliers collectifs et partage d\u2019exp\u00e9rience pour les entrepreneurs en situation de handicap.<\/p>\n<p>Nouvelle \u00e9tape significative d\u2019Andera Partners, celle-ci apportera \u00e9galement son soutien, au-del\u00e0 du m\u00e9c\u00e9nat financier, \u00e0 travers le m\u00e9c\u00e9nat de comp\u00e9tences\u00a0: une \u00e9quipe d\u2019experts b\u00e9n\u00e9voles, parmi les investisseurs et \u00e9quipes support d\u2019Andera Partners, coacheront plusieurs des entrepreneurs participants \u00e0 l\u2019Acad\u00e9mie h\u2019up.<\/p>\n<p><em>\u00ab\u00a0Nous sommes ravis d\u2019accompagner h\u2019up et tous les entrepreneurs soutenus par l\u2019association. Leurs projets seront \u00e9valu\u00e9s et challeng\u00e9s au m\u00eame titre que ceux des dirigeants de nos soci\u00e9t\u00e9s en portefeuille\u00a0; nous souhaitons leur apporter toute notre expertise en mati\u00e8re d\u2019accompagnement de la croissance pour leur donner le maximum de chance de r\u00e9ussir leur projet\u00a0\u00bb <\/em>commente Laurent Fichter, Directeur Associ\u00e9 d\u2019Andera Partners en charge du m\u00e9c\u00e9nat.<\/p>\n<p><em>\u00ab\u00a0Nous sommes fiers d\u2019avoir nou\u00e9 ce partenariat avec Andera Partners, dont l\u2019expertise et la culture fortement entrepreneuriale vont permettre d\u2019acc\u00e9l\u00e9rer nos entrepreneurs de l\u2019Acad\u00e9mie h\u2019up. Ce programme est une 1<sup>\u00e8re<\/sup> pour h\u2019up, merci d\u2019\u00eatre mont\u00e9s pionniers avec nous dans cette aventure\u00a0!\u00a0\u00bb <\/em>ajoute Pauline-Arnaud Blanchard, Directrice G\u00e9n\u00e9rale de h\u2019up entrepreneurs<\/p>\n<p>&nbsp;<\/p>\n<p>&nbsp;<\/p>\n<p><strong>A propos de h\u2019up entrepreneurs<\/strong><\/p>\n<p>75\u00a0000 entrepreneurs en situation de handicap en France, 75% de taux de p\u00e9rennit\u00e9 \u00e0 3 ans de ces entreprises. Qui a dit que handicap et entrepreneuriat ne font pas bon m\u00e9nage\u00a0?<\/p>\n<p>Fond\u00e9e par 4 entrepreneurs en situation de handicap et une entrepreneure sociale en 2008, h\u2019up acc\u00e9l\u00e8re la r\u00e9ussite d\u2019entrepreneurs en situation de handicap, cr\u00e9ateurs ou d\u00e9j\u00e0 en activit\u00e9, gr\u00e2ce \u00e0 la mobilisation de plus de 180 coachs ou experts projet b\u00e9n\u00e9voles.<\/p>\n<p>H\u2019up est \u00e9galement le 1<sup>er<\/sup> r\u00e9seau de repr\u00e9sentation nationale des entrepreneurs en situation de handicap.<\/p>\n<p>Historiquement bas\u00e9e \u00e0 Paris, h\u2019up est aujourd\u2019hui pr\u00e9sente dans 3 autres r\u00e9gions\u00a0: Auvergne-Rh\u00f4ne-Alpes, Grand Est et tr\u00e8s bient\u00f4t en Hauts-de-France.<\/p>\n<p>Notre innovation sociale est d\u2019\u00eatre un mouvement d\u2019entrepreneurs en situation de handicap dans notre gouvernance, ainsi qu\u2019un laboratoire d\u2019am\u00e9lioration continue de la performance de notre accompagnement, en co-r\u00e9alisation avec les autres r\u00e9seaux d\u2019accompagnement existants (R\u00e9seau BGE, ADIE, R\u00e9seau Entreprendre, etc.).<\/p>\n<p><a href=\"http:\/\/www.h-up.fr\">www.h-up.fr<\/a><\/p>\n","protected":false},"excerpt":{"rendered":"<p>Andera Partners devient m\u00e9c\u00e8ne\u00a0de l\u2019association h\u2019up entrepreneurs &nbsp; Apr\u00e8s une ann\u00e9e 2018 exceptionnelle marqu\u00e9e entre autres par la prise d\u2019ind\u00e9pendance et des lev\u00e9es de fonds remarquables, Andera Partners d\u00e9marre 2019 par la mise en place d\u2019un partenariat de m\u00e9c\u00e9nat avec h\u2019up entrepreneurs, l\u2019association d\u00e9di\u00e9e \u00e0 l\u2019accompagnement des entrepreneurs en situation de handicap. Cr\u00e9\u00e9e en 2008&#8230;<\/p>\n","protected":false},"author":2,"featured_media":2916,"comment_status":"closed","ping_status":"open","sticky":false,"template":"","format":"standard","meta":[],"categories":[152],"class_list":["post-2915","post","type-post","status-publish","format-standard","has-post-thumbnail","hentry","category-andera-partners"],"acf":[],"yoast_head":"<!-- This site is optimized with the Yoast SEO plugin v24.1 - https:\/\/yoast.com\/wordpress\/plugins\/seo\/ -->\n<title>Andera devient m\u00e9c\u00e8ne de h&#039;up entrepreneurs - ANDERA PARTNERS<\/title>\n<meta name=\"robots\" content=\"index, follow, max-snippet:-1, max-image-preview:large, max-video-preview:-1\" \/>\n<link rel=\"canonical\" href=\"https:\/\/www.anderapartners.com\/fr\/andera-devient-mecene-de-hup-entrepreneurs\/\" \/>\n<meta property=\"og:locale\" content=\"fr_FR\" \/>\n<meta property=\"og:type\" content=\"article\" \/>\n<meta property=\"og:title\" content=\"Andera devient m\u00e9c\u00e8ne de h&#039;up entrepreneurs - ANDERA PARTNERS\" \/>\n<meta property=\"og:description\" content=\"Andera Partners devient m\u00e9c\u00e8ne\u00a0de l\u2019association h\u2019up entrepreneurs &nbsp; Apr\u00e8s une ann\u00e9e 2018 exceptionnelle marqu\u00e9e entre autres par la prise d\u2019ind\u00e9pendance et des lev\u00e9es de fonds remarquables, Andera Partners d\u00e9marre 2019 par la mise en place d\u2019un partenariat de m\u00e9c\u00e9nat avec h\u2019up entrepreneurs, l\u2019association d\u00e9di\u00e9e \u00e0 l\u2019accompagnement des entrepreneurs en situation de handicap. Cr\u00e9\u00e9e en 2008...\" \/>\n<meta property=\"og:url\" content=\"https:\/\/www.anderapartners.com\/fr\/andera-devient-mecene-de-hup-entrepreneurs\/\" \/>\n<meta property=\"og:site_name\" content=\"ANDERA PARTNERS\" \/>\n<meta property=\"article:published_time\" content=\"2019-02-15T09:02:38+00:00\" \/>\n<meta property=\"article:modified_time\" content=\"2020-09-28T10:53:27+00:00\" \/>\n<meta property=\"og:image\" content=\"https:\/\/www.anderapartners.com\/wp-content\/uploads\/2019\/02\/h-up-deployee-claim-RVB.png\" \/>\n\t<meta property=\"og:image:width\" content=\"691\" \/>\n\t<meta property=\"og:image:height\" content=\"459\" \/>\n\t<meta property=\"og:image:type\" content=\"image\/png\" \/>\n<meta name=\"author\" content=\"Nicolas Delsert\" \/>\n<meta name=\"twitter:card\" content=\"summary_large_image\" \/>\n<meta name=\"twitter:label1\" content=\"\u00c9crit par\" \/>\n\t<meta name=\"twitter:data1\" content=\"Nicolas Delsert\" \/>\n\t<meta name=\"twitter:label2\" content=\"Dur\u00e9e de lecture estim\u00e9e\" \/>\n\t<meta name=\"twitter:data2\" content=\"3 minutes\" \/>\n<script type=\"application\/ld+json\" class=\"yoast-schema-graph\">{\"@context\":\"https:\/\/schema.org\",\"@graph\":[{\"@type\":\"Article\",\"@id\":\"https:\/\/www.anderapartners.com\/fr\/andera-devient-mecene-de-hup-entrepreneurs\/#article\",\"isPartOf\":{\"@id\":\"https:\/\/www.anderapartners.com\/fr\/andera-devient-mecene-de-hup-entrepreneurs\/\"},\"author\":{\"name\":\"Nicolas Delsert\",\"@id\":\"https:\/\/www.anderapartners.com\/fr\/#\/schema\/person\/dce1d4a32f2d85f191a44527e202942c\"},\"headline\":\"Andera devient m\u00e9c\u00e8ne de h&rsquo;up entrepreneurs\",\"datePublished\":\"2019-02-15T09:02:38+00:00\",\"dateModified\":\"2020-09-28T10:53:27+00:00\",\"mainEntityOfPage\":{\"@id\":\"https:\/\/www.anderapartners.com\/fr\/andera-devient-mecene-de-hup-entrepreneurs\/\"},\"wordCount\":605,\"publisher\":{\"@id\":\"https:\/\/www.anderapartners.com\/fr\/#organization\"},\"image\":{\"@id\":\"https:\/\/www.anderapartners.com\/fr\/andera-devient-mecene-de-hup-entrepreneurs\/#primaryimage\"},\"thumbnailUrl\":\"https:\/\/www.anderapartners.com\/wp-content\/uploads\/2019\/02\/h-up-deployee-claim-RVB.png\",\"articleSection\":[\"Andera Partners\"],\"inLanguage\":\"fr-FR\"},{\"@type\":\"WebPage\",\"@id\":\"https:\/\/www.anderapartners.com\/fr\/andera-devient-mecene-de-hup-entrepreneurs\/\",\"url\":\"https:\/\/www.anderapartners.com\/fr\/andera-devient-mecene-de-hup-entrepreneurs\/\",\"name\":\"Andera devient m\u00e9c\u00e8ne de h'up entrepreneurs - ANDERA PARTNERS\",\"isPartOf\":{\"@id\":\"https:\/\/www.anderapartners.com\/fr\/#website\"},\"primaryImageOfPage\":{\"@id\":\"https:\/\/www.anderapartners.com\/fr\/andera-devient-mecene-de-hup-entrepreneurs\/#primaryimage\"},\"image\":{\"@id\":\"https:\/\/www.anderapartners.com\/fr\/andera-devient-mecene-de-hup-entrepreneurs\/#primaryimage\"},\"thumbnailUrl\":\"https:\/\/www.anderapartners.com\/wp-content\/uploads\/2019\/02\/h-up-deployee-claim-RVB.png\",\"datePublished\":\"2019-02-15T09:02:38+00:00\",\"dateModified\":\"2020-09-28T10:53:27+00:00\",\"breadcrumb\":{\"@id\":\"https:\/\/www.anderapartners.com\/fr\/andera-devient-mecene-de-hup-entrepreneurs\/#breadcrumb\"},\"inLanguage\":\"fr-FR\",\"potentialAction\":[{\"@type\":\"ReadAction\",\"target\":[\"https:\/\/www.anderapartners.com\/fr\/andera-devient-mecene-de-hup-entrepreneurs\/\"]}]},{\"@type\":\"ImageObject\",\"inLanguage\":\"fr-FR\",\"@id\":\"https:\/\/www.anderapartners.com\/fr\/andera-devient-mecene-de-hup-entrepreneurs\/#primaryimage\",\"url\":\"https:\/\/www.anderapartners.com\/wp-content\/uploads\/2019\/02\/h-up-deployee-claim-RVB.png\",\"contentUrl\":\"https:\/\/www.anderapartners.com\/wp-content\/uploads\/2019\/02\/h-up-deployee-claim-RVB.png\",\"width\":691,\"height\":459},{\"@type\":\"BreadcrumbList\",\"@id\":\"https:\/\/www.anderapartners.com\/fr\/andera-devient-mecene-de-hup-entrepreneurs\/#breadcrumb\",\"itemListElement\":[{\"@type\":\"ListItem\",\"position\":1,\"name\":\"Accueil\",\"item\":\"https:\/\/www.anderapartners.com\/fr\/\"},{\"@type\":\"ListItem\",\"position\":2,\"name\":\"Andera devient m\u00e9c\u00e8ne de h&rsquo;up entrepreneurs\"}]},{\"@type\":\"WebSite\",\"@id\":\"https:\/\/www.anderapartners.com\/fr\/#website\",\"url\":\"https:\/\/www.anderapartners.com\/fr\/\",\"name\":\"ANDERA PARTNERS\",\"description\":\"\",\"publisher\":{\"@id\":\"https:\/\/www.anderapartners.com\/fr\/#organization\"},\"potentialAction\":[{\"@type\":\"SearchAction\",\"target\":{\"@type\":\"EntryPoint\",\"urlTemplate\":\"https:\/\/www.anderapartners.com\/fr\/?s={search_term_string}\"},\"query-input\":{\"@type\":\"PropertyValueSpecification\",\"valueRequired\":true,\"valueName\":\"search_term_string\"}}],\"inLanguage\":\"fr-FR\"},{\"@type\":\"Organization\",\"@id\":\"https:\/\/www.anderapartners.com\/fr\/#organization\",\"name\":\"Andera Partners\",\"url\":\"https:\/\/www.anderapartners.com\/fr\/\",\"logo\":{\"@type\":\"ImageObject\",\"inLanguage\":\"fr-FR\",\"@id\":\"https:\/\/www.anderapartners.com\/fr\/#\/schema\/logo\/image\/\",\"url\":\"https:\/\/www.anderapartners.com\/wp-content\/uploads\/2020\/08\/logo-white.svg\",\"contentUrl\":\"https:\/\/www.anderapartners.com\/wp-content\/uploads\/2020\/08\/logo-white.svg\",\"width\":107,\"height\":44,\"caption\":\"Andera Partners\"},\"image\":{\"@id\":\"https:\/\/www.anderapartners.com\/fr\/#\/schema\/logo\/image\/\"}},{\"@type\":\"Person\",\"@id\":\"https:\/\/www.anderapartners.com\/fr\/#\/schema\/person\/dce1d4a32f2d85f191a44527e202942c\",\"name\":\"Nicolas Delsert\",\"image\":{\"@type\":\"ImageObject\",\"inLanguage\":\"fr-FR\",\"@id\":\"https:\/\/www.anderapartners.com\/fr\/#\/schema\/person\/image\/\",\"url\":\"https:\/\/secure.gravatar.com\/avatar\/fca7b29302058c85588bc6bc3db9bd1e?s=96&d=mm&r=g\",\"contentUrl\":\"https:\/\/secure.gravatar.com\/avatar\/fca7b29302058c85588bc6bc3db9bd1e?s=96&d=mm&r=g\",\"caption\":\"Nicolas Delsert\"}}]}<\/script>\n<!-- \/ Yoast SEO plugin. -->","yoast_head_json":{"title":"Andera devient m\u00e9c\u00e8ne de h'up entrepreneurs - ANDERA PARTNERS","robots":{"index":"index","follow":"follow","max-snippet":"max-snippet:-1","max-image-preview":"max-image-preview:large","max-video-preview":"max-video-preview:-1"},"canonical":"https:\/\/www.anderapartners.com\/fr\/andera-devient-mecene-de-hup-entrepreneurs\/","og_locale":"fr_FR","og_type":"article","og_title":"Andera devient m\u00e9c\u00e8ne de h'up entrepreneurs - ANDERA PARTNERS","og_description":"Andera Partners devient m\u00e9c\u00e8ne\u00a0de l\u2019association h\u2019up entrepreneurs &nbsp; Apr\u00e8s une ann\u00e9e 2018 exceptionnelle marqu\u00e9e entre autres par la prise d\u2019ind\u00e9pendance et des lev\u00e9es de fonds remarquables, Andera Partners d\u00e9marre 2019 par la mise en place d\u2019un partenariat de m\u00e9c\u00e9nat avec h\u2019up entrepreneurs, l\u2019association d\u00e9di\u00e9e \u00e0 l\u2019accompagnement des entrepreneurs en situation de handicap. Cr\u00e9\u00e9e en 2008...","og_url":"https:\/\/www.anderapartners.com\/fr\/andera-devient-mecene-de-hup-entrepreneurs\/","og_site_name":"ANDERA PARTNERS","article_published_time":"2019-02-15T09:02:38+00:00","article_modified_time":"2020-09-28T10:53:27+00:00","og_image":[{"width":691,"height":459,"url":"https:\/\/www.anderapartners.com\/wp-content\/uploads\/2019\/02\/h-up-deployee-claim-RVB.png","type":"image\/png"}],"author":"Nicolas Delsert","twitter_card":"summary_large_image","twitter_misc":{"\u00c9crit par":"Nicolas Delsert","Dur\u00e9e de lecture estim\u00e9e":"3 minutes"},"schema":{"@context":"https:\/\/schema.org","@graph":[{"@type":"Article","@id":"https:\/\/www.anderapartners.com\/fr\/andera-devient-mecene-de-hup-entrepreneurs\/#article","isPartOf":{"@id":"https:\/\/www.anderapartners.com\/fr\/andera-devient-mecene-de-hup-entrepreneurs\/"},"author":{"name":"Nicolas Delsert","@id":"https:\/\/www.anderapartners.com\/fr\/#\/schema\/person\/dce1d4a32f2d85f191a44527e202942c"},"headline":"Andera devient m\u00e9c\u00e8ne de h&rsquo;up entrepreneurs","datePublished":"2019-02-15T09:02:38+00:00","dateModified":"2020-09-28T10:53:27+00:00","mainEntityOfPage":{"@id":"https:\/\/www.anderapartners.com\/fr\/andera-devient-mecene-de-hup-entrepreneurs\/"},"wordCount":605,"publisher":{"@id":"https:\/\/www.anderapartners.com\/fr\/#organization"},"image":{"@id":"https:\/\/www.anderapartners.com\/fr\/andera-devient-mecene-de-hup-entrepreneurs\/#primaryimage"},"thumbnailUrl":"https:\/\/www.anderapartners.com\/wp-content\/uploads\/2019\/02\/h-up-deployee-claim-RVB.png","articleSection":["Andera Partners"],"inLanguage":"fr-FR"},{"@type":"WebPage","@id":"https:\/\/www.anderapartners.com\/fr\/andera-devient-mecene-de-hup-entrepreneurs\/","url":"https:\/\/www.anderapartners.com\/fr\/andera-devient-mecene-de-hup-entrepreneurs\/","name":"Andera devient m\u00e9c\u00e8ne de h'up entrepreneurs - ANDERA PARTNERS","isPartOf":{"@id":"https:\/\/www.anderapartners.com\/fr\/#website"},"primaryImageOfPage":{"@id":"https:\/\/www.anderapartners.com\/fr\/andera-devient-mecene-de-hup-entrepreneurs\/#primaryimage"},"image":{"@id":"https:\/\/www.anderapartners.com\/fr\/andera-devient-mecene-de-hup-entrepreneurs\/#primaryimage"},"thumbnailUrl":"https:\/\/www.anderapartners.com\/wp-content\/uploads\/2019\/02\/h-up-deployee-claim-RVB.png","datePublished":"2019-02-15T09:02:38+00:00","dateModified":"2020-09-28T10:53:27+00:00","breadcrumb":{"@id":"https:\/\/www.anderapartners.com\/fr\/andera-devient-mecene-de-hup-entrepreneurs\/#breadcrumb"},"inLanguage":"fr-FR","potentialAction":[{"@type":"ReadAction","target":["https:\/\/www.anderapartners.com\/fr\/andera-devient-mecene-de-hup-entrepreneurs\/"]}]},{"@type":"ImageObject","inLanguage":"fr-FR","@id":"https:\/\/www.anderapartners.com\/fr\/andera-devient-mecene-de-hup-entrepreneurs\/#primaryimage","url":"https:\/\/www.anderapartners.com\/wp-content\/uploads\/2019\/02\/h-up-deployee-claim-RVB.png","contentUrl":"https:\/\/www.anderapartners.com\/wp-content\/uploads\/2019\/02\/h-up-deployee-claim-RVB.png","width":691,"height":459},{"@type":"BreadcrumbList","@id":"https:\/\/www.anderapartners.com\/fr\/andera-devient-mecene-de-hup-entrepreneurs\/#breadcrumb","itemListElement":[{"@type":"ListItem","position":1,"name":"Accueil","item":"https:\/\/www.anderapartners.com\/fr\/"},{"@type":"ListItem","position":2,"name":"Andera devient m\u00e9c\u00e8ne de h&rsquo;up entrepreneurs"}]},{"@type":"WebSite","@id":"https:\/\/www.anderapartners.com\/fr\/#website","url":"https:\/\/www.anderapartners.com\/fr\/","name":"ANDERA PARTNERS","description":"","publisher":{"@id":"https:\/\/www.anderapartners.com\/fr\/#organization"},"potentialAction":[{"@type":"SearchAction","target":{"@type":"EntryPoint","urlTemplate":"https:\/\/www.anderapartners.com\/fr\/?s={search_term_string}"},"query-input":{"@type":"PropertyValueSpecification","valueRequired":true,"valueName":"search_term_string"}}],"inLanguage":"fr-FR"},{"@type":"Organization","@id":"https:\/\/www.anderapartners.com\/fr\/#organization","name":"Andera Partners","url":"https:\/\/www.anderapartners.com\/fr\/","logo":{"@type":"ImageObject","inLanguage":"fr-FR","@id":"https:\/\/www.anderapartners.com\/fr\/#\/schema\/logo\/image\/","url":"https:\/\/www.anderapartners.com\/wp-content\/uploads\/2020\/08\/logo-white.svg","contentUrl":"https:\/\/www.anderapartners.com\/wp-content\/uploads\/2020\/08\/logo-white.svg","width":107,"height":44,"caption":"Andera Partners"},"image":{"@id":"https:\/\/www.anderapartners.com\/fr\/#\/schema\/logo\/image\/"}},{"@type":"Person","@id":"https:\/\/www.anderapartners.com\/fr\/#\/schema\/person\/dce1d4a32f2d85f191a44527e202942c","name":"Nicolas Delsert","image":{"@type":"ImageObject","inLanguage":"fr-FR","@id":"https:\/\/www.anderapartners.com\/fr\/#\/schema\/person\/image\/","url":"https:\/\/secure.gravatar.com\/avatar\/fca7b29302058c85588bc6bc3db9bd1e?s=96&d=mm&r=g","contentUrl":"https:\/\/secure.gravatar.com\/avatar\/fca7b29302058c85588bc6bc3db9bd1e?s=96&d=mm&r=g","caption":"Nicolas Delsert"}}]}},"_links":{"self":[{"href":"https:\/\/www.anderapartners.com\/fr\/wp-json\/wp\/v2\/posts\/2915","targetHints":{"allow":["GET"]}}],"collection":[{"href":"https:\/\/www.anderapartners.com\/fr\/wp-json\/wp\/v2\/posts"}],"about":[{"href":"https:\/\/www.anderapartners.com\/fr\/wp-json\/wp\/v2\/types\/post"}],"author":[{"embeddable":true,"href":"https:\/\/www.anderapartners.com\/fr\/wp-json\/wp\/v2\/users\/2"}],"replies":[{"embeddable":true,"href":"https:\/\/www.anderapartners.com\/fr\/wp-json\/wp\/v2\/comments?post=2915"}],"version-history":[{"count":0,"href":"https:\/\/www.anderapartners.com\/fr\/wp-json\/wp\/v2\/posts\/2915\/revisions"}],"wp:featuredmedia":[{"embeddable":true,"href":"https:\/\/www.anderapartners.com\/fr\/wp-json\/wp\/v2\/media\/2916"}],"wp:attachment":[{"href":"https:\/\/www.anderapartners.com\/fr\/wp-json\/wp\/v2\/media?parent=2915"}],"wp:term":[{"taxonomy":"category","embeddable":true,"href":"https:\/\/www.anderapartners.com\/fr\/wp-json\/wp\/v2\/categories?post=2915"}],"curies":[{"name":"wp","href":"https:\/\/api.w.org\/{rel}","templated":true}]}}