{"id":2836,"date":"2019-01-10T18:01:56","date_gmt":"2019-01-10T17:01:56","guid":{"rendered":"https:\/\/www.anderapartners.com\/?p=2836"},"modified":"2020-09-28T13:01:47","modified_gmt":"2020-09-28T11:01:47","slug":"sarawak-cabestan-2-acquiert-son-homologue-belge-think-and-go","status":"publish","type":"post","link":"https:\/\/www.anderapartners.com\/fr\/sarawak-cabestan-2-acquiert-son-homologue-belge-think-and-go\/","title":{"rendered":"Sarawak (Cabestan 2) acquiert son homologue belge Think and Go"},"content":{"rendered":"<p><img loading=\"lazy\" decoding=\"async\" class=\"alignnone size-full wp-image-2838\" src=\"https:\/\/www.anderapartners.com\/wp-content\/uploads\/2019\/01\/sarawak-think-and-go.png\" alt=\"\" width=\"744\" height=\"326\" srcset=\"https:\/\/www.anderapartners.com\/wp-content\/uploads\/2019\/01\/sarawak-think-and-go.png 744w, https:\/\/www.anderapartners.com\/wp-content\/uploads\/2019\/01\/sarawak-think-and-go-285x125.png 285w, https:\/\/www.anderapartners.com\/wp-content\/uploads\/2019\/01\/sarawak-think-and-go-446x195.png 446w, https:\/\/www.anderapartners.com\/wp-content\/uploads\/2019\/01\/sarawak-think-and-go-385x169.png 385w\" sizes=\"auto, (max-width: 744px) 100vw, 744px\" \/><\/p>\n<p><strong>Avec le soutien de CABESTAN Capital 2, le fonds small cap d\u2019Andera Partners, Sarawak d\u00e9marre l\u2019ann\u00e9e 2019 par l\u2019acquisition de la soci\u00e9t\u00e9 Think\u00a0and Go, acteur majeur de l\u2019externalisation de la force de vente et de l\u2019activation de marque au B\u00e9n\u00e9lux.<\/strong><\/p>\n<p>&nbsp;<\/p>\n<p>Un an et demi apr\u00e8s l\u2019acquisition par Andera Partners, le sp\u00e9cialiste de la force de vente externalis\u00e9e et de la promotion a finalis\u00e9 l\u2019acquisition de son homologue belge Think and Go, s\u2019adjugeant ainsi 9\u00a0M\u20ac de chiffre d\u2019affaires suppl\u00e9mentaire et une position reconnue au B\u00e9n\u00e9lux.<\/p>\n<p>Cr\u00e9\u00e9 en 1997 dans la r\u00e9gion bruxelloise, le groupe Think and Go est un acteur majeur du <em>field marketing<\/em> au B\u00e9n\u00e9lux, b\u00e9n\u00e9ficiant d\u2019une expertise reconnue en externalisation de la force de vente, activation de marque, merchandising et recrutements cibl\u00e9s de profils commerciaux, notamment sur les produits technologiques et \u00e9lectroniques.<\/p>\n<p>Apr\u00e8s plusieurs ann\u00e9es de collaboration sur diff\u00e9rents projets op\u00e9rationnels et commerciaux et le constat de valeurs communes, les dirigeants de Sarawak et de Think &amp; Go ont d\u00e9cid\u00e9 de fusionner afin de proposer leurs services de <em>field marketing<\/em> sur le territoire France-Benelux avec une offre <em>crossborder<\/em> unique en termes de qualit\u00e9 de service.<\/p>\n<p>Au terme de cette op\u00e9ration non-interm\u00e9di\u00e9e, Sarawak devient propri\u00e9taire de 100% de Think and Go. Thierry\u00a0De\u00a0Rouck et Wim Wauters, Managing Directors de Think and Go, investissent dans la holding de t\u00eate et prennent la responsabilit\u00e9 op\u00e9rationnelle du B\u00e9n\u00e9lux.<\/p>\n<p>A travers cette nouvelle \u00e9tape structurante, le groupe est pr\u00e9sent \u00e0 Paris, Aix-en-Provence, Bruxelles et Amsterdam, et vise un chiffre d\u2019affaires consolid\u00e9 2019-2020 de 40\u00a0M\u20ac.<\/p>\n<p><strong>Thierry De Rouck, Managing Director de Think and Go <\/strong>: <em>\u00ab En tant que soci\u00e9t\u00e9 \u00e0 tr\u00e8s forte croissance, il est essentiel de maintenir une structure parfaitement organis\u00e9e et qui b\u00e9n\u00e9ficie des meilleurs outils. Cette nouvelle collaboration est une \u00e9tape tr\u00e8s importante pour notre organisation en termes de structuration.\u00a0\u00bb<\/em><\/p>\n<p><strong>Wim Wauters, Managing Partner de Think and Go<\/strong> : <em>\u00ab <\/em><em>L&rsquo;int\u00e9gration avec Sarawak nous apporte des possibilit\u00e9s de d\u00e9veloppement du p\u00e9rim\u00e8tre belge. Aujourd&rsquo;hui, nous sommes un acteur reconnu dans les march\u00e9s <\/em>Consumer Electronics<em> et Jouets. De nouveaux d\u00e9veloppements dans les march\u00e9s <\/em>Fast Moving Consumer Goods<em> et <\/em>Do It Yourself<em> sont \u00e0 l&rsquo;agenda.\u00a0\u00bb<\/em><\/p>\n<p><strong>Guy Maindiaux, Pr\u00e9sident Directeur G\u00e9n\u00e9ral du groupe Sarawak\u00a0<\/strong>:<em> \u00ab\u00a0Cette op\u00e9ration nous permet de livrer un service global tout en maintenant la composante locale essentielle \u00e0 la parfaite ex\u00e9cution de notre mission. D&rsquo;autres opportunit\u00e9s europ\u00e9ennes sont \u00e9tudi\u00e9es.\u00a0\u00bb<\/em><\/p>\n<p><strong>Alexandre Foulon, Directeur Associ\u00e9 chez <\/strong><strong>Andera Partners <\/strong>: <em>\u00ab\u00a0La croissance externe faisait partie int\u00e9grante de notre th\u00e8se d\u2019investissement. Cette \u00e9tape structurante d\u00e9montre la pertinence du mod\u00e8le de Sarawak bas\u00e9 sur un positionnement haut-de-gamme, et sa capacit\u00e9 \u00e0 le dupliquer \u00e0 l\u2019international.\u00a0\u00bb<\/em><\/p>\n","protected":false},"excerpt":{"rendered":"<p>Avec le soutien de CABESTAN Capital 2, le fonds small cap d\u2019Andera Partners, Sarawak d\u00e9marre l\u2019ann\u00e9e 2019 par l\u2019acquisition de la soci\u00e9t\u00e9 Think\u00a0and Go, acteur majeur de l\u2019externalisation de la force de vente et de l\u2019activation de marque au B\u00e9n\u00e9lux. &nbsp; Un an et demi apr\u00e8s l\u2019acquisition par Andera Partners, le sp\u00e9cialiste de la force&#8230;<\/p>\n","protected":false},"author":2,"featured_media":2838,"comment_status":"closed","ping_status":"open","sticky":false,"template":"","format":"standard","meta":[],"categories":[81],"class_list":["post-2836","post","type-post","status-publish","format-standard","has-post-thumbnail","hentry","category-cabestan-capital"],"acf":[],"yoast_head":"<!-- This site is optimized with the Yoast SEO plugin v24.1 - https:\/\/yoast.com\/wordpress\/plugins\/seo\/ -->\n<title>Sarawak (Cabestan 2) acquiert son homologue belge Think and Go - ANDERA PARTNERS<\/title>\n<meta name=\"robots\" content=\"index, follow, max-snippet:-1, max-image-preview:large, max-video-preview:-1\" \/>\n<link rel=\"canonical\" href=\"https:\/\/www.anderapartners.com\/fr\/sarawak-cabestan-2-acquiert-son-homologue-belge-think-and-go\/\" \/>\n<meta property=\"og:locale\" content=\"fr_FR\" \/>\n<meta property=\"og:type\" content=\"article\" \/>\n<meta property=\"og:title\" content=\"Sarawak (Cabestan 2) acquiert son homologue belge Think and Go - ANDERA PARTNERS\" \/>\n<meta property=\"og:description\" content=\"Avec le soutien de CABESTAN Capital 2, le fonds small cap d\u2019Andera Partners, Sarawak d\u00e9marre l\u2019ann\u00e9e 2019 par l\u2019acquisition de la soci\u00e9t\u00e9 Think\u00a0and Go, acteur majeur de l\u2019externalisation de la force de vente et de l\u2019activation de marque au B\u00e9n\u00e9lux. &nbsp; Un an et demi apr\u00e8s l\u2019acquisition par Andera Partners, le sp\u00e9cialiste de la force...\" \/>\n<meta property=\"og:url\" content=\"https:\/\/www.anderapartners.com\/fr\/sarawak-cabestan-2-acquiert-son-homologue-belge-think-and-go\/\" \/>\n<meta property=\"og:site_name\" content=\"ANDERA PARTNERS\" \/>\n<meta property=\"article:published_time\" content=\"2019-01-10T17:01:56+00:00\" \/>\n<meta property=\"article:modified_time\" content=\"2020-09-28T11:01:47+00:00\" \/>\n<meta property=\"og:image\" content=\"https:\/\/www.anderapartners.com\/wp-content\/uploads\/2019\/01\/sarawak-think-and-go.png\" \/>\n\t<meta property=\"og:image:width\" content=\"744\" \/>\n\t<meta property=\"og:image:height\" content=\"326\" \/>\n\t<meta property=\"og:image:type\" content=\"image\/png\" \/>\n<meta name=\"author\" content=\"Nicolas Delsert\" \/>\n<meta name=\"twitter:card\" content=\"summary_large_image\" \/>\n<meta name=\"twitter:label1\" content=\"\u00c9crit par\" \/>\n\t<meta name=\"twitter:data1\" content=\"Nicolas Delsert\" \/>\n\t<meta name=\"twitter:label2\" content=\"Dur\u00e9e de lecture estim\u00e9e\" \/>\n\t<meta name=\"twitter:data2\" content=\"2 minutes\" \/>\n<script type=\"application\/ld+json\" class=\"yoast-schema-graph\">{\"@context\":\"https:\/\/schema.org\",\"@graph\":[{\"@type\":\"Article\",\"@id\":\"https:\/\/www.anderapartners.com\/fr\/sarawak-cabestan-2-acquiert-son-homologue-belge-think-and-go\/#article\",\"isPartOf\":{\"@id\":\"https:\/\/www.anderapartners.com\/fr\/sarawak-cabestan-2-acquiert-son-homologue-belge-think-and-go\/\"},\"author\":{\"name\":\"Nicolas Delsert\",\"@id\":\"https:\/\/www.anderapartners.com\/fr\/#\/schema\/person\/dce1d4a32f2d85f191a44527e202942c\"},\"headline\":\"Sarawak (Cabestan 2) acquiert son homologue belge Think and Go\",\"datePublished\":\"2019-01-10T17:01:56+00:00\",\"dateModified\":\"2020-09-28T11:01:47+00:00\",\"mainEntityOfPage\":{\"@id\":\"https:\/\/www.anderapartners.com\/fr\/sarawak-cabestan-2-acquiert-son-homologue-belge-think-and-go\/\"},\"wordCount\":499,\"publisher\":{\"@id\":\"https:\/\/www.anderapartners.com\/fr\/#organization\"},\"image\":{\"@id\":\"https:\/\/www.anderapartners.com\/fr\/sarawak-cabestan-2-acquiert-son-homologue-belge-think-and-go\/#primaryimage\"},\"thumbnailUrl\":\"https:\/\/www.anderapartners.com\/wp-content\/uploads\/2019\/01\/sarawak-think-and-go.png\",\"articleSection\":[\"andera Expansion\/Croissance\"],\"inLanguage\":\"fr-FR\"},{\"@type\":\"WebPage\",\"@id\":\"https:\/\/www.anderapartners.com\/fr\/sarawak-cabestan-2-acquiert-son-homologue-belge-think-and-go\/\",\"url\":\"https:\/\/www.anderapartners.com\/fr\/sarawak-cabestan-2-acquiert-son-homologue-belge-think-and-go\/\",\"name\":\"Sarawak (Cabestan 2) acquiert son homologue belge Think and Go - ANDERA PARTNERS\",\"isPartOf\":{\"@id\":\"https:\/\/www.anderapartners.com\/fr\/#website\"},\"primaryImageOfPage\":{\"@id\":\"https:\/\/www.anderapartners.com\/fr\/sarawak-cabestan-2-acquiert-son-homologue-belge-think-and-go\/#primaryimage\"},\"image\":{\"@id\":\"https:\/\/www.anderapartners.com\/fr\/sarawak-cabestan-2-acquiert-son-homologue-belge-think-and-go\/#primaryimage\"},\"thumbnailUrl\":\"https:\/\/www.anderapartners.com\/wp-content\/uploads\/2019\/01\/sarawak-think-and-go.png\",\"datePublished\":\"2019-01-10T17:01:56+00:00\",\"dateModified\":\"2020-09-28T11:01:47+00:00\",\"breadcrumb\":{\"@id\":\"https:\/\/www.anderapartners.com\/fr\/sarawak-cabestan-2-acquiert-son-homologue-belge-think-and-go\/#breadcrumb\"},\"inLanguage\":\"fr-FR\",\"potentialAction\":[{\"@type\":\"ReadAction\",\"target\":[\"https:\/\/www.anderapartners.com\/fr\/sarawak-cabestan-2-acquiert-son-homologue-belge-think-and-go\/\"]}]},{\"@type\":\"ImageObject\",\"inLanguage\":\"fr-FR\",\"@id\":\"https:\/\/www.anderapartners.com\/fr\/sarawak-cabestan-2-acquiert-son-homologue-belge-think-and-go\/#primaryimage\",\"url\":\"https:\/\/www.anderapartners.com\/wp-content\/uploads\/2019\/01\/sarawak-think-and-go.png\",\"contentUrl\":\"https:\/\/www.anderapartners.com\/wp-content\/uploads\/2019\/01\/sarawak-think-and-go.png\",\"width\":744,\"height\":326},{\"@type\":\"BreadcrumbList\",\"@id\":\"https:\/\/www.anderapartners.com\/fr\/sarawak-cabestan-2-acquiert-son-homologue-belge-think-and-go\/#breadcrumb\",\"itemListElement\":[{\"@type\":\"ListItem\",\"position\":1,\"name\":\"Accueil\",\"item\":\"https:\/\/www.anderapartners.com\/fr\/\"},{\"@type\":\"ListItem\",\"position\":2,\"name\":\"Sarawak (Cabestan 2) acquiert son homologue belge Think and Go\"}]},{\"@type\":\"WebSite\",\"@id\":\"https:\/\/www.anderapartners.com\/fr\/#website\",\"url\":\"https:\/\/www.anderapartners.com\/fr\/\",\"name\":\"ANDERA PARTNERS\",\"description\":\"\",\"publisher\":{\"@id\":\"https:\/\/www.anderapartners.com\/fr\/#organization\"},\"potentialAction\":[{\"@type\":\"SearchAction\",\"target\":{\"@type\":\"EntryPoint\",\"urlTemplate\":\"https:\/\/www.anderapartners.com\/fr\/?s={search_term_string}\"},\"query-input\":{\"@type\":\"PropertyValueSpecification\",\"valueRequired\":true,\"valueName\":\"search_term_string\"}}],\"inLanguage\":\"fr-FR\"},{\"@type\":\"Organization\",\"@id\":\"https:\/\/www.anderapartners.com\/fr\/#organization\",\"name\":\"Andera Partners\",\"url\":\"https:\/\/www.anderapartners.com\/fr\/\",\"logo\":{\"@type\":\"ImageObject\",\"inLanguage\":\"fr-FR\",\"@id\":\"https:\/\/www.anderapartners.com\/fr\/#\/schema\/logo\/image\/\",\"url\":\"https:\/\/www.anderapartners.com\/wp-content\/uploads\/2020\/08\/logo-white.svg\",\"contentUrl\":\"https:\/\/www.anderapartners.com\/wp-content\/uploads\/2020\/08\/logo-white.svg\",\"width\":107,\"height\":44,\"caption\":\"Andera Partners\"},\"image\":{\"@id\":\"https:\/\/www.anderapartners.com\/fr\/#\/schema\/logo\/image\/\"}},{\"@type\":\"Person\",\"@id\":\"https:\/\/www.anderapartners.com\/fr\/#\/schema\/person\/dce1d4a32f2d85f191a44527e202942c\",\"name\":\"Nicolas Delsert\",\"image\":{\"@type\":\"ImageObject\",\"inLanguage\":\"fr-FR\",\"@id\":\"https:\/\/www.anderapartners.com\/fr\/#\/schema\/person\/image\/\",\"url\":\"https:\/\/secure.gravatar.com\/avatar\/fca7b29302058c85588bc6bc3db9bd1e?s=96&d=mm&r=g\",\"contentUrl\":\"https:\/\/secure.gravatar.com\/avatar\/fca7b29302058c85588bc6bc3db9bd1e?s=96&d=mm&r=g\",\"caption\":\"Nicolas Delsert\"}}]}<\/script>\n<!-- \/ Yoast SEO plugin. -->","yoast_head_json":{"title":"Sarawak (Cabestan 2) acquiert son homologue belge Think and Go - ANDERA PARTNERS","robots":{"index":"index","follow":"follow","max-snippet":"max-snippet:-1","max-image-preview":"max-image-preview:large","max-video-preview":"max-video-preview:-1"},"canonical":"https:\/\/www.anderapartners.com\/fr\/sarawak-cabestan-2-acquiert-son-homologue-belge-think-and-go\/","og_locale":"fr_FR","og_type":"article","og_title":"Sarawak (Cabestan 2) acquiert son homologue belge Think and Go - ANDERA PARTNERS","og_description":"Avec le soutien de CABESTAN Capital 2, le fonds small cap d\u2019Andera Partners, Sarawak d\u00e9marre l\u2019ann\u00e9e 2019 par l\u2019acquisition de la soci\u00e9t\u00e9 Think\u00a0and Go, acteur majeur de l\u2019externalisation de la force de vente et de l\u2019activation de marque au B\u00e9n\u00e9lux. &nbsp; Un an et demi apr\u00e8s l\u2019acquisition par Andera Partners, le sp\u00e9cialiste de la force...","og_url":"https:\/\/www.anderapartners.com\/fr\/sarawak-cabestan-2-acquiert-son-homologue-belge-think-and-go\/","og_site_name":"ANDERA PARTNERS","article_published_time":"2019-01-10T17:01:56+00:00","article_modified_time":"2020-09-28T11:01:47+00:00","og_image":[{"width":744,"height":326,"url":"https:\/\/www.anderapartners.com\/wp-content\/uploads\/2019\/01\/sarawak-think-and-go.png","type":"image\/png"}],"author":"Nicolas Delsert","twitter_card":"summary_large_image","twitter_misc":{"\u00c9crit par":"Nicolas Delsert","Dur\u00e9e de lecture estim\u00e9e":"2 minutes"},"schema":{"@context":"https:\/\/schema.org","@graph":[{"@type":"Article","@id":"https:\/\/www.anderapartners.com\/fr\/sarawak-cabestan-2-acquiert-son-homologue-belge-think-and-go\/#article","isPartOf":{"@id":"https:\/\/www.anderapartners.com\/fr\/sarawak-cabestan-2-acquiert-son-homologue-belge-think-and-go\/"},"author":{"name":"Nicolas Delsert","@id":"https:\/\/www.anderapartners.com\/fr\/#\/schema\/person\/dce1d4a32f2d85f191a44527e202942c"},"headline":"Sarawak (Cabestan 2) acquiert son homologue belge Think and Go","datePublished":"2019-01-10T17:01:56+00:00","dateModified":"2020-09-28T11:01:47+00:00","mainEntityOfPage":{"@id":"https:\/\/www.anderapartners.com\/fr\/sarawak-cabestan-2-acquiert-son-homologue-belge-think-and-go\/"},"wordCount":499,"publisher":{"@id":"https:\/\/www.anderapartners.com\/fr\/#organization"},"image":{"@id":"https:\/\/www.anderapartners.com\/fr\/sarawak-cabestan-2-acquiert-son-homologue-belge-think-and-go\/#primaryimage"},"thumbnailUrl":"https:\/\/www.anderapartners.com\/wp-content\/uploads\/2019\/01\/sarawak-think-and-go.png","articleSection":["andera Expansion\/Croissance"],"inLanguage":"fr-FR"},{"@type":"WebPage","@id":"https:\/\/www.anderapartners.com\/fr\/sarawak-cabestan-2-acquiert-son-homologue-belge-think-and-go\/","url":"https:\/\/www.anderapartners.com\/fr\/sarawak-cabestan-2-acquiert-son-homologue-belge-think-and-go\/","name":"Sarawak (Cabestan 2) acquiert son homologue belge Think and Go - ANDERA PARTNERS","isPartOf":{"@id":"https:\/\/www.anderapartners.com\/fr\/#website"},"primaryImageOfPage":{"@id":"https:\/\/www.anderapartners.com\/fr\/sarawak-cabestan-2-acquiert-son-homologue-belge-think-and-go\/#primaryimage"},"image":{"@id":"https:\/\/www.anderapartners.com\/fr\/sarawak-cabestan-2-acquiert-son-homologue-belge-think-and-go\/#primaryimage"},"thumbnailUrl":"https:\/\/www.anderapartners.com\/wp-content\/uploads\/2019\/01\/sarawak-think-and-go.png","datePublished":"2019-01-10T17:01:56+00:00","dateModified":"2020-09-28T11:01:47+00:00","breadcrumb":{"@id":"https:\/\/www.anderapartners.com\/fr\/sarawak-cabestan-2-acquiert-son-homologue-belge-think-and-go\/#breadcrumb"},"inLanguage":"fr-FR","potentialAction":[{"@type":"ReadAction","target":["https:\/\/www.anderapartners.com\/fr\/sarawak-cabestan-2-acquiert-son-homologue-belge-think-and-go\/"]}]},{"@type":"ImageObject","inLanguage":"fr-FR","@id":"https:\/\/www.anderapartners.com\/fr\/sarawak-cabestan-2-acquiert-son-homologue-belge-think-and-go\/#primaryimage","url":"https:\/\/www.anderapartners.com\/wp-content\/uploads\/2019\/01\/sarawak-think-and-go.png","contentUrl":"https:\/\/www.anderapartners.com\/wp-content\/uploads\/2019\/01\/sarawak-think-and-go.png","width":744,"height":326},{"@type":"BreadcrumbList","@id":"https:\/\/www.anderapartners.com\/fr\/sarawak-cabestan-2-acquiert-son-homologue-belge-think-and-go\/#breadcrumb","itemListElement":[{"@type":"ListItem","position":1,"name":"Accueil","item":"https:\/\/www.anderapartners.com\/fr\/"},{"@type":"ListItem","position":2,"name":"Sarawak (Cabestan 2) acquiert son homologue belge Think and Go"}]},{"@type":"WebSite","@id":"https:\/\/www.anderapartners.com\/fr\/#website","url":"https:\/\/www.anderapartners.com\/fr\/","name":"ANDERA PARTNERS","description":"","publisher":{"@id":"https:\/\/www.anderapartners.com\/fr\/#organization"},"potentialAction":[{"@type":"SearchAction","target":{"@type":"EntryPoint","urlTemplate":"https:\/\/www.anderapartners.com\/fr\/?s={search_term_string}"},"query-input":{"@type":"PropertyValueSpecification","valueRequired":true,"valueName":"search_term_string"}}],"inLanguage":"fr-FR"},{"@type":"Organization","@id":"https:\/\/www.anderapartners.com\/fr\/#organization","name":"Andera Partners","url":"https:\/\/www.anderapartners.com\/fr\/","logo":{"@type":"ImageObject","inLanguage":"fr-FR","@id":"https:\/\/www.anderapartners.com\/fr\/#\/schema\/logo\/image\/","url":"https:\/\/www.anderapartners.com\/wp-content\/uploads\/2020\/08\/logo-white.svg","contentUrl":"https:\/\/www.anderapartners.com\/wp-content\/uploads\/2020\/08\/logo-white.svg","width":107,"height":44,"caption":"Andera Partners"},"image":{"@id":"https:\/\/www.anderapartners.com\/fr\/#\/schema\/logo\/image\/"}},{"@type":"Person","@id":"https:\/\/www.anderapartners.com\/fr\/#\/schema\/person\/dce1d4a32f2d85f191a44527e202942c","name":"Nicolas Delsert","image":{"@type":"ImageObject","inLanguage":"fr-FR","@id":"https:\/\/www.anderapartners.com\/fr\/#\/schema\/person\/image\/","url":"https:\/\/secure.gravatar.com\/avatar\/fca7b29302058c85588bc6bc3db9bd1e?s=96&d=mm&r=g","contentUrl":"https:\/\/secure.gravatar.com\/avatar\/fca7b29302058c85588bc6bc3db9bd1e?s=96&d=mm&r=g","caption":"Nicolas Delsert"}}]}},"_links":{"self":[{"href":"https:\/\/www.anderapartners.com\/fr\/wp-json\/wp\/v2\/posts\/2836","targetHints":{"allow":["GET"]}}],"collection":[{"href":"https:\/\/www.anderapartners.com\/fr\/wp-json\/wp\/v2\/posts"}],"about":[{"href":"https:\/\/www.anderapartners.com\/fr\/wp-json\/wp\/v2\/types\/post"}],"author":[{"embeddable":true,"href":"https:\/\/www.anderapartners.com\/fr\/wp-json\/wp\/v2\/users\/2"}],"replies":[{"embeddable":true,"href":"https:\/\/www.anderapartners.com\/fr\/wp-json\/wp\/v2\/comments?post=2836"}],"version-history":[{"count":0,"href":"https:\/\/www.anderapartners.com\/fr\/wp-json\/wp\/v2\/posts\/2836\/revisions"}],"wp:featuredmedia":[{"embeddable":true,"href":"https:\/\/www.anderapartners.com\/fr\/wp-json\/wp\/v2\/media\/2838"}],"wp:attachment":[{"href":"https:\/\/www.anderapartners.com\/fr\/wp-json\/wp\/v2\/media?parent=2836"}],"wp:term":[{"taxonomy":"category","embeddable":true,"href":"https:\/\/www.anderapartners.com\/fr\/wp-json\/wp\/v2\/categories?post=2836"}],"curies":[{"name":"wp","href":"https:\/\/api.w.org\/{rel}","templated":true}]}}