{"id":2695,"date":"2018-11-09T10:47:48","date_gmt":"2018-11-09T09:47:48","guid":{"rendered":"https:\/\/www.anderapartners.com\/?p=2695"},"modified":"2020-09-28T15:19:32","modified_gmt":"2020-09-28T13:19:32","slug":"cabestan-capital-2-au-capital-de-groupe-orest","status":"publish","type":"post","link":"https:\/\/www.anderapartners.com\/fr\/cabestan-capital-2-au-capital-de-groupe-orest\/","title":{"rendered":"Cabestan Capital 2 au capital de Groupe Orest"},"content":{"rendered":"<p><img loading=\"lazy\" decoding=\"async\" class=\"alignnone size-full wp-image-2696\" src=\"https:\/\/www.anderapartners.com\/wp-content\/uploads\/2018\/11\/orest.jpg\" alt=\"\" width=\"545\" height=\"248\" srcset=\"https:\/\/www.anderapartners.com\/wp-content\/uploads\/2018\/11\/orest.jpg 545w, https:\/\/www.anderapartners.com\/wp-content\/uploads\/2018\/11\/orest-285x130.jpg 285w, https:\/\/www.anderapartners.com\/wp-content\/uploads\/2018\/11\/orest-446x203.jpg 446w, https:\/\/www.anderapartners.com\/wp-content\/uploads\/2018\/11\/orest-385x175.jpg 385w\" sizes=\"auto, (max-width: 545px) 100vw, 545px\" \/><\/p>\n<p>&nbsp;<\/p>\n<p><strong>Andera Partners, en partenariat avec Denis De Becker, le management et Bpifrance, acquiert le Groupe Orest, leader fran\u00e7ais de l\u2019alliance et de la joaillerie Access<\/strong><\/p>\n<p><strong>\u00a0<\/strong><\/p>\n<p><strong>Le Groupe Orest entame une nouvelle phase de croissance avec l\u2019entr\u00e9e au capital de CABESTAN Capital 2, le fonds small caps d\u2019Andera Partners, aux c\u00f4t\u00e9s de Bpifrance et de l\u2019\u00e9quipe de direction emmen\u00e9e par son Pr\u00e9sident, Denis De Becker.<\/strong><\/p>\n<p>&nbsp;<\/p>\n<p>Fond\u00e9 en 1963, Orest est un des leaders ind\u00e9pendants europ\u00e9ens dans la cr\u00e9ation et la fabrication de bijoux entr\u00e9e et moyenne gamme. Le Groupe, qui b\u00e9n\u00e9ficie d\u2019un savoir-faire de plus de cinquante-cinq ans et revendique une production\u00a0\u00ab\u00a0Made in France\u00a0\u00bb, s\u2019est historiquement sp\u00e9cialis\u00e9 sur le segment des alliances et du \u00ab bridal \u00bb (diamant sur alliance et solitaire autour de l\u2019univers du mariage). Aujourd\u2019hui l\u2019activit\u00e9 d\u2019Orest, qui r\u00e9alise pr\u00e8s de 50 M\u20ac de chiffre d\u2019affaires, se concentre \u00e0 la fois le d\u00e9veloppement de sa propre marque et la production pour le compte des grandes maisons de luxe.<\/p>\n<p>Gr\u00e2ce \u00e0 une maitrise des m\u00e9tiers \u00e0 la fois industriels (fonderie, usinage, fraisage, etc.) et artisanaux (joaillerie, sertissage, polissage), Orest propose une large gamme de produits\u00a0: des alliances (serties ou non de diamant, en or ou en platine), des bagues, des bracelets et des colliers avec plus de deux mille pi\u00e8ces produites chaque jour.<\/p>\n<p>&nbsp;<\/p>\n<p><strong>Avec l\u2019appui du fonds CABESTAN Capital 2 et Bpifrance, le Groupe a pour ambition de participer activement \u00e0 la consolidation du march\u00e9 europ\u00e9en <\/strong>et d\u2019accroitre sa capacit\u00e9 de cr\u00e9ation, d\u2019innovation et de production.<\/p>\n<p>&nbsp;<\/p>\n<p><strong>Denis De Becker, Pr\u00e9sident du Groupe Orest <\/strong>: <em>\u00ab Nous sommes tr\u00e8s heureux d\u2019accueillir CABESTAN et Bpifrance au capital d\u2019Orest. Cette op\u00e9ration va permettre \u00e0 notre groupe d\u2019acc\u00e9l\u00e9rer son d\u00e9veloppement et nos investissements productifs. Au-del\u00e0 des moyens apport\u00e9s par nos nouveaux investisseurs, nous cherchions une \u00e9quipe exp\u00e9riment\u00e9e, \u00e0 m\u00eame de nous soutenir dans notre r\u00e9flexion strat\u00e9gique, le d\u00e9ploiement international et la recherche de cibles d\u2019acquisition. \u00bb<\/em><\/p>\n<p><strong>\u00a0<\/strong><\/p>\n<p><strong>David Robin, Directeur Associ\u00e9 chez <\/strong><strong>Andera Partners <\/strong>: <em>\u00ab Orest a d\u00e9montr\u00e9 un savoir-faire reconnu par l\u2019ensemble des grands acteurs du luxe europ\u00e9ens. L\u2019\u00e9quipe de direction actuelle a permis au groupe de changer de dimension en devenant le leader fran\u00e7ais de l\u2019alliance et de la joaillerie access. Notre investissement vise \u00e0 renforcer sa capacit\u00e9 financi\u00e8re pour accroitre ses capacit\u00e9s d\u2019innovation et de production.\u00a0\u00bb<\/em><\/p>\n<p><em>\u00a0<\/em><\/p>\n<p><strong>Olivier L\u00e9vy, Directeur Interr\u00e9gional Fonds Propres PME R\u00e9seau Est chez <\/strong><strong>Bpifrance <\/strong>: <em>\u00ab Nous avons \u00e9t\u00e9 rapidement s\u00e9duits par le haut niveau d\u2019expertise d\u2019Orest ainsi que le savoir-faire technique de ses \u00e9quipes. Notre partenariat vise \u00e0 soutenir le management dans les ambitions qu\u2019il porte pour le groupe en mettant \u00e0 sa disposition notre r\u00e9seau d\u2019appui \u00e0 l\u2019international et nos programmes d\u2019accompagnement particuli\u00e8rement adapt\u00e9s \u00e0 la croissance.\u00a0\u00bb<\/em><\/p>\n<p>&nbsp;<\/p>\n<p>Il s\u2019agit du dixi\u00e8me investissement de CABESTAN Capital 2.<\/p>\n","protected":false},"excerpt":{"rendered":"<p>&nbsp; Andera Partners, en partenariat avec Denis De Becker, le management et Bpifrance, acquiert le Groupe Orest, leader fran\u00e7ais de l\u2019alliance et de la joaillerie Access \u00a0 Le Groupe Orest entame une nouvelle phase de croissance avec l\u2019entr\u00e9e au capital de CABESTAN Capital 2, le fonds small caps d\u2019Andera Partners, aux c\u00f4t\u00e9s de Bpifrance et&#8230;<\/p>\n","protected":false},"author":2,"featured_media":2696,"comment_status":"closed","ping_status":"open","sticky":false,"template":"","format":"standard","meta":[],"categories":[81],"class_list":["post-2695","post","type-post","status-publish","format-standard","has-post-thumbnail","hentry","category-cabestan-capital"],"acf":[],"yoast_head":"<!-- This site is optimized with the Yoast SEO plugin v24.1 - https:\/\/yoast.com\/wordpress\/plugins\/seo\/ -->\n<title>Cabestan Capital 2 au capital de Groupe Orest - ANDERA PARTNERS<\/title>\n<meta name=\"robots\" content=\"index, follow, max-snippet:-1, max-image-preview:large, max-video-preview:-1\" \/>\n<link rel=\"canonical\" href=\"https:\/\/www.anderapartners.com\/fr\/cabestan-capital-2-au-capital-de-groupe-orest\/\" \/>\n<meta property=\"og:locale\" content=\"fr_FR\" \/>\n<meta property=\"og:type\" content=\"article\" \/>\n<meta property=\"og:title\" content=\"Cabestan Capital 2 au capital de Groupe Orest - ANDERA PARTNERS\" \/>\n<meta property=\"og:description\" content=\"&nbsp; Andera Partners, en partenariat avec Denis De Becker, le management et Bpifrance, acquiert le Groupe Orest, leader fran\u00e7ais de l\u2019alliance et de la joaillerie Access \u00a0 Le Groupe Orest entame une nouvelle phase de croissance avec l\u2019entr\u00e9e au capital de CABESTAN Capital 2, le fonds small caps d\u2019Andera Partners, aux c\u00f4t\u00e9s de Bpifrance et...\" \/>\n<meta property=\"og:url\" content=\"https:\/\/www.anderapartners.com\/fr\/cabestan-capital-2-au-capital-de-groupe-orest\/\" \/>\n<meta property=\"og:site_name\" content=\"ANDERA PARTNERS\" \/>\n<meta property=\"article:published_time\" content=\"2018-11-09T09:47:48+00:00\" \/>\n<meta property=\"article:modified_time\" content=\"2020-09-28T13:19:32+00:00\" \/>\n<meta property=\"og:image\" content=\"https:\/\/www.anderapartners.com\/wp-content\/uploads\/2018\/11\/orest.jpg\" \/>\n\t<meta property=\"og:image:width\" content=\"545\" \/>\n\t<meta property=\"og:image:height\" content=\"248\" \/>\n\t<meta property=\"og:image:type\" content=\"image\/jpeg\" \/>\n<meta name=\"author\" content=\"Nicolas Delsert\" \/>\n<meta name=\"twitter:card\" content=\"summary_large_image\" \/>\n<meta name=\"twitter:label1\" content=\"\u00c9crit par\" \/>\n\t<meta name=\"twitter:data1\" content=\"Nicolas Delsert\" \/>\n\t<meta name=\"twitter:label2\" content=\"Dur\u00e9e de lecture estim\u00e9e\" \/>\n\t<meta name=\"twitter:data2\" content=\"3 minutes\" \/>\n<script type=\"application\/ld+json\" class=\"yoast-schema-graph\">{\"@context\":\"https:\/\/schema.org\",\"@graph\":[{\"@type\":\"Article\",\"@id\":\"https:\/\/www.anderapartners.com\/fr\/cabestan-capital-2-au-capital-de-groupe-orest\/#article\",\"isPartOf\":{\"@id\":\"https:\/\/www.anderapartners.com\/fr\/cabestan-capital-2-au-capital-de-groupe-orest\/\"},\"author\":{\"name\":\"Nicolas Delsert\",\"@id\":\"https:\/\/www.anderapartners.com\/fr\/#\/schema\/person\/dce1d4a32f2d85f191a44527e202942c\"},\"headline\":\"Cabestan Capital 2 au capital de Groupe Orest\",\"datePublished\":\"2018-11-09T09:47:48+00:00\",\"dateModified\":\"2020-09-28T13:19:32+00:00\",\"mainEntityOfPage\":{\"@id\":\"https:\/\/www.anderapartners.com\/fr\/cabestan-capital-2-au-capital-de-groupe-orest\/\"},\"wordCount\":515,\"publisher\":{\"@id\":\"https:\/\/www.anderapartners.com\/fr\/#organization\"},\"image\":{\"@id\":\"https:\/\/www.anderapartners.com\/fr\/cabestan-capital-2-au-capital-de-groupe-orest\/#primaryimage\"},\"thumbnailUrl\":\"https:\/\/www.anderapartners.com\/wp-content\/uploads\/2018\/11\/orest.jpg\",\"articleSection\":[\"andera Expansion\/Croissance\"],\"inLanguage\":\"fr-FR\"},{\"@type\":\"WebPage\",\"@id\":\"https:\/\/www.anderapartners.com\/fr\/cabestan-capital-2-au-capital-de-groupe-orest\/\",\"url\":\"https:\/\/www.anderapartners.com\/fr\/cabestan-capital-2-au-capital-de-groupe-orest\/\",\"name\":\"Cabestan Capital 2 au capital de Groupe Orest - ANDERA PARTNERS\",\"isPartOf\":{\"@id\":\"https:\/\/www.anderapartners.com\/fr\/#website\"},\"primaryImageOfPage\":{\"@id\":\"https:\/\/www.anderapartners.com\/fr\/cabestan-capital-2-au-capital-de-groupe-orest\/#primaryimage\"},\"image\":{\"@id\":\"https:\/\/www.anderapartners.com\/fr\/cabestan-capital-2-au-capital-de-groupe-orest\/#primaryimage\"},\"thumbnailUrl\":\"https:\/\/www.anderapartners.com\/wp-content\/uploads\/2018\/11\/orest.jpg\",\"datePublished\":\"2018-11-09T09:47:48+00:00\",\"dateModified\":\"2020-09-28T13:19:32+00:00\",\"breadcrumb\":{\"@id\":\"https:\/\/www.anderapartners.com\/fr\/cabestan-capital-2-au-capital-de-groupe-orest\/#breadcrumb\"},\"inLanguage\":\"fr-FR\",\"potentialAction\":[{\"@type\":\"ReadAction\",\"target\":[\"https:\/\/www.anderapartners.com\/fr\/cabestan-capital-2-au-capital-de-groupe-orest\/\"]}]},{\"@type\":\"ImageObject\",\"inLanguage\":\"fr-FR\",\"@id\":\"https:\/\/www.anderapartners.com\/fr\/cabestan-capital-2-au-capital-de-groupe-orest\/#primaryimage\",\"url\":\"https:\/\/www.anderapartners.com\/wp-content\/uploads\/2018\/11\/orest.jpg\",\"contentUrl\":\"https:\/\/www.anderapartners.com\/wp-content\/uploads\/2018\/11\/orest.jpg\",\"width\":545,\"height\":248},{\"@type\":\"BreadcrumbList\",\"@id\":\"https:\/\/www.anderapartners.com\/fr\/cabestan-capital-2-au-capital-de-groupe-orest\/#breadcrumb\",\"itemListElement\":[{\"@type\":\"ListItem\",\"position\":1,\"name\":\"Accueil\",\"item\":\"https:\/\/www.anderapartners.com\/fr\/\"},{\"@type\":\"ListItem\",\"position\":2,\"name\":\"Cabestan Capital 2 au capital de Groupe Orest\"}]},{\"@type\":\"WebSite\",\"@id\":\"https:\/\/www.anderapartners.com\/fr\/#website\",\"url\":\"https:\/\/www.anderapartners.com\/fr\/\",\"name\":\"ANDERA PARTNERS\",\"description\":\"\",\"publisher\":{\"@id\":\"https:\/\/www.anderapartners.com\/fr\/#organization\"},\"potentialAction\":[{\"@type\":\"SearchAction\",\"target\":{\"@type\":\"EntryPoint\",\"urlTemplate\":\"https:\/\/www.anderapartners.com\/fr\/?s={search_term_string}\"},\"query-input\":{\"@type\":\"PropertyValueSpecification\",\"valueRequired\":true,\"valueName\":\"search_term_string\"}}],\"inLanguage\":\"fr-FR\"},{\"@type\":\"Organization\",\"@id\":\"https:\/\/www.anderapartners.com\/fr\/#organization\",\"name\":\"Andera Partners\",\"url\":\"https:\/\/www.anderapartners.com\/fr\/\",\"logo\":{\"@type\":\"ImageObject\",\"inLanguage\":\"fr-FR\",\"@id\":\"https:\/\/www.anderapartners.com\/fr\/#\/schema\/logo\/image\/\",\"url\":\"https:\/\/www.anderapartners.com\/wp-content\/uploads\/2020\/08\/logo-white.svg\",\"contentUrl\":\"https:\/\/www.anderapartners.com\/wp-content\/uploads\/2020\/08\/logo-white.svg\",\"width\":107,\"height\":44,\"caption\":\"Andera Partners\"},\"image\":{\"@id\":\"https:\/\/www.anderapartners.com\/fr\/#\/schema\/logo\/image\/\"}},{\"@type\":\"Person\",\"@id\":\"https:\/\/www.anderapartners.com\/fr\/#\/schema\/person\/dce1d4a32f2d85f191a44527e202942c\",\"name\":\"Nicolas Delsert\",\"image\":{\"@type\":\"ImageObject\",\"inLanguage\":\"fr-FR\",\"@id\":\"https:\/\/www.anderapartners.com\/fr\/#\/schema\/person\/image\/\",\"url\":\"https:\/\/secure.gravatar.com\/avatar\/fca7b29302058c85588bc6bc3db9bd1e?s=96&d=mm&r=g\",\"contentUrl\":\"https:\/\/secure.gravatar.com\/avatar\/fca7b29302058c85588bc6bc3db9bd1e?s=96&d=mm&r=g\",\"caption\":\"Nicolas Delsert\"}}]}<\/script>\n<!-- \/ Yoast SEO plugin. -->","yoast_head_json":{"title":"Cabestan Capital 2 au capital de Groupe Orest - ANDERA PARTNERS","robots":{"index":"index","follow":"follow","max-snippet":"max-snippet:-1","max-image-preview":"max-image-preview:large","max-video-preview":"max-video-preview:-1"},"canonical":"https:\/\/www.anderapartners.com\/fr\/cabestan-capital-2-au-capital-de-groupe-orest\/","og_locale":"fr_FR","og_type":"article","og_title":"Cabestan Capital 2 au capital de Groupe Orest - ANDERA PARTNERS","og_description":"&nbsp; Andera Partners, en partenariat avec Denis De Becker, le management et Bpifrance, acquiert le Groupe Orest, leader fran\u00e7ais de l\u2019alliance et de la joaillerie Access \u00a0 Le Groupe Orest entame une nouvelle phase de croissance avec l\u2019entr\u00e9e au capital de CABESTAN Capital 2, le fonds small caps d\u2019Andera Partners, aux c\u00f4t\u00e9s de Bpifrance et...","og_url":"https:\/\/www.anderapartners.com\/fr\/cabestan-capital-2-au-capital-de-groupe-orest\/","og_site_name":"ANDERA PARTNERS","article_published_time":"2018-11-09T09:47:48+00:00","article_modified_time":"2020-09-28T13:19:32+00:00","og_image":[{"width":545,"height":248,"url":"https:\/\/www.anderapartners.com\/wp-content\/uploads\/2018\/11\/orest.jpg","type":"image\/jpeg"}],"author":"Nicolas Delsert","twitter_card":"summary_large_image","twitter_misc":{"\u00c9crit par":"Nicolas Delsert","Dur\u00e9e de lecture estim\u00e9e":"3 minutes"},"schema":{"@context":"https:\/\/schema.org","@graph":[{"@type":"Article","@id":"https:\/\/www.anderapartners.com\/fr\/cabestan-capital-2-au-capital-de-groupe-orest\/#article","isPartOf":{"@id":"https:\/\/www.anderapartners.com\/fr\/cabestan-capital-2-au-capital-de-groupe-orest\/"},"author":{"name":"Nicolas Delsert","@id":"https:\/\/www.anderapartners.com\/fr\/#\/schema\/person\/dce1d4a32f2d85f191a44527e202942c"},"headline":"Cabestan Capital 2 au capital de Groupe Orest","datePublished":"2018-11-09T09:47:48+00:00","dateModified":"2020-09-28T13:19:32+00:00","mainEntityOfPage":{"@id":"https:\/\/www.anderapartners.com\/fr\/cabestan-capital-2-au-capital-de-groupe-orest\/"},"wordCount":515,"publisher":{"@id":"https:\/\/www.anderapartners.com\/fr\/#organization"},"image":{"@id":"https:\/\/www.anderapartners.com\/fr\/cabestan-capital-2-au-capital-de-groupe-orest\/#primaryimage"},"thumbnailUrl":"https:\/\/www.anderapartners.com\/wp-content\/uploads\/2018\/11\/orest.jpg","articleSection":["andera Expansion\/Croissance"],"inLanguage":"fr-FR"},{"@type":"WebPage","@id":"https:\/\/www.anderapartners.com\/fr\/cabestan-capital-2-au-capital-de-groupe-orest\/","url":"https:\/\/www.anderapartners.com\/fr\/cabestan-capital-2-au-capital-de-groupe-orest\/","name":"Cabestan Capital 2 au capital de Groupe Orest - ANDERA PARTNERS","isPartOf":{"@id":"https:\/\/www.anderapartners.com\/fr\/#website"},"primaryImageOfPage":{"@id":"https:\/\/www.anderapartners.com\/fr\/cabestan-capital-2-au-capital-de-groupe-orest\/#primaryimage"},"image":{"@id":"https:\/\/www.anderapartners.com\/fr\/cabestan-capital-2-au-capital-de-groupe-orest\/#primaryimage"},"thumbnailUrl":"https:\/\/www.anderapartners.com\/wp-content\/uploads\/2018\/11\/orest.jpg","datePublished":"2018-11-09T09:47:48+00:00","dateModified":"2020-09-28T13:19:32+00:00","breadcrumb":{"@id":"https:\/\/www.anderapartners.com\/fr\/cabestan-capital-2-au-capital-de-groupe-orest\/#breadcrumb"},"inLanguage":"fr-FR","potentialAction":[{"@type":"ReadAction","target":["https:\/\/www.anderapartners.com\/fr\/cabestan-capital-2-au-capital-de-groupe-orest\/"]}]},{"@type":"ImageObject","inLanguage":"fr-FR","@id":"https:\/\/www.anderapartners.com\/fr\/cabestan-capital-2-au-capital-de-groupe-orest\/#primaryimage","url":"https:\/\/www.anderapartners.com\/wp-content\/uploads\/2018\/11\/orest.jpg","contentUrl":"https:\/\/www.anderapartners.com\/wp-content\/uploads\/2018\/11\/orest.jpg","width":545,"height":248},{"@type":"BreadcrumbList","@id":"https:\/\/www.anderapartners.com\/fr\/cabestan-capital-2-au-capital-de-groupe-orest\/#breadcrumb","itemListElement":[{"@type":"ListItem","position":1,"name":"Accueil","item":"https:\/\/www.anderapartners.com\/fr\/"},{"@type":"ListItem","position":2,"name":"Cabestan Capital 2 au capital de Groupe Orest"}]},{"@type":"WebSite","@id":"https:\/\/www.anderapartners.com\/fr\/#website","url":"https:\/\/www.anderapartners.com\/fr\/","name":"ANDERA PARTNERS","description":"","publisher":{"@id":"https:\/\/www.anderapartners.com\/fr\/#organization"},"potentialAction":[{"@type":"SearchAction","target":{"@type":"EntryPoint","urlTemplate":"https:\/\/www.anderapartners.com\/fr\/?s={search_term_string}"},"query-input":{"@type":"PropertyValueSpecification","valueRequired":true,"valueName":"search_term_string"}}],"inLanguage":"fr-FR"},{"@type":"Organization","@id":"https:\/\/www.anderapartners.com\/fr\/#organization","name":"Andera Partners","url":"https:\/\/www.anderapartners.com\/fr\/","logo":{"@type":"ImageObject","inLanguage":"fr-FR","@id":"https:\/\/www.anderapartners.com\/fr\/#\/schema\/logo\/image\/","url":"https:\/\/www.anderapartners.com\/wp-content\/uploads\/2020\/08\/logo-white.svg","contentUrl":"https:\/\/www.anderapartners.com\/wp-content\/uploads\/2020\/08\/logo-white.svg","width":107,"height":44,"caption":"Andera Partners"},"image":{"@id":"https:\/\/www.anderapartners.com\/fr\/#\/schema\/logo\/image\/"}},{"@type":"Person","@id":"https:\/\/www.anderapartners.com\/fr\/#\/schema\/person\/dce1d4a32f2d85f191a44527e202942c","name":"Nicolas Delsert","image":{"@type":"ImageObject","inLanguage":"fr-FR","@id":"https:\/\/www.anderapartners.com\/fr\/#\/schema\/person\/image\/","url":"https:\/\/secure.gravatar.com\/avatar\/fca7b29302058c85588bc6bc3db9bd1e?s=96&d=mm&r=g","contentUrl":"https:\/\/secure.gravatar.com\/avatar\/fca7b29302058c85588bc6bc3db9bd1e?s=96&d=mm&r=g","caption":"Nicolas Delsert"}}]}},"_links":{"self":[{"href":"https:\/\/www.anderapartners.com\/fr\/wp-json\/wp\/v2\/posts\/2695","targetHints":{"allow":["GET"]}}],"collection":[{"href":"https:\/\/www.anderapartners.com\/fr\/wp-json\/wp\/v2\/posts"}],"about":[{"href":"https:\/\/www.anderapartners.com\/fr\/wp-json\/wp\/v2\/types\/post"}],"author":[{"embeddable":true,"href":"https:\/\/www.anderapartners.com\/fr\/wp-json\/wp\/v2\/users\/2"}],"replies":[{"embeddable":true,"href":"https:\/\/www.anderapartners.com\/fr\/wp-json\/wp\/v2\/comments?post=2695"}],"version-history":[{"count":0,"href":"https:\/\/www.anderapartners.com\/fr\/wp-json\/wp\/v2\/posts\/2695\/revisions"}],"wp:featuredmedia":[{"embeddable":true,"href":"https:\/\/www.anderapartners.com\/fr\/wp-json\/wp\/v2\/media\/2696"}],"wp:attachment":[{"href":"https:\/\/www.anderapartners.com\/fr\/wp-json\/wp\/v2\/media?parent=2695"}],"wp:term":[{"taxonomy":"category","embeddable":true,"href":"https:\/\/www.anderapartners.com\/fr\/wp-json\/wp\/v2\/categories?post=2695"}],"curies":[{"name":"wp","href":"https:\/\/api.w.org\/{rel}","templated":true}]}}