{"id":2494,"date":"2018-07-05T18:05:47","date_gmt":"2018-07-05T16:05:47","guid":{"rendered":"https:\/\/www.anderapartners.com\/?p=2494"},"modified":"2020-09-28T15:52:11","modified_gmt":"2020-09-28T13:52:11","slug":"andera-partners-cede-sa-participation-au-capital-du-groupe-marietton-havas-voyages","status":"publish","type":"post","link":"https:\/\/www.anderapartners.com\/fr\/andera-partners-cede-sa-participation-au-capital-du-groupe-marietton-havas-voyages\/","title":{"rendered":"Andera Partners c\u00e8de sa participation au capital du Groupe Marietton-Havas Voyages"},"content":{"rendered":"<p><img loading=\"lazy\" decoding=\"async\" class=\"alignnone size-full wp-image-2495\" src=\"https:\/\/www.anderapartners.com\/wp-content\/uploads\/2018\/07\/Marietton-Logo@2x-100.jpg\" alt=\"\" width=\"2048\" height=\"1024\" srcset=\"https:\/\/www.anderapartners.com\/wp-content\/uploads\/2018\/07\/Marietton-Logo@2x-100.jpg 2048w, https:\/\/www.anderapartners.com\/wp-content\/uploads\/2018\/07\/Marietton-Logo@2x-100-768x384.jpg 768w, https:\/\/www.anderapartners.com\/wp-content\/uploads\/2018\/07\/Marietton-Logo@2x-100-1536x768.jpg 1536w, https:\/\/www.anderapartners.com\/wp-content\/uploads\/2018\/07\/Marietton-Logo@2x-100-285x143.jpg 285w, https:\/\/www.anderapartners.com\/wp-content\/uploads\/2018\/07\/Marietton-Logo@2x-100-446x223.jpg 446w, https:\/\/www.anderapartners.com\/wp-content\/uploads\/2018\/07\/Marietton-Logo@2x-100-385x193.jpg 385w\" sizes=\"auto, (max-width: 2048px) 100vw, 2048px\" \/><\/p>\n<p><strong>CABESTAN Capital, l\u2019\u00e9quipe small caps d\u2019Andera Partners, Siparex et Carvest c\u00e8dent leur participation \u00e0 de nouveaux investisseurs men\u00e9s par Certares, fonds d\u2019investissement am\u00e9ricain sp\u00e9cialiste du tourisme. La famille Abitbol et l\u2019\u00e9quipe de management restent associ\u00e9s au d\u00e9veloppement du Groupe.<\/strong><\/p>\n<p>Paris, le 3 juillet 2018<\/p>\n<p>Cr\u00e9\u00e9 \u00e0 Lyon en 1968 par la famille Abitbol, le groupe Marietton est un acteur de premier plan de la production et distribution de voyages en France. Lors de l\u2019entr\u00e9e de CABESTAN Capital en 2012, le groupe Marietton \u00e9tait un r\u00e9seau d\u2019agences et tour op\u00e9rateur r\u00e9gional, fortement d\u00e9pendant de certaines destinations. En poursuivant une strat\u00e9gie cibl\u00e9e de croissance externe, avec 10 acquisitions men\u00e9es ces 6 derni\u00e8res ann\u00e9es, le groupe s\u2019est hiss\u00e9 au rang de plateforme leader de la distribution ind\u00e9pendante en France. Les acquisitions ont \u00e9t\u00e9 accompagn\u00e9es du lancement de nouvelles destinations de l\u2019activit\u00e9 Tour Op\u00e9rateur, de la construction d\u2019une offre Clubs, et par un fort investissement dans les syst\u00e8mes d\u2019information, permettant de r\u00e9pondre aux changements des modes de consommation des secteurs du tourisme et du voyage d\u2019affaires. Avec 1,3 Md\u20ac de volume d\u2019affaires et 462 agences, le groupe Marietton se positionne aujourd\u2019hui comme principal consolidateur de son march\u00e9.<\/p>\n<p>Fin 2015, CABESTAN Capital avait particip\u00e9 au renforcement des fonds propres du Groupe afin de financer l\u2019acquisition d\u2019Havas Voyages, particuli\u00e8rement transformante.<\/p>\n<p>&nbsp;<\/p>\n<p>Certares prend une position minoritaire, avec 49% du capital, aux c\u00f4t\u00e9s de Bpifrance et Africinvest, ainsi que la famille Abitbol et de nombreux cadres du groupe. L\u2019op\u00e9ration permet \u00e0 CABESTAN Capital de concr\u00e9tiser une sortie financi\u00e8re tr\u00e8s satisfaisante.<\/p>\n<p>&nbsp;<\/p>\n<p><strong>Alexandre Foulon, Directeur Associ\u00e9 chez <\/strong><strong>Andera Partners <\/strong>: <em>\u00ab Le groupe a totalement chang\u00e9 de dimension durant les six ann\u00e9es de notre investissement, qui ont \u00e9t\u00e9 marqu\u00e9es par une tr\u00e8s forte croissance de l\u2019activit\u00e9 et des effectifs. Le groupe Marietton a d\u00e9montr\u00e9 une r\u00e9elle capacit\u00e9 \u00e0 int\u00e9grer des r\u00e9seaux compl\u00e9mentaires par croissance externe, mais \u00e9galement\u00a0 une agilit\u00e9 certaine dans un secteur travers\u00e9 par de profondes mutations. \u00bb<\/em><\/p>\n<p><strong>\u00a0<\/strong><\/p>\n<p><strong>Laurent Abitbol, Pr\u00e9sident <\/strong>: <em>\u00ab\u00a0Je remercie l\u2019\u00e9quipe Cabestan Capital, qui m\u2019a soutenu dans la strat\u00e9gie tr\u00e8s ambitieuse de croissance externe que nous avons men\u00e9e, et dans la structuration n\u00e9cessaire \u00e0 la poursuite de cette strat\u00e9gie. Ces acquisitions ont permis un r\u00e9el changement d\u2019\u00e9chelle de notre Groupe. \u00bb<\/em><\/p>\n<p>&nbsp;<\/p>\n<p>Il s\u2019agit de la 7<sup>\u00e8me<\/sup> cession de CABESTAN Capital.<\/p>\n<p>&nbsp;<\/p>\n<p>&nbsp;<\/p>\n<p>&nbsp;<\/p>\n<p><strong>Intervenants<\/strong><\/p>\n<p><strong><em>C\u00e9dants :<\/em><\/strong><\/p>\n<p><em>Andera Partners : <\/em><em>Alexandre FOULON, Pierre CAVALIER<\/em><\/p>\n<p><em>Siparex : Pierre BORDEAUX MONTRIEUX, Augustin de JERPHANION, Guillaume REBAUDET<\/em><\/p>\n<p><em>Carvest : Nicolas RAVACHOL<\/em><\/p>\n<p><em>Avocat c\u00e9dants : Dentons (Pascal CHADENET, Alexis CARLEVAN) <\/em><\/p>\n<p><em>Banque d\u2019affaires : DC Advisory (David BENIN, St\u00e9phane BENOUAICH, Xavier SOUVRAS)<\/em><\/p>\n<p><em>VDD Strat\u00e9gique : Rolland Berger (S\u00e9bastien MANCEAU)<\/em><\/p>\n<p><em>VDD Financi\u00e8re : Eight Advisory (Xavier MESGUISH, Maxime GOERENS)<\/em><\/p>\n<p><strong><em>\u00a0<\/em><\/strong><\/p>\n<p><strong><em>Acqu\u00e9reurs : <\/em><\/strong><\/p>\n<p><em>Certares (JD O\u2019HARA, Henry BRIANCE), Bpifrance (Serge MESGUICH, Jessica BARB\u00c9, Lionel GIAI), Africinvest (Aziz MEBAREK, Khaled BENJENNET, St\u00e9phane COLIN)<\/em><\/p>\n<p><em>Avocats investisseurs : Dechert (Fran\u00e7ois HELLOT, Laurent KOCIMSKI)<\/em><\/p>\n<p><em>Audits: EY (Gilles MARCHADIER)<\/em><\/p>\n<p><em>Conseil Management : AMI Capital (Bertrand ROBERT, Cyrille LECLERC)<\/em><\/p>\n<p><em>Financement : Cr\u00e9dit Agricole (Raphael PERRET, Claire DEMONGEOT, Julien CAPOBIANCO), LCL (Am\u00e9lie GUILLON, Emilie BOSSELUT, Etienne DEFOURS)<\/em><\/p>\n","protected":false},"excerpt":{"rendered":"<p>CABESTAN Capital, l\u2019\u00e9quipe small caps d\u2019Andera Partners, Siparex et Carvest c\u00e8dent leur participation \u00e0 de nouveaux investisseurs men\u00e9s par Certares, fonds d\u2019investissement am\u00e9ricain sp\u00e9cialiste du tourisme. La famille Abitbol et l\u2019\u00e9quipe de management restent associ\u00e9s au d\u00e9veloppement du Groupe. Paris, le 3 juillet 2018 Cr\u00e9\u00e9 \u00e0 Lyon en 1968 par la famille Abitbol, le groupe&#8230;<\/p>\n","protected":false},"author":5,"featured_media":2495,"comment_status":"closed","ping_status":"open","sticky":false,"template":"","format":"standard","meta":[],"categories":[81],"class_list":["post-2494","post","type-post","status-publish","format-standard","has-post-thumbnail","hentry","category-cabestan-capital"],"acf":[],"yoast_head":"<!-- This site is optimized with the Yoast SEO plugin v24.1 - https:\/\/yoast.com\/wordpress\/plugins\/seo\/ -->\n<title>Andera Partners c\u00e8de sa participation au capital du Groupe Marietton-Havas Voyages - ANDERA PARTNERS<\/title>\n<meta name=\"robots\" content=\"index, follow, max-snippet:-1, max-image-preview:large, max-video-preview:-1\" \/>\n<link rel=\"canonical\" href=\"https:\/\/www.anderapartners.com\/fr\/andera-partners-cede-sa-participation-au-capital-du-groupe-marietton-havas-voyages\/\" \/>\n<meta property=\"og:locale\" content=\"fr_FR\" \/>\n<meta property=\"og:type\" content=\"article\" \/>\n<meta property=\"og:title\" content=\"Andera Partners c\u00e8de sa participation au capital du Groupe Marietton-Havas Voyages - ANDERA PARTNERS\" \/>\n<meta property=\"og:description\" content=\"CABESTAN Capital, l\u2019\u00e9quipe small caps d\u2019Andera Partners, Siparex et Carvest c\u00e8dent leur participation \u00e0 de nouveaux investisseurs men\u00e9s par Certares, fonds d\u2019investissement am\u00e9ricain sp\u00e9cialiste du tourisme. La famille Abitbol et l\u2019\u00e9quipe de management restent associ\u00e9s au d\u00e9veloppement du Groupe. Paris, le 3 juillet 2018 Cr\u00e9\u00e9 \u00e0 Lyon en 1968 par la famille Abitbol, le groupe...\" \/>\n<meta property=\"og:url\" content=\"https:\/\/www.anderapartners.com\/fr\/andera-partners-cede-sa-participation-au-capital-du-groupe-marietton-havas-voyages\/\" \/>\n<meta property=\"og:site_name\" content=\"ANDERA PARTNERS\" \/>\n<meta property=\"article:published_time\" content=\"2018-07-05T16:05:47+00:00\" \/>\n<meta property=\"article:modified_time\" content=\"2020-09-28T13:52:11+00:00\" \/>\n<meta property=\"og:image\" content=\"https:\/\/www.anderapartners.com\/wp-content\/uploads\/2018\/07\/Marietton-Logo@2x-100.jpg\" \/>\n\t<meta property=\"og:image:width\" content=\"2048\" \/>\n\t<meta property=\"og:image:height\" content=\"1024\" \/>\n\t<meta property=\"og:image:type\" content=\"image\/jpeg\" \/>\n<meta name=\"author\" content=\"Stagiaire Communication\" \/>\n<meta name=\"twitter:card\" content=\"summary_large_image\" \/>\n<meta name=\"twitter:label1\" content=\"\u00c9crit par\" \/>\n\t<meta name=\"twitter:data1\" content=\"Stagiaire Communication\" \/>\n\t<meta name=\"twitter:label2\" content=\"Dur\u00e9e de lecture estim\u00e9e\" \/>\n\t<meta name=\"twitter:data2\" content=\"3 minutes\" \/>\n<script type=\"application\/ld+json\" class=\"yoast-schema-graph\">{\"@context\":\"https:\/\/schema.org\",\"@graph\":[{\"@type\":\"Article\",\"@id\":\"https:\/\/www.anderapartners.com\/fr\/andera-partners-cede-sa-participation-au-capital-du-groupe-marietton-havas-voyages\/#article\",\"isPartOf\":{\"@id\":\"https:\/\/www.anderapartners.com\/fr\/andera-partners-cede-sa-participation-au-capital-du-groupe-marietton-havas-voyages\/\"},\"author\":{\"name\":\"Stagiaire Communication\",\"@id\":\"https:\/\/www.anderapartners.com\/fr\/#\/schema\/person\/c00e4b2e37dad5476a07678494c723e8\"},\"headline\":\"Andera Partners c\u00e8de sa participation au capital du Groupe Marietton-Havas Voyages\",\"datePublished\":\"2018-07-05T16:05:47+00:00\",\"dateModified\":\"2020-09-28T13:52:11+00:00\",\"mainEntityOfPage\":{\"@id\":\"https:\/\/www.anderapartners.com\/fr\/andera-partners-cede-sa-participation-au-capital-du-groupe-marietton-havas-voyages\/\"},\"wordCount\":556,\"publisher\":{\"@id\":\"https:\/\/www.anderapartners.com\/fr\/#organization\"},\"image\":{\"@id\":\"https:\/\/www.anderapartners.com\/fr\/andera-partners-cede-sa-participation-au-capital-du-groupe-marietton-havas-voyages\/#primaryimage\"},\"thumbnailUrl\":\"https:\/\/www.anderapartners.com\/wp-content\/uploads\/2018\/07\/Marietton-Logo@2x-100.jpg\",\"articleSection\":[\"andera Expansion\/Croissance\"],\"inLanguage\":\"fr-FR\"},{\"@type\":\"WebPage\",\"@id\":\"https:\/\/www.anderapartners.com\/fr\/andera-partners-cede-sa-participation-au-capital-du-groupe-marietton-havas-voyages\/\",\"url\":\"https:\/\/www.anderapartners.com\/fr\/andera-partners-cede-sa-participation-au-capital-du-groupe-marietton-havas-voyages\/\",\"name\":\"Andera Partners c\u00e8de sa participation au capital du Groupe Marietton-Havas Voyages - ANDERA PARTNERS\",\"isPartOf\":{\"@id\":\"https:\/\/www.anderapartners.com\/fr\/#website\"},\"primaryImageOfPage\":{\"@id\":\"https:\/\/www.anderapartners.com\/fr\/andera-partners-cede-sa-participation-au-capital-du-groupe-marietton-havas-voyages\/#primaryimage\"},\"image\":{\"@id\":\"https:\/\/www.anderapartners.com\/fr\/andera-partners-cede-sa-participation-au-capital-du-groupe-marietton-havas-voyages\/#primaryimage\"},\"thumbnailUrl\":\"https:\/\/www.anderapartners.com\/wp-content\/uploads\/2018\/07\/Marietton-Logo@2x-100.jpg\",\"datePublished\":\"2018-07-05T16:05:47+00:00\",\"dateModified\":\"2020-09-28T13:52:11+00:00\",\"breadcrumb\":{\"@id\":\"https:\/\/www.anderapartners.com\/fr\/andera-partners-cede-sa-participation-au-capital-du-groupe-marietton-havas-voyages\/#breadcrumb\"},\"inLanguage\":\"fr-FR\",\"potentialAction\":[{\"@type\":\"ReadAction\",\"target\":[\"https:\/\/www.anderapartners.com\/fr\/andera-partners-cede-sa-participation-au-capital-du-groupe-marietton-havas-voyages\/\"]}]},{\"@type\":\"ImageObject\",\"inLanguage\":\"fr-FR\",\"@id\":\"https:\/\/www.anderapartners.com\/fr\/andera-partners-cede-sa-participation-au-capital-du-groupe-marietton-havas-voyages\/#primaryimage\",\"url\":\"https:\/\/www.anderapartners.com\/wp-content\/uploads\/2018\/07\/Marietton-Logo@2x-100.jpg\",\"contentUrl\":\"https:\/\/www.anderapartners.com\/wp-content\/uploads\/2018\/07\/Marietton-Logo@2x-100.jpg\",\"width\":2048,\"height\":1024},{\"@type\":\"BreadcrumbList\",\"@id\":\"https:\/\/www.anderapartners.com\/fr\/andera-partners-cede-sa-participation-au-capital-du-groupe-marietton-havas-voyages\/#breadcrumb\",\"itemListElement\":[{\"@type\":\"ListItem\",\"position\":1,\"name\":\"Accueil\",\"item\":\"https:\/\/www.anderapartners.com\/fr\/\"},{\"@type\":\"ListItem\",\"position\":2,\"name\":\"Andera Partners c\u00e8de sa participation au capital du Groupe Marietton-Havas Voyages\"}]},{\"@type\":\"WebSite\",\"@id\":\"https:\/\/www.anderapartners.com\/fr\/#website\",\"url\":\"https:\/\/www.anderapartners.com\/fr\/\",\"name\":\"ANDERA PARTNERS\",\"description\":\"\",\"publisher\":{\"@id\":\"https:\/\/www.anderapartners.com\/fr\/#organization\"},\"potentialAction\":[{\"@type\":\"SearchAction\",\"target\":{\"@type\":\"EntryPoint\",\"urlTemplate\":\"https:\/\/www.anderapartners.com\/fr\/?s={search_term_string}\"},\"query-input\":{\"@type\":\"PropertyValueSpecification\",\"valueRequired\":true,\"valueName\":\"search_term_string\"}}],\"inLanguage\":\"fr-FR\"},{\"@type\":\"Organization\",\"@id\":\"https:\/\/www.anderapartners.com\/fr\/#organization\",\"name\":\"Andera Partners\",\"url\":\"https:\/\/www.anderapartners.com\/fr\/\",\"logo\":{\"@type\":\"ImageObject\",\"inLanguage\":\"fr-FR\",\"@id\":\"https:\/\/www.anderapartners.com\/fr\/#\/schema\/logo\/image\/\",\"url\":\"https:\/\/www.anderapartners.com\/wp-content\/uploads\/2020\/08\/logo-white.svg\",\"contentUrl\":\"https:\/\/www.anderapartners.com\/wp-content\/uploads\/2020\/08\/logo-white.svg\",\"width\":107,\"height\":44,\"caption\":\"Andera Partners\"},\"image\":{\"@id\":\"https:\/\/www.anderapartners.com\/fr\/#\/schema\/logo\/image\/\"}},{\"@type\":\"Person\",\"@id\":\"https:\/\/www.anderapartners.com\/fr\/#\/schema\/person\/c00e4b2e37dad5476a07678494c723e8\",\"name\":\"Stagiaire Communication\",\"image\":{\"@type\":\"ImageObject\",\"inLanguage\":\"fr-FR\",\"@id\":\"https:\/\/www.anderapartners.com\/fr\/#\/schema\/person\/image\/\",\"url\":\"https:\/\/secure.gravatar.com\/avatar\/b8fc49c2885cc8bd47fc12d37bdc253b?s=96&d=mm&r=g\",\"contentUrl\":\"https:\/\/secure.gravatar.com\/avatar\/b8fc49c2885cc8bd47fc12d37bdc253b?s=96&d=mm&r=g\",\"caption\":\"Stagiaire Communication\"}}]}<\/script>\n<!-- \/ Yoast SEO plugin. -->","yoast_head_json":{"title":"Andera Partners c\u00e8de sa participation au capital du Groupe Marietton-Havas Voyages - ANDERA PARTNERS","robots":{"index":"index","follow":"follow","max-snippet":"max-snippet:-1","max-image-preview":"max-image-preview:large","max-video-preview":"max-video-preview:-1"},"canonical":"https:\/\/www.anderapartners.com\/fr\/andera-partners-cede-sa-participation-au-capital-du-groupe-marietton-havas-voyages\/","og_locale":"fr_FR","og_type":"article","og_title":"Andera Partners c\u00e8de sa participation au capital du Groupe Marietton-Havas Voyages - ANDERA PARTNERS","og_description":"CABESTAN Capital, l\u2019\u00e9quipe small caps d\u2019Andera Partners, Siparex et Carvest c\u00e8dent leur participation \u00e0 de nouveaux investisseurs men\u00e9s par Certares, fonds d\u2019investissement am\u00e9ricain sp\u00e9cialiste du tourisme. La famille Abitbol et l\u2019\u00e9quipe de management restent associ\u00e9s au d\u00e9veloppement du Groupe. Paris, le 3 juillet 2018 Cr\u00e9\u00e9 \u00e0 Lyon en 1968 par la famille Abitbol, le groupe...","og_url":"https:\/\/www.anderapartners.com\/fr\/andera-partners-cede-sa-participation-au-capital-du-groupe-marietton-havas-voyages\/","og_site_name":"ANDERA PARTNERS","article_published_time":"2018-07-05T16:05:47+00:00","article_modified_time":"2020-09-28T13:52:11+00:00","og_image":[{"width":2048,"height":1024,"url":"https:\/\/www.anderapartners.com\/wp-content\/uploads\/2018\/07\/Marietton-Logo@2x-100.jpg","type":"image\/jpeg"}],"author":"Stagiaire Communication","twitter_card":"summary_large_image","twitter_misc":{"\u00c9crit par":"Stagiaire Communication","Dur\u00e9e de lecture estim\u00e9e":"3 minutes"},"schema":{"@context":"https:\/\/schema.org","@graph":[{"@type":"Article","@id":"https:\/\/www.anderapartners.com\/fr\/andera-partners-cede-sa-participation-au-capital-du-groupe-marietton-havas-voyages\/#article","isPartOf":{"@id":"https:\/\/www.anderapartners.com\/fr\/andera-partners-cede-sa-participation-au-capital-du-groupe-marietton-havas-voyages\/"},"author":{"name":"Stagiaire Communication","@id":"https:\/\/www.anderapartners.com\/fr\/#\/schema\/person\/c00e4b2e37dad5476a07678494c723e8"},"headline":"Andera Partners c\u00e8de sa participation au capital du Groupe Marietton-Havas Voyages","datePublished":"2018-07-05T16:05:47+00:00","dateModified":"2020-09-28T13:52:11+00:00","mainEntityOfPage":{"@id":"https:\/\/www.anderapartners.com\/fr\/andera-partners-cede-sa-participation-au-capital-du-groupe-marietton-havas-voyages\/"},"wordCount":556,"publisher":{"@id":"https:\/\/www.anderapartners.com\/fr\/#organization"},"image":{"@id":"https:\/\/www.anderapartners.com\/fr\/andera-partners-cede-sa-participation-au-capital-du-groupe-marietton-havas-voyages\/#primaryimage"},"thumbnailUrl":"https:\/\/www.anderapartners.com\/wp-content\/uploads\/2018\/07\/Marietton-Logo@2x-100.jpg","articleSection":["andera Expansion\/Croissance"],"inLanguage":"fr-FR"},{"@type":"WebPage","@id":"https:\/\/www.anderapartners.com\/fr\/andera-partners-cede-sa-participation-au-capital-du-groupe-marietton-havas-voyages\/","url":"https:\/\/www.anderapartners.com\/fr\/andera-partners-cede-sa-participation-au-capital-du-groupe-marietton-havas-voyages\/","name":"Andera Partners c\u00e8de sa participation au capital du Groupe Marietton-Havas Voyages - ANDERA PARTNERS","isPartOf":{"@id":"https:\/\/www.anderapartners.com\/fr\/#website"},"primaryImageOfPage":{"@id":"https:\/\/www.anderapartners.com\/fr\/andera-partners-cede-sa-participation-au-capital-du-groupe-marietton-havas-voyages\/#primaryimage"},"image":{"@id":"https:\/\/www.anderapartners.com\/fr\/andera-partners-cede-sa-participation-au-capital-du-groupe-marietton-havas-voyages\/#primaryimage"},"thumbnailUrl":"https:\/\/www.anderapartners.com\/wp-content\/uploads\/2018\/07\/Marietton-Logo@2x-100.jpg","datePublished":"2018-07-05T16:05:47+00:00","dateModified":"2020-09-28T13:52:11+00:00","breadcrumb":{"@id":"https:\/\/www.anderapartners.com\/fr\/andera-partners-cede-sa-participation-au-capital-du-groupe-marietton-havas-voyages\/#breadcrumb"},"inLanguage":"fr-FR","potentialAction":[{"@type":"ReadAction","target":["https:\/\/www.anderapartners.com\/fr\/andera-partners-cede-sa-participation-au-capital-du-groupe-marietton-havas-voyages\/"]}]},{"@type":"ImageObject","inLanguage":"fr-FR","@id":"https:\/\/www.anderapartners.com\/fr\/andera-partners-cede-sa-participation-au-capital-du-groupe-marietton-havas-voyages\/#primaryimage","url":"https:\/\/www.anderapartners.com\/wp-content\/uploads\/2018\/07\/Marietton-Logo@2x-100.jpg","contentUrl":"https:\/\/www.anderapartners.com\/wp-content\/uploads\/2018\/07\/Marietton-Logo@2x-100.jpg","width":2048,"height":1024},{"@type":"BreadcrumbList","@id":"https:\/\/www.anderapartners.com\/fr\/andera-partners-cede-sa-participation-au-capital-du-groupe-marietton-havas-voyages\/#breadcrumb","itemListElement":[{"@type":"ListItem","position":1,"name":"Accueil","item":"https:\/\/www.anderapartners.com\/fr\/"},{"@type":"ListItem","position":2,"name":"Andera Partners c\u00e8de sa participation au capital du Groupe Marietton-Havas Voyages"}]},{"@type":"WebSite","@id":"https:\/\/www.anderapartners.com\/fr\/#website","url":"https:\/\/www.anderapartners.com\/fr\/","name":"ANDERA PARTNERS","description":"","publisher":{"@id":"https:\/\/www.anderapartners.com\/fr\/#organization"},"potentialAction":[{"@type":"SearchAction","target":{"@type":"EntryPoint","urlTemplate":"https:\/\/www.anderapartners.com\/fr\/?s={search_term_string}"},"query-input":{"@type":"PropertyValueSpecification","valueRequired":true,"valueName":"search_term_string"}}],"inLanguage":"fr-FR"},{"@type":"Organization","@id":"https:\/\/www.anderapartners.com\/fr\/#organization","name":"Andera Partners","url":"https:\/\/www.anderapartners.com\/fr\/","logo":{"@type":"ImageObject","inLanguage":"fr-FR","@id":"https:\/\/www.anderapartners.com\/fr\/#\/schema\/logo\/image\/","url":"https:\/\/www.anderapartners.com\/wp-content\/uploads\/2020\/08\/logo-white.svg","contentUrl":"https:\/\/www.anderapartners.com\/wp-content\/uploads\/2020\/08\/logo-white.svg","width":107,"height":44,"caption":"Andera Partners"},"image":{"@id":"https:\/\/www.anderapartners.com\/fr\/#\/schema\/logo\/image\/"}},{"@type":"Person","@id":"https:\/\/www.anderapartners.com\/fr\/#\/schema\/person\/c00e4b2e37dad5476a07678494c723e8","name":"Stagiaire Communication","image":{"@type":"ImageObject","inLanguage":"fr-FR","@id":"https:\/\/www.anderapartners.com\/fr\/#\/schema\/person\/image\/","url":"https:\/\/secure.gravatar.com\/avatar\/b8fc49c2885cc8bd47fc12d37bdc253b?s=96&d=mm&r=g","contentUrl":"https:\/\/secure.gravatar.com\/avatar\/b8fc49c2885cc8bd47fc12d37bdc253b?s=96&d=mm&r=g","caption":"Stagiaire Communication"}}]}},"_links":{"self":[{"href":"https:\/\/www.anderapartners.com\/fr\/wp-json\/wp\/v2\/posts\/2494","targetHints":{"allow":["GET"]}}],"collection":[{"href":"https:\/\/www.anderapartners.com\/fr\/wp-json\/wp\/v2\/posts"}],"about":[{"href":"https:\/\/www.anderapartners.com\/fr\/wp-json\/wp\/v2\/types\/post"}],"author":[{"embeddable":true,"href":"https:\/\/www.anderapartners.com\/fr\/wp-json\/wp\/v2\/users\/5"}],"replies":[{"embeddable":true,"href":"https:\/\/www.anderapartners.com\/fr\/wp-json\/wp\/v2\/comments?post=2494"}],"version-history":[{"count":0,"href":"https:\/\/www.anderapartners.com\/fr\/wp-json\/wp\/v2\/posts\/2494\/revisions"}],"wp:featuredmedia":[{"embeddable":true,"href":"https:\/\/www.anderapartners.com\/fr\/wp-json\/wp\/v2\/media\/2495"}],"wp:attachment":[{"href":"https:\/\/www.anderapartners.com\/fr\/wp-json\/wp\/v2\/media?parent=2494"}],"wp:term":[{"taxonomy":"category","embeddable":true,"href":"https:\/\/www.anderapartners.com\/fr\/wp-json\/wp\/v2\/categories?post=2494"}],"curies":[{"name":"wp","href":"https:\/\/api.w.org\/{rel}","templated":true}]}}