{"id":23438,"date":"2023-05-10T10:02:24","date_gmt":"2023-05-10T08:02:24","guid":{"rendered":"https:\/\/www.anderapartners.com\/?p=23438"},"modified":"2023-05-10T10:14:36","modified_gmt":"2023-05-10T08:14:36","slug":"andera-partners-nomme-stefan-keitel-senior-advisor-de-la-region-dach-et-renforce-ainsi-sa-presence-sur-les-marches-allemand-autrichien-et-suisse-du-private-equity","status":"publish","type":"post","link":"https:\/\/www.anderapartners.com\/fr\/andera-partners-nomme-stefan-keitel-senior-advisor-de-la-region-dach-et-renforce-ainsi-sa-presence-sur-les-marches-allemand-autrichien-et-suisse-du-private-equity\/","title":{"rendered":"Andera Partners nomme Stefan Keitel Senior Advisor de la R\u00e9gion DACH et renforce ainsi sa pr\u00e9sence sur les march\u00e9s allemand, autrichien et suisse du private equity."},"content":{"rendered":"<p>Afin d&rsquo;acc\u00e9l\u00e9rer ses ambitions dans la r\u00e9gion Allemagne, Autriche et Suisse (DACH), Andera Partners annonce la nomination de Stefan Keitel en qualit\u00e9 de Senior Advisor.<\/p>\n<p>Stefan Keitel rejoint Andera Partners, l&rsquo;une des principales soci\u00e9t\u00e9s europ\u00e9ennes de capital-investissement, avec plus de 3,8 milliards d&rsquo;euros d&rsquo;actifs sous gestion et six strat\u00e9gies d&rsquo;investissement, afin de soutenir la soci\u00e9t\u00e9 sur le plan strat\u00e9gique et dans ses relations avec les investisseurs dans toute la r\u00e9gion DACH.<\/p>\n<p>Andera Life Sciences, l\u2019\u00e9quipe d\u00e9di\u00e9e aux investissements dans les entreprises d\u00e9veloppant des produits th\u00e9rapeutiques et des technologies m\u00e9dicales de pointe, est activement pr\u00e9sente dans la r\u00e9gion DACH depuis plus de 20 ans. La soci\u00e9t\u00e9 y a connu une croissance r\u00e9guli\u00e8re de son activit\u00e9 avec la cl\u00f4ture de son dernier fonds BioDiscovery 6 \u00e0 456 millions d\u2019euros consacr\u00e9 aux sciences de la vie qui a attir\u00e9 des investisseurs institutionnels et priv\u00e9s allemands en tant que limited partners (LPs). La soci\u00e9t\u00e9 a ouvert un bureau \u00e0 Munich en 2021 et pr\u00e9voit d&rsquo;\u00e9tendre sa pr\u00e9sence dans la r\u00e9gion gr\u00e2ce \u00e0 ses multiples activit\u00e9s d&rsquo;investissement, notamment en invitant des investisseurs \u00e0 rejoindre ses diff\u00e9rents fonds. D\u00e9tenue \u00e0 100 % par ses associ\u00e9s et son \u00e9quipe de direction, Andera Partners a son si\u00e8ge \u00e0 Paris et des bureaux \u00e0 Milan, Munich et Anvers.<\/p>\n<p>Stefan Keitel apporte \u00e0 l&rsquo;\u00e9quipe d&rsquo;Andera plus de 25 ans d&rsquo;exp\u00e9rience dans l&rsquo;industrie financi\u00e8re, ayant occup\u00e9 de multiples fonctions de direction dans la r\u00e9gion DACH. Plus r\u00e9cemment, il a \u00e9t\u00e9 nomm\u00e9 directeur g\u00e9n\u00e9ral de Harald Quandt Holding (HQ Holding) en 2020 apr\u00e8s avoir \u00e9t\u00e9 conseiller du Harald Quandt Family Office depuis 2017. En janvier 2023, il se met en retrait des op\u00e9rations quotidiennes et rejoint le conseil de surveillance de HQ Holding pour se concentrer sur la construction d&rsquo;un portefeuille diversifi\u00e9. Avant de rejoindre HQ Holding, Stefan Keitel a \u00e9t\u00e9 directeur g\u00e9n\u00e9ral Asset management et directeur des investissements de Deka Bank et directeur g\u00e9n\u00e9ral de Deka Investment pendant cinq ans. Il a pass\u00e9 trois ans chez Berenberg en tant que Managing Director et directeur des investissements et a travaill\u00e9 13 ans au Credit Suisse, dont cinq (de 2008 \u00e0 2013) en tant que Global Chief Investment Officer et Global Co-Head Portfolio Management.<\/p>\n<p>Stefan Keitel est titulaire d&rsquo;un dipl\u00f4me de l&rsquo;universit\u00e9 de Mayence en finance, il est curateur honoraire de l&rsquo;Economic Ifo Institute de Munich et ambassadeur de la Fondation Franz Beckenbauer. Il est membre de plusieurs conseils de surveillance et conseils consultatifs en Allemagne et en Suisse.<\/p>\n<p><strong>Stefan Keitel<\/strong> a comment\u00e9 : <em>\u00ab\u00a0Je suis ravi de rejoindre Andera Partners en tant que Senior Advisor et d&rsquo;avoir l&rsquo;opportunit\u00e9 d&rsquo;aider la soci\u00e9t\u00e9 \u00e0 se d\u00e9velopper dans la R\u00e9gion DACH. J\u2019ai appris \u00e0 connaitre Andera Partners ces derni\u00e8res ann\u00e9es et j&rsquo;ai \u00e9t\u00e9 impressionn\u00e9 par le dynamisme et l&rsquo;esprit entrepreneurial de son \u00e9quipe. Sa position en tant que soci\u00e9t\u00e9 d&rsquo;investissement europ\u00e9enne de premier plan, avec plusieurs activit\u00e9s dans le domaine du capital-investissement et du capital-risque, est unique. De mon point de vue, les solutions de financement d&rsquo;Andera Partners correspondent bien aux besoins des march\u00e9s allemand, autrichien et suisse. Sa capacit\u00e9 \u00e0 accompagner des chefs d&rsquo;entreprise et son soutien aux investisseurs institutionnels et priv\u00e9s en font un partenaire attrayant.\u00a0\u00bb<\/em><\/p>\n<p><strong>Laurent Tourtois et Rapha\u00ebl Wisniewski, co-g\u00e9rants chez Andera Partners, <\/strong>ont ajout\u00e9 : <em>\u00ab\u00a0Nous sommes ravis d&rsquo;accueillir Stefan dans notre \u00e9quipe. Gr\u00e2ce \u00e0 son exp\u00e9rience et \u00e0 sa r\u00e9putation exceptionnelle, il est un atout majeur pour Andera Partners. La nomination de Stefan souligne notre ambition de renforcer notre pr\u00e9sence en Allemagne, en Autriche et en Suisse, dans le contexte d\u2019une croissance plus large en Europe. Nous sommes impatients de gagner du terrain dans la r\u00e9gion avec le soutien de Stefan.\u00a0\u00bb<\/em><\/p>\n<p><strong>Olivier Litzka, associ\u00e9 du bureau d&rsquo;Andera Partners \u00e0 Munich et responsable de l&rsquo;expansion d&rsquo;Andera Partners dans la r\u00e9gion DACH, <\/strong>a d\u00e9clar\u00e9 : <em>\u00ab\u00a0L&rsquo;Allemagne, l&rsquo;Autriche et la Suisse sont d&rsquo;une importance strat\u00e9gique pour notre soci\u00e9t\u00e9, en particulier pour notre activit\u00e9 dans le domaine des sciences de la vie, dans lequel nous avons d\u00e9j\u00e0 plus de 20 ans d&rsquo;exp\u00e9rience, mais aussi et de plus en plus pour nos autres \u00e9quipes de capital-investissement et de dette priv\u00e9e. Gr\u00e2ce \u00e0 notre pr\u00e9sence physique \u00e0 Munich depuis 2021 et en renfor\u00e7ant maintenant notre position avec l&rsquo;aide de Stefan, qui poss\u00e8de un parcours, des connaissances et une exp\u00e9rience exceptionnels dans notre secteur, nous acc\u00e9l\u00e9rons notre action aupr\u00e8s des entrepreneurs et des investisseurs.\u00a0\u00bb<\/em><\/p>\n","protected":false},"excerpt":{"rendered":"<p>Afin d&rsquo;acc\u00e9l\u00e9rer ses ambitions dans la r\u00e9gion Allemagne, Autriche et Suisse (DACH), Andera Partners annonce la nomination de Stefan Keitel en qualit\u00e9 de Senior Advisor. Stefan Keitel rejoint Andera Partners, l&rsquo;une des principales soci\u00e9t\u00e9s europ\u00e9ennes de capital-investissement, avec plus de 3,8 milliards d&rsquo;euros d&rsquo;actifs sous gestion et six strat\u00e9gies d&rsquo;investissement, afin de soutenir la soci\u00e9t\u00e9&#8230;<\/p>\n","protected":false},"author":2,"featured_media":0,"comment_status":"closed","ping_status":"open","sticky":false,"template":"","format":"standard","meta":[],"categories":[152],"class_list":["post-23438","post","type-post","status-publish","format-standard","hentry","category-andera-partners"],"acf":[],"yoast_head":"<!-- This site is optimized with the Yoast SEO plugin v24.1 - https:\/\/yoast.com\/wordpress\/plugins\/seo\/ -->\n<title>Andera Partners nomme Stefan Keitel Senior Advisor de la R\u00e9gion DACH et renforce ainsi sa pr\u00e9sence sur les march\u00e9s allemand, autrichien et suisse du private equity. - ANDERA PARTNERS<\/title>\n<meta name=\"robots\" content=\"index, follow, max-snippet:-1, max-image-preview:large, max-video-preview:-1\" \/>\n<link rel=\"canonical\" href=\"https:\/\/www.anderapartners.com\/fr\/andera-partners-nomme-stefan-keitel-senior-advisor-de-la-region-dach-et-renforce-ainsi-sa-presence-sur-les-marches-allemand-autrichien-et-suisse-du-private-equity\/\" \/>\n<meta property=\"og:locale\" content=\"fr_FR\" \/>\n<meta property=\"og:type\" content=\"article\" \/>\n<meta property=\"og:title\" content=\"Andera Partners nomme Stefan Keitel Senior Advisor de la R\u00e9gion DACH et renforce ainsi sa pr\u00e9sence sur les march\u00e9s allemand, autrichien et suisse du private equity. - ANDERA PARTNERS\" \/>\n<meta property=\"og:description\" content=\"Afin d&rsquo;acc\u00e9l\u00e9rer ses ambitions dans la r\u00e9gion Allemagne, Autriche et Suisse (DACH), Andera Partners annonce la nomination de Stefan Keitel en qualit\u00e9 de Senior Advisor. Stefan Keitel rejoint Andera Partners, l&rsquo;une des principales soci\u00e9t\u00e9s europ\u00e9ennes de capital-investissement, avec plus de 3,8 milliards d&rsquo;euros d&rsquo;actifs sous gestion et six strat\u00e9gies d&rsquo;investissement, afin de soutenir la soci\u00e9t\u00e9...\" \/>\n<meta property=\"og:url\" content=\"https:\/\/www.anderapartners.com\/fr\/andera-partners-nomme-stefan-keitel-senior-advisor-de-la-region-dach-et-renforce-ainsi-sa-presence-sur-les-marches-allemand-autrichien-et-suisse-du-private-equity\/\" \/>\n<meta property=\"og:site_name\" content=\"ANDERA PARTNERS\" \/>\n<meta property=\"article:published_time\" content=\"2023-05-10T08:02:24+00:00\" \/>\n<meta property=\"article:modified_time\" content=\"2023-05-10T08:14:36+00:00\" \/>\n<meta name=\"author\" content=\"Nicolas Delsert\" \/>\n<meta name=\"twitter:card\" content=\"summary_large_image\" \/>\n<meta name=\"twitter:label1\" content=\"\u00c9crit par\" \/>\n\t<meta name=\"twitter:data1\" content=\"Nicolas Delsert\" \/>\n\t<meta name=\"twitter:label2\" content=\"Dur\u00e9e de lecture estim\u00e9e\" \/>\n\t<meta name=\"twitter:data2\" content=\"4 minutes\" \/>\n<script type=\"application\/ld+json\" class=\"yoast-schema-graph\">{\"@context\":\"https:\/\/schema.org\",\"@graph\":[{\"@type\":\"Article\",\"@id\":\"https:\/\/www.anderapartners.com\/fr\/andera-partners-nomme-stefan-keitel-senior-advisor-de-la-region-dach-et-renforce-ainsi-sa-presence-sur-les-marches-allemand-autrichien-et-suisse-du-private-equity\/#article\",\"isPartOf\":{\"@id\":\"https:\/\/www.anderapartners.com\/fr\/andera-partners-nomme-stefan-keitel-senior-advisor-de-la-region-dach-et-renforce-ainsi-sa-presence-sur-les-marches-allemand-autrichien-et-suisse-du-private-equity\/\"},\"author\":{\"name\":\"Nicolas Delsert\",\"@id\":\"https:\/\/www.anderapartners.com\/fr\/#\/schema\/person\/dce1d4a32f2d85f191a44527e202942c\"},\"headline\":\"Andera Partners nomme Stefan Keitel Senior Advisor de la R\u00e9gion DACH et renforce ainsi sa pr\u00e9sence sur les march\u00e9s allemand, autrichien et suisse du private equity.\",\"datePublished\":\"2023-05-10T08:02:24+00:00\",\"dateModified\":\"2023-05-10T08:14:36+00:00\",\"mainEntityOfPage\":{\"@id\":\"https:\/\/www.anderapartners.com\/fr\/andera-partners-nomme-stefan-keitel-senior-advisor-de-la-region-dach-et-renforce-ainsi-sa-presence-sur-les-marches-allemand-autrichien-et-suisse-du-private-equity\/\"},\"wordCount\":824,\"publisher\":{\"@id\":\"https:\/\/www.anderapartners.com\/fr\/#organization\"},\"articleSection\":[\"Andera Partners\"],\"inLanguage\":\"fr-FR\"},{\"@type\":\"WebPage\",\"@id\":\"https:\/\/www.anderapartners.com\/fr\/andera-partners-nomme-stefan-keitel-senior-advisor-de-la-region-dach-et-renforce-ainsi-sa-presence-sur-les-marches-allemand-autrichien-et-suisse-du-private-equity\/\",\"url\":\"https:\/\/www.anderapartners.com\/fr\/andera-partners-nomme-stefan-keitel-senior-advisor-de-la-region-dach-et-renforce-ainsi-sa-presence-sur-les-marches-allemand-autrichien-et-suisse-du-private-equity\/\",\"name\":\"Andera Partners nomme Stefan Keitel Senior Advisor de la R\u00e9gion DACH et renforce ainsi sa pr\u00e9sence sur les march\u00e9s allemand, autrichien et suisse du private equity. - ANDERA PARTNERS\",\"isPartOf\":{\"@id\":\"https:\/\/www.anderapartners.com\/fr\/#website\"},\"datePublished\":\"2023-05-10T08:02:24+00:00\",\"dateModified\":\"2023-05-10T08:14:36+00:00\",\"breadcrumb\":{\"@id\":\"https:\/\/www.anderapartners.com\/fr\/andera-partners-nomme-stefan-keitel-senior-advisor-de-la-region-dach-et-renforce-ainsi-sa-presence-sur-les-marches-allemand-autrichien-et-suisse-du-private-equity\/#breadcrumb\"},\"inLanguage\":\"fr-FR\",\"potentialAction\":[{\"@type\":\"ReadAction\",\"target\":[\"https:\/\/www.anderapartners.com\/fr\/andera-partners-nomme-stefan-keitel-senior-advisor-de-la-region-dach-et-renforce-ainsi-sa-presence-sur-les-marches-allemand-autrichien-et-suisse-du-private-equity\/\"]}]},{\"@type\":\"BreadcrumbList\",\"@id\":\"https:\/\/www.anderapartners.com\/fr\/andera-partners-nomme-stefan-keitel-senior-advisor-de-la-region-dach-et-renforce-ainsi-sa-presence-sur-les-marches-allemand-autrichien-et-suisse-du-private-equity\/#breadcrumb\",\"itemListElement\":[{\"@type\":\"ListItem\",\"position\":1,\"name\":\"Accueil\",\"item\":\"https:\/\/www.anderapartners.com\/fr\/\"},{\"@type\":\"ListItem\",\"position\":2,\"name\":\"Andera Partners nomme Stefan Keitel Senior Advisor de la R\u00e9gion DACH et renforce ainsi sa pr\u00e9sence sur les march\u00e9s allemand, autrichien et suisse du private equity.\"}]},{\"@type\":\"WebSite\",\"@id\":\"https:\/\/www.anderapartners.com\/fr\/#website\",\"url\":\"https:\/\/www.anderapartners.com\/fr\/\",\"name\":\"ANDERA PARTNERS\",\"description\":\"\",\"publisher\":{\"@id\":\"https:\/\/www.anderapartners.com\/fr\/#organization\"},\"potentialAction\":[{\"@type\":\"SearchAction\",\"target\":{\"@type\":\"EntryPoint\",\"urlTemplate\":\"https:\/\/www.anderapartners.com\/fr\/?s={search_term_string}\"},\"query-input\":{\"@type\":\"PropertyValueSpecification\",\"valueRequired\":true,\"valueName\":\"search_term_string\"}}],\"inLanguage\":\"fr-FR\"},{\"@type\":\"Organization\",\"@id\":\"https:\/\/www.anderapartners.com\/fr\/#organization\",\"name\":\"Andera Partners\",\"url\":\"https:\/\/www.anderapartners.com\/fr\/\",\"logo\":{\"@type\":\"ImageObject\",\"inLanguage\":\"fr-FR\",\"@id\":\"https:\/\/www.anderapartners.com\/fr\/#\/schema\/logo\/image\/\",\"url\":\"https:\/\/www.anderapartners.com\/wp-content\/uploads\/2020\/08\/logo-white.svg\",\"contentUrl\":\"https:\/\/www.anderapartners.com\/wp-content\/uploads\/2020\/08\/logo-white.svg\",\"width\":107,\"height\":44,\"caption\":\"Andera Partners\"},\"image\":{\"@id\":\"https:\/\/www.anderapartners.com\/fr\/#\/schema\/logo\/image\/\"}},{\"@type\":\"Person\",\"@id\":\"https:\/\/www.anderapartners.com\/fr\/#\/schema\/person\/dce1d4a32f2d85f191a44527e202942c\",\"name\":\"Nicolas Delsert\",\"image\":{\"@type\":\"ImageObject\",\"inLanguage\":\"fr-FR\",\"@id\":\"https:\/\/www.anderapartners.com\/fr\/#\/schema\/person\/image\/\",\"url\":\"https:\/\/secure.gravatar.com\/avatar\/fca7b29302058c85588bc6bc3db9bd1e?s=96&d=mm&r=g\",\"contentUrl\":\"https:\/\/secure.gravatar.com\/avatar\/fca7b29302058c85588bc6bc3db9bd1e?s=96&d=mm&r=g\",\"caption\":\"Nicolas Delsert\"}}]}<\/script>\n<!-- \/ Yoast SEO plugin. -->","yoast_head_json":{"title":"Andera Partners nomme Stefan Keitel Senior Advisor de la R\u00e9gion DACH et renforce ainsi sa pr\u00e9sence sur les march\u00e9s allemand, autrichien et suisse du private equity. - ANDERA PARTNERS","robots":{"index":"index","follow":"follow","max-snippet":"max-snippet:-1","max-image-preview":"max-image-preview:large","max-video-preview":"max-video-preview:-1"},"canonical":"https:\/\/www.anderapartners.com\/fr\/andera-partners-nomme-stefan-keitel-senior-advisor-de-la-region-dach-et-renforce-ainsi-sa-presence-sur-les-marches-allemand-autrichien-et-suisse-du-private-equity\/","og_locale":"fr_FR","og_type":"article","og_title":"Andera Partners nomme Stefan Keitel Senior Advisor de la R\u00e9gion DACH et renforce ainsi sa pr\u00e9sence sur les march\u00e9s allemand, autrichien et suisse du private equity. - ANDERA PARTNERS","og_description":"Afin d&rsquo;acc\u00e9l\u00e9rer ses ambitions dans la r\u00e9gion Allemagne, Autriche et Suisse (DACH), Andera Partners annonce la nomination de Stefan Keitel en qualit\u00e9 de Senior Advisor. Stefan Keitel rejoint Andera Partners, l&rsquo;une des principales soci\u00e9t\u00e9s europ\u00e9ennes de capital-investissement, avec plus de 3,8 milliards d&rsquo;euros d&rsquo;actifs sous gestion et six strat\u00e9gies d&rsquo;investissement, afin de soutenir la soci\u00e9t\u00e9...","og_url":"https:\/\/www.anderapartners.com\/fr\/andera-partners-nomme-stefan-keitel-senior-advisor-de-la-region-dach-et-renforce-ainsi-sa-presence-sur-les-marches-allemand-autrichien-et-suisse-du-private-equity\/","og_site_name":"ANDERA PARTNERS","article_published_time":"2023-05-10T08:02:24+00:00","article_modified_time":"2023-05-10T08:14:36+00:00","author":"Nicolas Delsert","twitter_card":"summary_large_image","twitter_misc":{"\u00c9crit par":"Nicolas Delsert","Dur\u00e9e de lecture estim\u00e9e":"4 minutes"},"schema":{"@context":"https:\/\/schema.org","@graph":[{"@type":"Article","@id":"https:\/\/www.anderapartners.com\/fr\/andera-partners-nomme-stefan-keitel-senior-advisor-de-la-region-dach-et-renforce-ainsi-sa-presence-sur-les-marches-allemand-autrichien-et-suisse-du-private-equity\/#article","isPartOf":{"@id":"https:\/\/www.anderapartners.com\/fr\/andera-partners-nomme-stefan-keitel-senior-advisor-de-la-region-dach-et-renforce-ainsi-sa-presence-sur-les-marches-allemand-autrichien-et-suisse-du-private-equity\/"},"author":{"name":"Nicolas Delsert","@id":"https:\/\/www.anderapartners.com\/fr\/#\/schema\/person\/dce1d4a32f2d85f191a44527e202942c"},"headline":"Andera Partners nomme Stefan Keitel Senior Advisor de la R\u00e9gion DACH et renforce ainsi sa pr\u00e9sence sur les march\u00e9s allemand, autrichien et suisse du private equity.","datePublished":"2023-05-10T08:02:24+00:00","dateModified":"2023-05-10T08:14:36+00:00","mainEntityOfPage":{"@id":"https:\/\/www.anderapartners.com\/fr\/andera-partners-nomme-stefan-keitel-senior-advisor-de-la-region-dach-et-renforce-ainsi-sa-presence-sur-les-marches-allemand-autrichien-et-suisse-du-private-equity\/"},"wordCount":824,"publisher":{"@id":"https:\/\/www.anderapartners.com\/fr\/#organization"},"articleSection":["Andera Partners"],"inLanguage":"fr-FR"},{"@type":"WebPage","@id":"https:\/\/www.anderapartners.com\/fr\/andera-partners-nomme-stefan-keitel-senior-advisor-de-la-region-dach-et-renforce-ainsi-sa-presence-sur-les-marches-allemand-autrichien-et-suisse-du-private-equity\/","url":"https:\/\/www.anderapartners.com\/fr\/andera-partners-nomme-stefan-keitel-senior-advisor-de-la-region-dach-et-renforce-ainsi-sa-presence-sur-les-marches-allemand-autrichien-et-suisse-du-private-equity\/","name":"Andera Partners nomme Stefan Keitel Senior Advisor de la R\u00e9gion DACH et renforce ainsi sa pr\u00e9sence sur les march\u00e9s allemand, autrichien et suisse du private equity. - ANDERA PARTNERS","isPartOf":{"@id":"https:\/\/www.anderapartners.com\/fr\/#website"},"datePublished":"2023-05-10T08:02:24+00:00","dateModified":"2023-05-10T08:14:36+00:00","breadcrumb":{"@id":"https:\/\/www.anderapartners.com\/fr\/andera-partners-nomme-stefan-keitel-senior-advisor-de-la-region-dach-et-renforce-ainsi-sa-presence-sur-les-marches-allemand-autrichien-et-suisse-du-private-equity\/#breadcrumb"},"inLanguage":"fr-FR","potentialAction":[{"@type":"ReadAction","target":["https:\/\/www.anderapartners.com\/fr\/andera-partners-nomme-stefan-keitel-senior-advisor-de-la-region-dach-et-renforce-ainsi-sa-presence-sur-les-marches-allemand-autrichien-et-suisse-du-private-equity\/"]}]},{"@type":"BreadcrumbList","@id":"https:\/\/www.anderapartners.com\/fr\/andera-partners-nomme-stefan-keitel-senior-advisor-de-la-region-dach-et-renforce-ainsi-sa-presence-sur-les-marches-allemand-autrichien-et-suisse-du-private-equity\/#breadcrumb","itemListElement":[{"@type":"ListItem","position":1,"name":"Accueil","item":"https:\/\/www.anderapartners.com\/fr\/"},{"@type":"ListItem","position":2,"name":"Andera Partners nomme Stefan Keitel Senior Advisor de la R\u00e9gion DACH et renforce ainsi sa pr\u00e9sence sur les march\u00e9s allemand, autrichien et suisse du private equity."}]},{"@type":"WebSite","@id":"https:\/\/www.anderapartners.com\/fr\/#website","url":"https:\/\/www.anderapartners.com\/fr\/","name":"ANDERA PARTNERS","description":"","publisher":{"@id":"https:\/\/www.anderapartners.com\/fr\/#organization"},"potentialAction":[{"@type":"SearchAction","target":{"@type":"EntryPoint","urlTemplate":"https:\/\/www.anderapartners.com\/fr\/?s={search_term_string}"},"query-input":{"@type":"PropertyValueSpecification","valueRequired":true,"valueName":"search_term_string"}}],"inLanguage":"fr-FR"},{"@type":"Organization","@id":"https:\/\/www.anderapartners.com\/fr\/#organization","name":"Andera Partners","url":"https:\/\/www.anderapartners.com\/fr\/","logo":{"@type":"ImageObject","inLanguage":"fr-FR","@id":"https:\/\/www.anderapartners.com\/fr\/#\/schema\/logo\/image\/","url":"https:\/\/www.anderapartners.com\/wp-content\/uploads\/2020\/08\/logo-white.svg","contentUrl":"https:\/\/www.anderapartners.com\/wp-content\/uploads\/2020\/08\/logo-white.svg","width":107,"height":44,"caption":"Andera Partners"},"image":{"@id":"https:\/\/www.anderapartners.com\/fr\/#\/schema\/logo\/image\/"}},{"@type":"Person","@id":"https:\/\/www.anderapartners.com\/fr\/#\/schema\/person\/dce1d4a32f2d85f191a44527e202942c","name":"Nicolas Delsert","image":{"@type":"ImageObject","inLanguage":"fr-FR","@id":"https:\/\/www.anderapartners.com\/fr\/#\/schema\/person\/image\/","url":"https:\/\/secure.gravatar.com\/avatar\/fca7b29302058c85588bc6bc3db9bd1e?s=96&d=mm&r=g","contentUrl":"https:\/\/secure.gravatar.com\/avatar\/fca7b29302058c85588bc6bc3db9bd1e?s=96&d=mm&r=g","caption":"Nicolas Delsert"}}]}},"_links":{"self":[{"href":"https:\/\/www.anderapartners.com\/fr\/wp-json\/wp\/v2\/posts\/23438","targetHints":{"allow":["GET"]}}],"collection":[{"href":"https:\/\/www.anderapartners.com\/fr\/wp-json\/wp\/v2\/posts"}],"about":[{"href":"https:\/\/www.anderapartners.com\/fr\/wp-json\/wp\/v2\/types\/post"}],"author":[{"embeddable":true,"href":"https:\/\/www.anderapartners.com\/fr\/wp-json\/wp\/v2\/users\/2"}],"replies":[{"embeddable":true,"href":"https:\/\/www.anderapartners.com\/fr\/wp-json\/wp\/v2\/comments?post=23438"}],"version-history":[{"count":0,"href":"https:\/\/www.anderapartners.com\/fr\/wp-json\/wp\/v2\/posts\/23438\/revisions"}],"wp:attachment":[{"href":"https:\/\/www.anderapartners.com\/fr\/wp-json\/wp\/v2\/media?parent=23438"}],"wp:term":[{"taxonomy":"category","embeddable":true,"href":"https:\/\/www.anderapartners.com\/fr\/wp-json\/wp\/v2\/categories?post=23438"}],"curies":[{"name":"wp","href":"https:\/\/api.w.org\/{rel}","templated":true}]}}