{"id":23137,"date":"2023-03-27T10:03:24","date_gmt":"2023-03-27T08:03:24","guid":{"rendered":"https:\/\/www.anderapartners.com\/?p=23137"},"modified":"2023-03-27T10:05:50","modified_gmt":"2023-03-27T08:05:50","slug":"terra-nea-gere-par-andera-partners-annonce-son-1er-closing","status":"publish","type":"post","link":"https:\/\/www.anderapartners.com\/fr\/terra-nea-gere-par-andera-partners-annonce-son-1er-closing\/","title":{"rendered":"Terra Nea, g\u00e9r\u00e9 par Andera Partners, annonce son 1er closing"},"content":{"rendered":"<p>La R\u00e9gion Sud avec Andera Partners r\u00e9alise <strong>une premi\u00e8re lev\u00e9e de 38 millions d\u2019\u20ac pour le fonds Terra Nea.<\/strong> L\u2019\u00e9quipe Andera Infra d\u00e9di\u00e9e \u00e0 la transition \u00e9cologique annon\u00e7ait en septembre dernier avoir \u00e9t\u00e9 retenue par la R\u00e9gion Sud pour la mise en \u0153uvre et la gestion de ce fonds, outil de r\u00e9ponse aux besoins de la transition \u00e9nerg\u00e9tique et \u00e9cologique de Provence-Alpes-C\u00f4te d&rsquo;Azur.<\/p>\n<p>La R\u00e9gion Sud a plac\u00e9 l\u2019accompagnement de la transition \u00e9nerg\u00e9tique et \u00e9cologique des entreprises au c\u0153ur de sa strat\u00e9gie de d\u00e9veloppement \u00e9conomique. Cela se traduit notamment par l\u2019adoption du 1<sup>er<\/sup> budget 100 % vert d\u2019Europe pour 2023. Avec son Plan climat \u00ab\u00a0Une COP d\u2019Avance\u00a0\u00bb, la R\u00e9gion s\u2019implique sur des actions directement utiles \u00e0 la lutte ou \u00e0 l\u2019adaptation au r\u00e9chauffement climatique. Ainsi, pour r\u00e9pondre durablement aux d\u00e9fis climatiques, le fonds Terra Nea r\u00e9unira des acteurs \u00e9conomiques r\u00e9gionaux, et permettra d\u2019agir concr\u00e8tement en intervenant au capital de soci\u00e9t\u00e9s engag\u00e9es en faveur d\u2019une transformation de leur mod\u00e8le qui soit respectueuse de l\u2019environnement. Ce faisant, le fonds contribuera \u00e0 placer la R\u00e9gion comme leader en mati\u00e8re de transition \u00ab\u00a0verte\u00a0\u00bb de l\u2019\u00e9conomie.<\/p>\n<p><strong>Renaud MUSELIER, Pr\u00e9sident de la R\u00e9gion Provence-Alpes-C\u00f4te d&rsquo;Azur, Pr\u00e9sident d\u00e9l\u00e9gu\u00e9 de R\u00e9gions de France commente<\/strong>\u00a0: \u00ab\u00a0<em>Cette premi\u00e8re lev\u00e9e de 38 millions d\u2019\u20ac est un r\u00e9el succ\u00e8s pour notre territoire ! La R\u00e9gion participe au fonds \u00e0 hauteur de 17 millions d\u2019\u20ac, une mobilisation exceptionnelle pour offrir une solution de financement \u00e0 des projets structurants port\u00e9s par des entreprises engag\u00e9es pour le climat. Avec Terra Nea, nous acc\u00e9l\u00e9rons la transition vers une \u00e9conomie verte en r\u00e9gion Provence-Alpes-C\u00f4te d&rsquo;Azur, au b\u00e9n\u00e9fice de tous. \u00bb<\/em><\/p>\n<p>Ce succ\u00e8s t\u00e9moigne de l\u2019engouement des investisseurs pour les enjeux de la transition verte de l\u2019\u00e9conomie.\u00a0 Les souscripteurs du fonds Terra Nea \u2013 dont La Caisse d\u2019Epargne C\u00f4te d\u2019Azur, La Caisse d\u2019Epargne CEPAC, la Banque des Territoires, Cr\u00e9dit Agricole Provence C\u00f4te d\u2019Azur, CAAP Transitions, BP Med, TotalEnergies ou encore SAFIDI (EDF) \u2013 ont d\u00e9cid\u00e9 de soutenir le fonds au c\u00f4t\u00e9 de la R\u00e9gion Sud, engagement fort \u00e0 la strat\u00e9gie initi\u00e9e par celle-ci et d\u00e9ploy\u00e9e par Andera Infra, attestant ainsi de leur confiance envers l\u2019\u00e9quipe et son approche d\u2019investissement responsable et environnemental.<\/p>\n<p><strong>Prune des Roches et Guy Auger, Associ\u00e9s d\u2019Andera Infra, commentent<\/strong>\u00a0: <em>\u00ab\u00a0Nous sommes ravis et tr\u00e8s fiers d\u2019accueillir l\u2019ensemble de ces souscripteurs en tant que partenaires des projets de Terra Nea. En visant des fili\u00e8res strat\u00e9giques telles que la production d\u2019\u00e9nergies renouvelables, la mobilit\u00e9, la d\u00e9carbonation de l\u2019industrie ou encore l\u2019\u00e9conomie circulaire, nous allons ensemble pouvoir r\u00e9pondre durablement aux d\u00e9fis climatiques auxquels la R\u00e9gion Sud fait face.\u00a0\u00bb<\/em><\/p>\n<p>L\u2019\u00e9quipe Andera Infra \u00e9tudie actuellement plusieurs projets d\u2019investissements. Terra Nea investira des tickets compris entre 1 et 5 millions d\u2019\u20ac, principalement en equity minoritaire et quasi-equity. Fran\u00e7ois De CANSON, Vice-pr\u00e9sident de la R\u00e9gion Provence-Alpes-C\u00f4te d&rsquo;Azur en charge du D\u00e9veloppement \u00e9conomique, de l\u2019Attractivit\u00e9, du Tourisme et de la Pr\u00e9vention des risques majeurs, pr\u00e9sidera le Comit\u00e9 des Investisseurs du fonds Terra Nea et Alain Lacroix, Pr\u00e9sident du Fonds de Participation pour la Reconqu\u00eate Industrielle et de R\u00e9gion Sud Investissement, son Comit\u00e9 Strat\u00e9gique.<\/p>\n","protected":false},"excerpt":{"rendered":"<p>La R\u00e9gion Sud avec Andera Partners r\u00e9alise une premi\u00e8re lev\u00e9e de 38 millions d\u2019\u20ac pour le fonds Terra Nea. L\u2019\u00e9quipe Andera Infra d\u00e9di\u00e9e \u00e0 la transition \u00e9cologique annon\u00e7ait en septembre dernier avoir \u00e9t\u00e9 retenue par la R\u00e9gion Sud pour la mise en \u0153uvre et la gestion de ce fonds, outil de r\u00e9ponse aux besoins de&#8230;<\/p>\n","protected":false},"author":2,"featured_media":0,"comment_status":"closed","ping_status":"open","sticky":false,"template":"","format":"standard","meta":[],"categories":[168],"class_list":["post-23137","post","type-post","status-publish","format-standard","hentry","category-infra"],"acf":[],"yoast_head":"<!-- This site is optimized with the Yoast SEO plugin v24.1 - https:\/\/yoast.com\/wordpress\/plugins\/seo\/ -->\n<title>Terra Nea, g\u00e9r\u00e9 par Andera Partners, annonce son 1er closing - ANDERA PARTNERS<\/title>\n<meta name=\"robots\" content=\"index, follow, max-snippet:-1, max-image-preview:large, max-video-preview:-1\" \/>\n<link rel=\"canonical\" href=\"https:\/\/www.anderapartners.com\/fr\/terra-nea-gere-par-andera-partners-annonce-son-1er-closing\/\" \/>\n<meta property=\"og:locale\" content=\"fr_FR\" \/>\n<meta property=\"og:type\" content=\"article\" \/>\n<meta property=\"og:title\" content=\"Terra Nea, g\u00e9r\u00e9 par Andera Partners, annonce son 1er closing - ANDERA PARTNERS\" \/>\n<meta property=\"og:description\" content=\"La R\u00e9gion Sud avec Andera Partners r\u00e9alise une premi\u00e8re lev\u00e9e de 38 millions d\u2019\u20ac pour le fonds Terra Nea. L\u2019\u00e9quipe Andera Infra d\u00e9di\u00e9e \u00e0 la transition \u00e9cologique annon\u00e7ait en septembre dernier avoir \u00e9t\u00e9 retenue par la R\u00e9gion Sud pour la mise en \u0153uvre et la gestion de ce fonds, outil de r\u00e9ponse aux besoins de...\" \/>\n<meta property=\"og:url\" content=\"https:\/\/www.anderapartners.com\/fr\/terra-nea-gere-par-andera-partners-annonce-son-1er-closing\/\" \/>\n<meta property=\"og:site_name\" content=\"ANDERA PARTNERS\" \/>\n<meta property=\"article:published_time\" content=\"2023-03-27T08:03:24+00:00\" \/>\n<meta property=\"article:modified_time\" content=\"2023-03-27T08:05:50+00:00\" \/>\n<meta name=\"author\" content=\"Nicolas Delsert\" \/>\n<meta name=\"twitter:card\" content=\"summary_large_image\" \/>\n<meta name=\"twitter:label1\" content=\"\u00c9crit par\" \/>\n\t<meta name=\"twitter:data1\" content=\"Nicolas Delsert\" \/>\n\t<meta name=\"twitter:label2\" content=\"Dur\u00e9e de lecture estim\u00e9e\" \/>\n\t<meta name=\"twitter:data2\" content=\"3 minutes\" \/>\n<script type=\"application\/ld+json\" class=\"yoast-schema-graph\">{\"@context\":\"https:\/\/schema.org\",\"@graph\":[{\"@type\":\"Article\",\"@id\":\"https:\/\/www.anderapartners.com\/fr\/terra-nea-gere-par-andera-partners-annonce-son-1er-closing\/#article\",\"isPartOf\":{\"@id\":\"https:\/\/www.anderapartners.com\/fr\/terra-nea-gere-par-andera-partners-annonce-son-1er-closing\/\"},\"author\":{\"name\":\"Nicolas Delsert\",\"@id\":\"https:\/\/www.anderapartners.com\/fr\/#\/schema\/person\/dce1d4a32f2d85f191a44527e202942c\"},\"headline\":\"Terra Nea, g\u00e9r\u00e9 par Andera Partners, annonce son 1er closing\",\"datePublished\":\"2023-03-27T08:03:24+00:00\",\"dateModified\":\"2023-03-27T08:05:50+00:00\",\"mainEntityOfPage\":{\"@id\":\"https:\/\/www.anderapartners.com\/fr\/terra-nea-gere-par-andera-partners-annonce-son-1er-closing\/\"},\"wordCount\":604,\"publisher\":{\"@id\":\"https:\/\/www.anderapartners.com\/fr\/#organization\"},\"articleSection\":[\"andera Infra\"],\"inLanguage\":\"fr-FR\"},{\"@type\":\"WebPage\",\"@id\":\"https:\/\/www.anderapartners.com\/fr\/terra-nea-gere-par-andera-partners-annonce-son-1er-closing\/\",\"url\":\"https:\/\/www.anderapartners.com\/fr\/terra-nea-gere-par-andera-partners-annonce-son-1er-closing\/\",\"name\":\"Terra Nea, g\u00e9r\u00e9 par Andera Partners, annonce son 1er closing - ANDERA PARTNERS\",\"isPartOf\":{\"@id\":\"https:\/\/www.anderapartners.com\/fr\/#website\"},\"datePublished\":\"2023-03-27T08:03:24+00:00\",\"dateModified\":\"2023-03-27T08:05:50+00:00\",\"breadcrumb\":{\"@id\":\"https:\/\/www.anderapartners.com\/fr\/terra-nea-gere-par-andera-partners-annonce-son-1er-closing\/#breadcrumb\"},\"inLanguage\":\"fr-FR\",\"potentialAction\":[{\"@type\":\"ReadAction\",\"target\":[\"https:\/\/www.anderapartners.com\/fr\/terra-nea-gere-par-andera-partners-annonce-son-1er-closing\/\"]}]},{\"@type\":\"BreadcrumbList\",\"@id\":\"https:\/\/www.anderapartners.com\/fr\/terra-nea-gere-par-andera-partners-annonce-son-1er-closing\/#breadcrumb\",\"itemListElement\":[{\"@type\":\"ListItem\",\"position\":1,\"name\":\"Accueil\",\"item\":\"https:\/\/www.anderapartners.com\/fr\/\"},{\"@type\":\"ListItem\",\"position\":2,\"name\":\"Terra Nea, g\u00e9r\u00e9 par Andera Partners, annonce son 1er closing\"}]},{\"@type\":\"WebSite\",\"@id\":\"https:\/\/www.anderapartners.com\/fr\/#website\",\"url\":\"https:\/\/www.anderapartners.com\/fr\/\",\"name\":\"ANDERA PARTNERS\",\"description\":\"\",\"publisher\":{\"@id\":\"https:\/\/www.anderapartners.com\/fr\/#organization\"},\"potentialAction\":[{\"@type\":\"SearchAction\",\"target\":{\"@type\":\"EntryPoint\",\"urlTemplate\":\"https:\/\/www.anderapartners.com\/fr\/?s={search_term_string}\"},\"query-input\":{\"@type\":\"PropertyValueSpecification\",\"valueRequired\":true,\"valueName\":\"search_term_string\"}}],\"inLanguage\":\"fr-FR\"},{\"@type\":\"Organization\",\"@id\":\"https:\/\/www.anderapartners.com\/fr\/#organization\",\"name\":\"Andera Partners\",\"url\":\"https:\/\/www.anderapartners.com\/fr\/\",\"logo\":{\"@type\":\"ImageObject\",\"inLanguage\":\"fr-FR\",\"@id\":\"https:\/\/www.anderapartners.com\/fr\/#\/schema\/logo\/image\/\",\"url\":\"https:\/\/www.anderapartners.com\/wp-content\/uploads\/2020\/08\/logo-white.svg\",\"contentUrl\":\"https:\/\/www.anderapartners.com\/wp-content\/uploads\/2020\/08\/logo-white.svg\",\"width\":107,\"height\":44,\"caption\":\"Andera Partners\"},\"image\":{\"@id\":\"https:\/\/www.anderapartners.com\/fr\/#\/schema\/logo\/image\/\"}},{\"@type\":\"Person\",\"@id\":\"https:\/\/www.anderapartners.com\/fr\/#\/schema\/person\/dce1d4a32f2d85f191a44527e202942c\",\"name\":\"Nicolas Delsert\",\"image\":{\"@type\":\"ImageObject\",\"inLanguage\":\"fr-FR\",\"@id\":\"https:\/\/www.anderapartners.com\/fr\/#\/schema\/person\/image\/\",\"url\":\"https:\/\/secure.gravatar.com\/avatar\/fca7b29302058c85588bc6bc3db9bd1e?s=96&d=mm&r=g\",\"contentUrl\":\"https:\/\/secure.gravatar.com\/avatar\/fca7b29302058c85588bc6bc3db9bd1e?s=96&d=mm&r=g\",\"caption\":\"Nicolas Delsert\"}}]}<\/script>\n<!-- \/ Yoast SEO plugin. -->","yoast_head_json":{"title":"Terra Nea, g\u00e9r\u00e9 par Andera Partners, annonce son 1er closing - ANDERA PARTNERS","robots":{"index":"index","follow":"follow","max-snippet":"max-snippet:-1","max-image-preview":"max-image-preview:large","max-video-preview":"max-video-preview:-1"},"canonical":"https:\/\/www.anderapartners.com\/fr\/terra-nea-gere-par-andera-partners-annonce-son-1er-closing\/","og_locale":"fr_FR","og_type":"article","og_title":"Terra Nea, g\u00e9r\u00e9 par Andera Partners, annonce son 1er closing - ANDERA PARTNERS","og_description":"La R\u00e9gion Sud avec Andera Partners r\u00e9alise une premi\u00e8re lev\u00e9e de 38 millions d\u2019\u20ac pour le fonds Terra Nea. L\u2019\u00e9quipe Andera Infra d\u00e9di\u00e9e \u00e0 la transition \u00e9cologique annon\u00e7ait en septembre dernier avoir \u00e9t\u00e9 retenue par la R\u00e9gion Sud pour la mise en \u0153uvre et la gestion de ce fonds, outil de r\u00e9ponse aux besoins de...","og_url":"https:\/\/www.anderapartners.com\/fr\/terra-nea-gere-par-andera-partners-annonce-son-1er-closing\/","og_site_name":"ANDERA PARTNERS","article_published_time":"2023-03-27T08:03:24+00:00","article_modified_time":"2023-03-27T08:05:50+00:00","author":"Nicolas Delsert","twitter_card":"summary_large_image","twitter_misc":{"\u00c9crit par":"Nicolas Delsert","Dur\u00e9e de lecture estim\u00e9e":"3 minutes"},"schema":{"@context":"https:\/\/schema.org","@graph":[{"@type":"Article","@id":"https:\/\/www.anderapartners.com\/fr\/terra-nea-gere-par-andera-partners-annonce-son-1er-closing\/#article","isPartOf":{"@id":"https:\/\/www.anderapartners.com\/fr\/terra-nea-gere-par-andera-partners-annonce-son-1er-closing\/"},"author":{"name":"Nicolas Delsert","@id":"https:\/\/www.anderapartners.com\/fr\/#\/schema\/person\/dce1d4a32f2d85f191a44527e202942c"},"headline":"Terra Nea, g\u00e9r\u00e9 par Andera Partners, annonce son 1er closing","datePublished":"2023-03-27T08:03:24+00:00","dateModified":"2023-03-27T08:05:50+00:00","mainEntityOfPage":{"@id":"https:\/\/www.anderapartners.com\/fr\/terra-nea-gere-par-andera-partners-annonce-son-1er-closing\/"},"wordCount":604,"publisher":{"@id":"https:\/\/www.anderapartners.com\/fr\/#organization"},"articleSection":["andera Infra"],"inLanguage":"fr-FR"},{"@type":"WebPage","@id":"https:\/\/www.anderapartners.com\/fr\/terra-nea-gere-par-andera-partners-annonce-son-1er-closing\/","url":"https:\/\/www.anderapartners.com\/fr\/terra-nea-gere-par-andera-partners-annonce-son-1er-closing\/","name":"Terra Nea, g\u00e9r\u00e9 par Andera Partners, annonce son 1er closing - ANDERA PARTNERS","isPartOf":{"@id":"https:\/\/www.anderapartners.com\/fr\/#website"},"datePublished":"2023-03-27T08:03:24+00:00","dateModified":"2023-03-27T08:05:50+00:00","breadcrumb":{"@id":"https:\/\/www.anderapartners.com\/fr\/terra-nea-gere-par-andera-partners-annonce-son-1er-closing\/#breadcrumb"},"inLanguage":"fr-FR","potentialAction":[{"@type":"ReadAction","target":["https:\/\/www.anderapartners.com\/fr\/terra-nea-gere-par-andera-partners-annonce-son-1er-closing\/"]}]},{"@type":"BreadcrumbList","@id":"https:\/\/www.anderapartners.com\/fr\/terra-nea-gere-par-andera-partners-annonce-son-1er-closing\/#breadcrumb","itemListElement":[{"@type":"ListItem","position":1,"name":"Accueil","item":"https:\/\/www.anderapartners.com\/fr\/"},{"@type":"ListItem","position":2,"name":"Terra Nea, g\u00e9r\u00e9 par Andera Partners, annonce son 1er closing"}]},{"@type":"WebSite","@id":"https:\/\/www.anderapartners.com\/fr\/#website","url":"https:\/\/www.anderapartners.com\/fr\/","name":"ANDERA PARTNERS","description":"","publisher":{"@id":"https:\/\/www.anderapartners.com\/fr\/#organization"},"potentialAction":[{"@type":"SearchAction","target":{"@type":"EntryPoint","urlTemplate":"https:\/\/www.anderapartners.com\/fr\/?s={search_term_string}"},"query-input":{"@type":"PropertyValueSpecification","valueRequired":true,"valueName":"search_term_string"}}],"inLanguage":"fr-FR"},{"@type":"Organization","@id":"https:\/\/www.anderapartners.com\/fr\/#organization","name":"Andera Partners","url":"https:\/\/www.anderapartners.com\/fr\/","logo":{"@type":"ImageObject","inLanguage":"fr-FR","@id":"https:\/\/www.anderapartners.com\/fr\/#\/schema\/logo\/image\/","url":"https:\/\/www.anderapartners.com\/wp-content\/uploads\/2020\/08\/logo-white.svg","contentUrl":"https:\/\/www.anderapartners.com\/wp-content\/uploads\/2020\/08\/logo-white.svg","width":107,"height":44,"caption":"Andera Partners"},"image":{"@id":"https:\/\/www.anderapartners.com\/fr\/#\/schema\/logo\/image\/"}},{"@type":"Person","@id":"https:\/\/www.anderapartners.com\/fr\/#\/schema\/person\/dce1d4a32f2d85f191a44527e202942c","name":"Nicolas Delsert","image":{"@type":"ImageObject","inLanguage":"fr-FR","@id":"https:\/\/www.anderapartners.com\/fr\/#\/schema\/person\/image\/","url":"https:\/\/secure.gravatar.com\/avatar\/fca7b29302058c85588bc6bc3db9bd1e?s=96&d=mm&r=g","contentUrl":"https:\/\/secure.gravatar.com\/avatar\/fca7b29302058c85588bc6bc3db9bd1e?s=96&d=mm&r=g","caption":"Nicolas Delsert"}}]}},"_links":{"self":[{"href":"https:\/\/www.anderapartners.com\/fr\/wp-json\/wp\/v2\/posts\/23137","targetHints":{"allow":["GET"]}}],"collection":[{"href":"https:\/\/www.anderapartners.com\/fr\/wp-json\/wp\/v2\/posts"}],"about":[{"href":"https:\/\/www.anderapartners.com\/fr\/wp-json\/wp\/v2\/types\/post"}],"author":[{"embeddable":true,"href":"https:\/\/www.anderapartners.com\/fr\/wp-json\/wp\/v2\/users\/2"}],"replies":[{"embeddable":true,"href":"https:\/\/www.anderapartners.com\/fr\/wp-json\/wp\/v2\/comments?post=23137"}],"version-history":[{"count":0,"href":"https:\/\/www.anderapartners.com\/fr\/wp-json\/wp\/v2\/posts\/23137\/revisions"}],"wp:attachment":[{"href":"https:\/\/www.anderapartners.com\/fr\/wp-json\/wp\/v2\/media?parent=23137"}],"wp:term":[{"taxonomy":"category","embeddable":true,"href":"https:\/\/www.anderapartners.com\/fr\/wp-json\/wp\/v2\/categories?post=23137"}],"curies":[{"name":"wp","href":"https:\/\/api.w.org\/{rel}","templated":true}]}}