{"id":16625,"date":"2022-10-03T11:05:56","date_gmt":"2022-10-03T09:05:56","guid":{"rendered":"https:\/\/www.anderapartners.com\/?p=16625"},"modified":"2022-10-03T11:47:27","modified_gmt":"2022-10-03T09:47:27","slug":"artemys-soutenu-par-andera-partners-debute-son-expansion-internationale-en-acquerant-lesn-belge-be-wan","status":"publish","type":"post","link":"https:\/\/www.anderapartners.com\/fr\/artemys-soutenu-par-andera-partners-debute-son-expansion-internationale-en-acquerant-lesn-belge-be-wan\/","title":{"rendered":"Artemys acquiert l\u2019ESN belge be.wan"},"content":{"rendered":"<p>Fond\u00e9e en 1999 par Luc Thiriaux, be.wan est un sp\u00e9cialiste belge des infrastructures IT, proposant des prestations d\u2019int\u00e9gration, d\u2019infog\u00e9rance et de conseil. Bas\u00e9e \u00e0 Louvain-La-Neuve ainsi que dans la r\u00e9gion de Courtrai, la soci\u00e9t\u00e9 est organis\u00e9e autour de deux p\u00f4les, correspondant au c\u0153ur de m\u00e9tier du Groupe Artemys : IT services (solutions Cloud, <em>on premise<\/em>, support) et Software (int\u00e9gration, notamment Dynamics 365 Business Central).<\/p>\n<p>Pour Artemys, il s\u2019agit de la premi\u00e8re op\u00e9ration de croissance externe internationale, lui permettant d\u00e9sormais de compter sur des implantations fortes en Ile-de-France, Normandie et Belgique. C\u2019est une op\u00e9ration strat\u00e9gique, sur un march\u00e9 pr\u00e9sentant de fortes similarit\u00e9s avec le march\u00e9 fran\u00e7ais, avec de nombreuses synergies commerciales identifi\u00e9es et l\u2019acquisition d\u2019un portefeuille de clients PME\/ETI fid\u00e8les et compl\u00e9mentaires de ceux du Groupe Artemys.<\/p>\n<p>Actionnaire minoritaire du Groupe Artemys depuis octobre 2020, Andera Partners, via son fonds Andera Expansion 3, soutient l\u2019\u00e9quipe de management emmen\u00e9e par Laurent Taieb dans l\u2019acc\u00e9l\u00e9ration du d\u00e9veloppement du groupe. Groupe Artemys, fort de 65 M\u20ac de chiffre d\u2019affaires, poss\u00e8de une dynamique de croissance et une efficacit\u00e9 op\u00e9rationnelle qui lui permettent de participer activement \u00e0 la consolidation de son march\u00e9 en France et \u00e0 l\u2019international.<\/p>\n<p><strong>Laurent Taieb, Pr\u00e9sident du Groupe Artemys, commente\u00a0:<\/strong> <em>\u00ab Nous sommes ravis d\u2019accueillir be.wan au sein de notre Groupe\u00a0; gr\u00e2ce \u00e0 sa sp\u00e9cialisation, be.wan va nous permettre de proposer des solutions p\u00e9rennes et professionnelles au service de la performance de nos clients et prospects, notamment par le d\u00e9veloppement d\u2019offres cross-border. D&rsquo;autres opportunit\u00e9s europ\u00e9ennes sont \u00e0 l\u2019\u00e9tude en organique ou croissance externe \u00bb.<\/em><\/p>\n<p><strong>Olivier Le Gall, Associ\u00e9 d\u2019Andera Partners, commente\u00a0:<\/strong> <em>\u00ab\u00a0Cette 2<sup>e<\/sup> acquisition en 2022 est une \u00e9tape structurante pour Artemys et d\u00e9montre la pertinence de son mod\u00e8le bas\u00e9 sur des prestations de services infrastructures IT haut-de-gamme, une volont\u00e9 permanente d\u2019innovation, ainsi que sa capacit\u00e9 \u00e0 se d\u00e9velopper hors de France \u00bb.<\/em><\/p>\n","protected":false},"excerpt":{"rendered":"<p>Fond\u00e9e en 1999 par Luc Thiriaux, be.wan est un sp\u00e9cialiste belge des infrastructures IT, proposant des prestations d\u2019int\u00e9gration, d\u2019infog\u00e9rance et de conseil. Bas\u00e9e \u00e0 Louvain-La-Neuve ainsi que dans la r\u00e9gion de Courtrai, la soci\u00e9t\u00e9 est organis\u00e9e autour de deux p\u00f4les, correspondant au c\u0153ur de m\u00e9tier du Groupe Artemys : IT services (solutions Cloud, on premise,&#8230;<\/p>\n","protected":false},"author":2,"featured_media":0,"comment_status":"closed","ping_status":"open","sticky":false,"template":"","format":"standard","meta":[],"categories":[81],"class_list":["post-16625","post","type-post","status-publish","format-standard","hentry","category-cabestan-capital"],"acf":[],"yoast_head":"<!-- This site is optimized with the Yoast SEO plugin v24.1 - https:\/\/yoast.com\/wordpress\/plugins\/seo\/ -->\n<title>Artemys acquiert l\u2019ESN belge be.wan - ANDERA PARTNERS<\/title>\n<meta name=\"robots\" content=\"index, follow, max-snippet:-1, max-image-preview:large, max-video-preview:-1\" \/>\n<link rel=\"canonical\" href=\"https:\/\/www.anderapartners.com\/fr\/artemys-soutenu-par-andera-partners-debute-son-expansion-internationale-en-acquerant-lesn-belge-be-wan\/\" \/>\n<meta property=\"og:locale\" content=\"fr_FR\" \/>\n<meta property=\"og:type\" content=\"article\" \/>\n<meta property=\"og:title\" content=\"Artemys acquiert l\u2019ESN belge be.wan - ANDERA PARTNERS\" \/>\n<meta property=\"og:description\" content=\"Fond\u00e9e en 1999 par Luc Thiriaux, be.wan est un sp\u00e9cialiste belge des infrastructures IT, proposant des prestations d\u2019int\u00e9gration, d\u2019infog\u00e9rance et de conseil. Bas\u00e9e \u00e0 Louvain-La-Neuve ainsi que dans la r\u00e9gion de Courtrai, la soci\u00e9t\u00e9 est organis\u00e9e autour de deux p\u00f4les, correspondant au c\u0153ur de m\u00e9tier du Groupe Artemys : IT services (solutions Cloud, on premise,...\" \/>\n<meta property=\"og:url\" content=\"https:\/\/www.anderapartners.com\/fr\/artemys-soutenu-par-andera-partners-debute-son-expansion-internationale-en-acquerant-lesn-belge-be-wan\/\" \/>\n<meta property=\"og:site_name\" content=\"ANDERA PARTNERS\" \/>\n<meta property=\"article:published_time\" content=\"2022-10-03T09:05:56+00:00\" \/>\n<meta property=\"article:modified_time\" content=\"2022-10-03T09:47:27+00:00\" \/>\n<meta name=\"author\" content=\"Nicolas Delsert\" \/>\n<meta name=\"twitter:card\" content=\"summary_large_image\" \/>\n<meta name=\"twitter:label1\" content=\"\u00c9crit par\" \/>\n\t<meta name=\"twitter:data1\" content=\"Nicolas Delsert\" \/>\n\t<meta name=\"twitter:label2\" content=\"Dur\u00e9e de lecture estim\u00e9e\" \/>\n\t<meta name=\"twitter:data2\" content=\"2 minutes\" \/>\n<script type=\"application\/ld+json\" class=\"yoast-schema-graph\">{\"@context\":\"https:\/\/schema.org\",\"@graph\":[{\"@type\":\"Article\",\"@id\":\"https:\/\/www.anderapartners.com\/fr\/artemys-soutenu-par-andera-partners-debute-son-expansion-internationale-en-acquerant-lesn-belge-be-wan\/#article\",\"isPartOf\":{\"@id\":\"https:\/\/www.anderapartners.com\/fr\/artemys-soutenu-par-andera-partners-debute-son-expansion-internationale-en-acquerant-lesn-belge-be-wan\/\"},\"author\":{\"name\":\"Nicolas Delsert\",\"@id\":\"https:\/\/www.anderapartners.com\/fr\/#\/schema\/person\/dce1d4a32f2d85f191a44527e202942c\"},\"headline\":\"Artemys acquiert l\u2019ESN belge be.wan\",\"datePublished\":\"2022-10-03T09:05:56+00:00\",\"dateModified\":\"2022-10-03T09:47:27+00:00\",\"mainEntityOfPage\":{\"@id\":\"https:\/\/www.anderapartners.com\/fr\/artemys-soutenu-par-andera-partners-debute-son-expansion-internationale-en-acquerant-lesn-belge-be-wan\/\"},\"wordCount\":351,\"publisher\":{\"@id\":\"https:\/\/www.anderapartners.com\/fr\/#organization\"},\"articleSection\":[\"andera Expansion\/Croissance\"],\"inLanguage\":\"fr-FR\"},{\"@type\":\"WebPage\",\"@id\":\"https:\/\/www.anderapartners.com\/fr\/artemys-soutenu-par-andera-partners-debute-son-expansion-internationale-en-acquerant-lesn-belge-be-wan\/\",\"url\":\"https:\/\/www.anderapartners.com\/fr\/artemys-soutenu-par-andera-partners-debute-son-expansion-internationale-en-acquerant-lesn-belge-be-wan\/\",\"name\":\"Artemys acquiert l\u2019ESN belge be.wan - ANDERA PARTNERS\",\"isPartOf\":{\"@id\":\"https:\/\/www.anderapartners.com\/fr\/#website\"},\"datePublished\":\"2022-10-03T09:05:56+00:00\",\"dateModified\":\"2022-10-03T09:47:27+00:00\",\"breadcrumb\":{\"@id\":\"https:\/\/www.anderapartners.com\/fr\/artemys-soutenu-par-andera-partners-debute-son-expansion-internationale-en-acquerant-lesn-belge-be-wan\/#breadcrumb\"},\"inLanguage\":\"fr-FR\",\"potentialAction\":[{\"@type\":\"ReadAction\",\"target\":[\"https:\/\/www.anderapartners.com\/fr\/artemys-soutenu-par-andera-partners-debute-son-expansion-internationale-en-acquerant-lesn-belge-be-wan\/\"]}]},{\"@type\":\"BreadcrumbList\",\"@id\":\"https:\/\/www.anderapartners.com\/fr\/artemys-soutenu-par-andera-partners-debute-son-expansion-internationale-en-acquerant-lesn-belge-be-wan\/#breadcrumb\",\"itemListElement\":[{\"@type\":\"ListItem\",\"position\":1,\"name\":\"Accueil\",\"item\":\"https:\/\/www.anderapartners.com\/fr\/\"},{\"@type\":\"ListItem\",\"position\":2,\"name\":\"Artemys acquiert l\u2019ESN belge be.wan\"}]},{\"@type\":\"WebSite\",\"@id\":\"https:\/\/www.anderapartners.com\/fr\/#website\",\"url\":\"https:\/\/www.anderapartners.com\/fr\/\",\"name\":\"ANDERA PARTNERS\",\"description\":\"\",\"publisher\":{\"@id\":\"https:\/\/www.anderapartners.com\/fr\/#organization\"},\"potentialAction\":[{\"@type\":\"SearchAction\",\"target\":{\"@type\":\"EntryPoint\",\"urlTemplate\":\"https:\/\/www.anderapartners.com\/fr\/?s={search_term_string}\"},\"query-input\":{\"@type\":\"PropertyValueSpecification\",\"valueRequired\":true,\"valueName\":\"search_term_string\"}}],\"inLanguage\":\"fr-FR\"},{\"@type\":\"Organization\",\"@id\":\"https:\/\/www.anderapartners.com\/fr\/#organization\",\"name\":\"Andera Partners\",\"url\":\"https:\/\/www.anderapartners.com\/fr\/\",\"logo\":{\"@type\":\"ImageObject\",\"inLanguage\":\"fr-FR\",\"@id\":\"https:\/\/www.anderapartners.com\/fr\/#\/schema\/logo\/image\/\",\"url\":\"https:\/\/www.anderapartners.com\/wp-content\/uploads\/2020\/08\/logo-white.svg\",\"contentUrl\":\"https:\/\/www.anderapartners.com\/wp-content\/uploads\/2020\/08\/logo-white.svg\",\"width\":107,\"height\":44,\"caption\":\"Andera Partners\"},\"image\":{\"@id\":\"https:\/\/www.anderapartners.com\/fr\/#\/schema\/logo\/image\/\"}},{\"@type\":\"Person\",\"@id\":\"https:\/\/www.anderapartners.com\/fr\/#\/schema\/person\/dce1d4a32f2d85f191a44527e202942c\",\"name\":\"Nicolas Delsert\",\"image\":{\"@type\":\"ImageObject\",\"inLanguage\":\"fr-FR\",\"@id\":\"https:\/\/www.anderapartners.com\/fr\/#\/schema\/person\/image\/\",\"url\":\"https:\/\/secure.gravatar.com\/avatar\/fca7b29302058c85588bc6bc3db9bd1e?s=96&d=mm&r=g\",\"contentUrl\":\"https:\/\/secure.gravatar.com\/avatar\/fca7b29302058c85588bc6bc3db9bd1e?s=96&d=mm&r=g\",\"caption\":\"Nicolas Delsert\"}}]}<\/script>\n<!-- \/ Yoast SEO plugin. -->","yoast_head_json":{"title":"Artemys acquiert l\u2019ESN belge be.wan - ANDERA PARTNERS","robots":{"index":"index","follow":"follow","max-snippet":"max-snippet:-1","max-image-preview":"max-image-preview:large","max-video-preview":"max-video-preview:-1"},"canonical":"https:\/\/www.anderapartners.com\/fr\/artemys-soutenu-par-andera-partners-debute-son-expansion-internationale-en-acquerant-lesn-belge-be-wan\/","og_locale":"fr_FR","og_type":"article","og_title":"Artemys acquiert l\u2019ESN belge be.wan - ANDERA PARTNERS","og_description":"Fond\u00e9e en 1999 par Luc Thiriaux, be.wan est un sp\u00e9cialiste belge des infrastructures IT, proposant des prestations d\u2019int\u00e9gration, d\u2019infog\u00e9rance et de conseil. Bas\u00e9e \u00e0 Louvain-La-Neuve ainsi que dans la r\u00e9gion de Courtrai, la soci\u00e9t\u00e9 est organis\u00e9e autour de deux p\u00f4les, correspondant au c\u0153ur de m\u00e9tier du Groupe Artemys : IT services (solutions Cloud, on premise,...","og_url":"https:\/\/www.anderapartners.com\/fr\/artemys-soutenu-par-andera-partners-debute-son-expansion-internationale-en-acquerant-lesn-belge-be-wan\/","og_site_name":"ANDERA PARTNERS","article_published_time":"2022-10-03T09:05:56+00:00","article_modified_time":"2022-10-03T09:47:27+00:00","author":"Nicolas Delsert","twitter_card":"summary_large_image","twitter_misc":{"\u00c9crit par":"Nicolas Delsert","Dur\u00e9e de lecture estim\u00e9e":"2 minutes"},"schema":{"@context":"https:\/\/schema.org","@graph":[{"@type":"Article","@id":"https:\/\/www.anderapartners.com\/fr\/artemys-soutenu-par-andera-partners-debute-son-expansion-internationale-en-acquerant-lesn-belge-be-wan\/#article","isPartOf":{"@id":"https:\/\/www.anderapartners.com\/fr\/artemys-soutenu-par-andera-partners-debute-son-expansion-internationale-en-acquerant-lesn-belge-be-wan\/"},"author":{"name":"Nicolas Delsert","@id":"https:\/\/www.anderapartners.com\/fr\/#\/schema\/person\/dce1d4a32f2d85f191a44527e202942c"},"headline":"Artemys acquiert l\u2019ESN belge be.wan","datePublished":"2022-10-03T09:05:56+00:00","dateModified":"2022-10-03T09:47:27+00:00","mainEntityOfPage":{"@id":"https:\/\/www.anderapartners.com\/fr\/artemys-soutenu-par-andera-partners-debute-son-expansion-internationale-en-acquerant-lesn-belge-be-wan\/"},"wordCount":351,"publisher":{"@id":"https:\/\/www.anderapartners.com\/fr\/#organization"},"articleSection":["andera Expansion\/Croissance"],"inLanguage":"fr-FR"},{"@type":"WebPage","@id":"https:\/\/www.anderapartners.com\/fr\/artemys-soutenu-par-andera-partners-debute-son-expansion-internationale-en-acquerant-lesn-belge-be-wan\/","url":"https:\/\/www.anderapartners.com\/fr\/artemys-soutenu-par-andera-partners-debute-son-expansion-internationale-en-acquerant-lesn-belge-be-wan\/","name":"Artemys acquiert l\u2019ESN belge be.wan - ANDERA PARTNERS","isPartOf":{"@id":"https:\/\/www.anderapartners.com\/fr\/#website"},"datePublished":"2022-10-03T09:05:56+00:00","dateModified":"2022-10-03T09:47:27+00:00","breadcrumb":{"@id":"https:\/\/www.anderapartners.com\/fr\/artemys-soutenu-par-andera-partners-debute-son-expansion-internationale-en-acquerant-lesn-belge-be-wan\/#breadcrumb"},"inLanguage":"fr-FR","potentialAction":[{"@type":"ReadAction","target":["https:\/\/www.anderapartners.com\/fr\/artemys-soutenu-par-andera-partners-debute-son-expansion-internationale-en-acquerant-lesn-belge-be-wan\/"]}]},{"@type":"BreadcrumbList","@id":"https:\/\/www.anderapartners.com\/fr\/artemys-soutenu-par-andera-partners-debute-son-expansion-internationale-en-acquerant-lesn-belge-be-wan\/#breadcrumb","itemListElement":[{"@type":"ListItem","position":1,"name":"Accueil","item":"https:\/\/www.anderapartners.com\/fr\/"},{"@type":"ListItem","position":2,"name":"Artemys acquiert l\u2019ESN belge be.wan"}]},{"@type":"WebSite","@id":"https:\/\/www.anderapartners.com\/fr\/#website","url":"https:\/\/www.anderapartners.com\/fr\/","name":"ANDERA PARTNERS","description":"","publisher":{"@id":"https:\/\/www.anderapartners.com\/fr\/#organization"},"potentialAction":[{"@type":"SearchAction","target":{"@type":"EntryPoint","urlTemplate":"https:\/\/www.anderapartners.com\/fr\/?s={search_term_string}"},"query-input":{"@type":"PropertyValueSpecification","valueRequired":true,"valueName":"search_term_string"}}],"inLanguage":"fr-FR"},{"@type":"Organization","@id":"https:\/\/www.anderapartners.com\/fr\/#organization","name":"Andera Partners","url":"https:\/\/www.anderapartners.com\/fr\/","logo":{"@type":"ImageObject","inLanguage":"fr-FR","@id":"https:\/\/www.anderapartners.com\/fr\/#\/schema\/logo\/image\/","url":"https:\/\/www.anderapartners.com\/wp-content\/uploads\/2020\/08\/logo-white.svg","contentUrl":"https:\/\/www.anderapartners.com\/wp-content\/uploads\/2020\/08\/logo-white.svg","width":107,"height":44,"caption":"Andera Partners"},"image":{"@id":"https:\/\/www.anderapartners.com\/fr\/#\/schema\/logo\/image\/"}},{"@type":"Person","@id":"https:\/\/www.anderapartners.com\/fr\/#\/schema\/person\/dce1d4a32f2d85f191a44527e202942c","name":"Nicolas Delsert","image":{"@type":"ImageObject","inLanguage":"fr-FR","@id":"https:\/\/www.anderapartners.com\/fr\/#\/schema\/person\/image\/","url":"https:\/\/secure.gravatar.com\/avatar\/fca7b29302058c85588bc6bc3db9bd1e?s=96&d=mm&r=g","contentUrl":"https:\/\/secure.gravatar.com\/avatar\/fca7b29302058c85588bc6bc3db9bd1e?s=96&d=mm&r=g","caption":"Nicolas Delsert"}}]}},"_links":{"self":[{"href":"https:\/\/www.anderapartners.com\/fr\/wp-json\/wp\/v2\/posts\/16625","targetHints":{"allow":["GET"]}}],"collection":[{"href":"https:\/\/www.anderapartners.com\/fr\/wp-json\/wp\/v2\/posts"}],"about":[{"href":"https:\/\/www.anderapartners.com\/fr\/wp-json\/wp\/v2\/types\/post"}],"author":[{"embeddable":true,"href":"https:\/\/www.anderapartners.com\/fr\/wp-json\/wp\/v2\/users\/2"}],"replies":[{"embeddable":true,"href":"https:\/\/www.anderapartners.com\/fr\/wp-json\/wp\/v2\/comments?post=16625"}],"version-history":[{"count":0,"href":"https:\/\/www.anderapartners.com\/fr\/wp-json\/wp\/v2\/posts\/16625\/revisions"}],"wp:attachment":[{"href":"https:\/\/www.anderapartners.com\/fr\/wp-json\/wp\/v2\/media?parent=16625"}],"wp:term":[{"taxonomy":"category","embeddable":true,"href":"https:\/\/www.anderapartners.com\/fr\/wp-json\/wp\/v2\/categories?post=16625"}],"curies":[{"name":"wp","href":"https:\/\/api.w.org\/{rel}","templated":true}]}}