{"id":16076,"date":"2022-07-28T11:03:05","date_gmt":"2022-07-28T09:03:05","guid":{"rendered":"https:\/\/www.anderapartners.com\/?p=16076"},"modified":"2022-08-30T14:52:36","modified_gmt":"2022-08-30T12:52:36","slug":"andera-infra-table-ronde-special-transition-energetique","status":"publish","type":"post","link":"https:\/\/www.anderapartners.com\/fr\/andera-infra-table-ronde-special-transition-energetique\/","title":{"rendered":"Magazine des Affaires : Table ronde &#8211; Sp\u00e9cial Transition Energ\u00e9tique"},"content":{"rendered":"<p><strong>Guy Auger, Associ\u00e9 Andera Infra<\/strong> d\u00e9clare \u2018\u2018Le stockage est le cha\u00eenon manquant de l\u2019action gouvernementale. On peut multiplier les projets d\u2019ENR mais si on n\u2019a pas vraiment de march\u00e9 de stockage en France, on va se retrouver avec un probl\u00e8me d\u2019overproduction d\u2019ici 2030. \u2019\u2019<\/p>\n<p><a href=\"https:\/\/www.anderapartners.com\/wp-content\/uploads\/2022\/07\/28.07.22-INFRA-Table-ronde-Table-ronde-Transition-energetique-2022.pdf\">Cliquez ici<\/a> pour d\u00e9couvrir l&rsquo;int\u00e9gralit\u00e9 de l&rsquo;article du Magazine des Affaires.<\/p>\n","protected":false},"excerpt":{"rendered":"<p>Guy Auger, Associ\u00e9 Andera Infra d\u00e9clare \u2018\u2018Le stockage est le cha\u00eenon manquant de l\u2019action gouvernementale. On peut multiplier les projets d\u2019ENR mais si on n\u2019a pas vraiment de march\u00e9 de stockage en France, on va se retrouver avec un probl\u00e8me d\u2019overproduction d\u2019ici 2030. \u2019\u2019 Cliquez ici pour d\u00e9couvrir l&rsquo;int\u00e9gralit\u00e9 de l&rsquo;article du Magazine des Affaires.<\/p>\n","protected":false},"author":2,"featured_media":0,"comment_status":"closed","ping_status":"open","sticky":false,"template":"","format":"standard","meta":[],"categories":[189,168],"class_list":["post-16076","post","type-post","status-publish","format-standard","hentry","category-actu-infra-2","category-infra"],"acf":[],"yoast_head":"<!-- This site is optimized with the Yoast SEO plugin v24.1 - https:\/\/yoast.com\/wordpress\/plugins\/seo\/ -->\n<title>Magazine des Affaires : Table ronde - Sp\u00e9cial Transition Energ\u00e9tique - ANDERA PARTNERS<\/title>\n<meta name=\"robots\" content=\"index, follow, max-snippet:-1, max-image-preview:large, max-video-preview:-1\" \/>\n<link rel=\"canonical\" href=\"https:\/\/www.anderapartners.com\/fr\/andera-infra-table-ronde-special-transition-energetique\/\" \/>\n<meta property=\"og:locale\" content=\"fr_FR\" \/>\n<meta property=\"og:type\" content=\"article\" \/>\n<meta property=\"og:title\" content=\"Magazine des Affaires : Table ronde - Sp\u00e9cial Transition Energ\u00e9tique - ANDERA PARTNERS\" \/>\n<meta property=\"og:description\" content=\"Guy Auger, Associ\u00e9 Andera Infra d\u00e9clare \u2018\u2018Le stockage est le cha\u00eenon manquant de l\u2019action gouvernementale. On peut multiplier les projets d\u2019ENR mais si on n\u2019a pas vraiment de march\u00e9 de stockage en France, on va se retrouver avec un probl\u00e8me d\u2019overproduction d\u2019ici 2030. \u2019\u2019 Cliquez ici pour d\u00e9couvrir l&rsquo;int\u00e9gralit\u00e9 de l&rsquo;article du Magazine des Affaires.\" \/>\n<meta property=\"og:url\" content=\"https:\/\/www.anderapartners.com\/fr\/andera-infra-table-ronde-special-transition-energetique\/\" \/>\n<meta property=\"og:site_name\" content=\"ANDERA PARTNERS\" \/>\n<meta property=\"article:published_time\" content=\"2022-07-28T09:03:05+00:00\" \/>\n<meta property=\"article:modified_time\" content=\"2022-08-30T12:52:36+00:00\" \/>\n<meta name=\"author\" content=\"Nicolas Delsert\" \/>\n<meta name=\"twitter:card\" content=\"summary_large_image\" \/>\n<meta name=\"twitter:label1\" content=\"\u00c9crit par\" \/>\n\t<meta name=\"twitter:data1\" content=\"Nicolas Delsert\" \/>\n<script type=\"application\/ld+json\" class=\"yoast-schema-graph\">{\"@context\":\"https:\/\/schema.org\",\"@graph\":[{\"@type\":\"Article\",\"@id\":\"https:\/\/www.anderapartners.com\/fr\/andera-infra-table-ronde-special-transition-energetique\/#article\",\"isPartOf\":{\"@id\":\"https:\/\/www.anderapartners.com\/fr\/andera-infra-table-ronde-special-transition-energetique\/\"},\"author\":{\"name\":\"Nicolas Delsert\",\"@id\":\"https:\/\/www.anderapartners.com\/fr\/#\/schema\/person\/dce1d4a32f2d85f191a44527e202942c\"},\"headline\":\"Magazine des Affaires : Table ronde &#8211; Sp\u00e9cial Transition Energ\u00e9tique\",\"datePublished\":\"2022-07-28T09:03:05+00:00\",\"dateModified\":\"2022-08-30T12:52:36+00:00\",\"mainEntityOfPage\":{\"@id\":\"https:\/\/www.anderapartners.com\/fr\/andera-infra-table-ronde-special-transition-energetique\/\"},\"wordCount\":76,\"publisher\":{\"@id\":\"https:\/\/www.anderapartners.com\/fr\/#organization\"},\"articleSection\":[\"Actu Infra\",\"andera Infra\"],\"inLanguage\":\"fr-FR\"},{\"@type\":\"WebPage\",\"@id\":\"https:\/\/www.anderapartners.com\/fr\/andera-infra-table-ronde-special-transition-energetique\/\",\"url\":\"https:\/\/www.anderapartners.com\/fr\/andera-infra-table-ronde-special-transition-energetique\/\",\"name\":\"Magazine des Affaires : Table ronde - Sp\u00e9cial Transition Energ\u00e9tique - ANDERA PARTNERS\",\"isPartOf\":{\"@id\":\"https:\/\/www.anderapartners.com\/fr\/#website\"},\"datePublished\":\"2022-07-28T09:03:05+00:00\",\"dateModified\":\"2022-08-30T12:52:36+00:00\",\"breadcrumb\":{\"@id\":\"https:\/\/www.anderapartners.com\/fr\/andera-infra-table-ronde-special-transition-energetique\/#breadcrumb\"},\"inLanguage\":\"fr-FR\",\"potentialAction\":[{\"@type\":\"ReadAction\",\"target\":[\"https:\/\/www.anderapartners.com\/fr\/andera-infra-table-ronde-special-transition-energetique\/\"]}]},{\"@type\":\"BreadcrumbList\",\"@id\":\"https:\/\/www.anderapartners.com\/fr\/andera-infra-table-ronde-special-transition-energetique\/#breadcrumb\",\"itemListElement\":[{\"@type\":\"ListItem\",\"position\":1,\"name\":\"Accueil\",\"item\":\"https:\/\/www.anderapartners.com\/fr\/\"},{\"@type\":\"ListItem\",\"position\":2,\"name\":\"Magazine des Affaires : Table ronde &#8211; Sp\u00e9cial Transition Energ\u00e9tique\"}]},{\"@type\":\"WebSite\",\"@id\":\"https:\/\/www.anderapartners.com\/fr\/#website\",\"url\":\"https:\/\/www.anderapartners.com\/fr\/\",\"name\":\"ANDERA PARTNERS\",\"description\":\"\",\"publisher\":{\"@id\":\"https:\/\/www.anderapartners.com\/fr\/#organization\"},\"potentialAction\":[{\"@type\":\"SearchAction\",\"target\":{\"@type\":\"EntryPoint\",\"urlTemplate\":\"https:\/\/www.anderapartners.com\/fr\/?s={search_term_string}\"},\"query-input\":{\"@type\":\"PropertyValueSpecification\",\"valueRequired\":true,\"valueName\":\"search_term_string\"}}],\"inLanguage\":\"fr-FR\"},{\"@type\":\"Organization\",\"@id\":\"https:\/\/www.anderapartners.com\/fr\/#organization\",\"name\":\"Andera Partners\",\"url\":\"https:\/\/www.anderapartners.com\/fr\/\",\"logo\":{\"@type\":\"ImageObject\",\"inLanguage\":\"fr-FR\",\"@id\":\"https:\/\/www.anderapartners.com\/fr\/#\/schema\/logo\/image\/\",\"url\":\"https:\/\/www.anderapartners.com\/wp-content\/uploads\/2020\/08\/logo-white.svg\",\"contentUrl\":\"https:\/\/www.anderapartners.com\/wp-content\/uploads\/2020\/08\/logo-white.svg\",\"width\":107,\"height\":44,\"caption\":\"Andera Partners\"},\"image\":{\"@id\":\"https:\/\/www.anderapartners.com\/fr\/#\/schema\/logo\/image\/\"}},{\"@type\":\"Person\",\"@id\":\"https:\/\/www.anderapartners.com\/fr\/#\/schema\/person\/dce1d4a32f2d85f191a44527e202942c\",\"name\":\"Nicolas Delsert\",\"image\":{\"@type\":\"ImageObject\",\"inLanguage\":\"fr-FR\",\"@id\":\"https:\/\/www.anderapartners.com\/fr\/#\/schema\/person\/image\/\",\"url\":\"https:\/\/secure.gravatar.com\/avatar\/fca7b29302058c85588bc6bc3db9bd1e?s=96&d=mm&r=g\",\"contentUrl\":\"https:\/\/secure.gravatar.com\/avatar\/fca7b29302058c85588bc6bc3db9bd1e?s=96&d=mm&r=g\",\"caption\":\"Nicolas Delsert\"}}]}<\/script>\n<!-- \/ Yoast SEO plugin. -->","yoast_head_json":{"title":"Magazine des Affaires : Table ronde - Sp\u00e9cial Transition Energ\u00e9tique - ANDERA PARTNERS","robots":{"index":"index","follow":"follow","max-snippet":"max-snippet:-1","max-image-preview":"max-image-preview:large","max-video-preview":"max-video-preview:-1"},"canonical":"https:\/\/www.anderapartners.com\/fr\/andera-infra-table-ronde-special-transition-energetique\/","og_locale":"fr_FR","og_type":"article","og_title":"Magazine des Affaires : Table ronde - Sp\u00e9cial Transition Energ\u00e9tique - ANDERA PARTNERS","og_description":"Guy Auger, Associ\u00e9 Andera Infra d\u00e9clare \u2018\u2018Le stockage est le cha\u00eenon manquant de l\u2019action gouvernementale. On peut multiplier les projets d\u2019ENR mais si on n\u2019a pas vraiment de march\u00e9 de stockage en France, on va se retrouver avec un probl\u00e8me d\u2019overproduction d\u2019ici 2030. \u2019\u2019 Cliquez ici pour d\u00e9couvrir l&rsquo;int\u00e9gralit\u00e9 de l&rsquo;article du Magazine des Affaires.","og_url":"https:\/\/www.anderapartners.com\/fr\/andera-infra-table-ronde-special-transition-energetique\/","og_site_name":"ANDERA PARTNERS","article_published_time":"2022-07-28T09:03:05+00:00","article_modified_time":"2022-08-30T12:52:36+00:00","author":"Nicolas Delsert","twitter_card":"summary_large_image","twitter_misc":{"\u00c9crit par":"Nicolas Delsert"},"schema":{"@context":"https:\/\/schema.org","@graph":[{"@type":"Article","@id":"https:\/\/www.anderapartners.com\/fr\/andera-infra-table-ronde-special-transition-energetique\/#article","isPartOf":{"@id":"https:\/\/www.anderapartners.com\/fr\/andera-infra-table-ronde-special-transition-energetique\/"},"author":{"name":"Nicolas Delsert","@id":"https:\/\/www.anderapartners.com\/fr\/#\/schema\/person\/dce1d4a32f2d85f191a44527e202942c"},"headline":"Magazine des Affaires : Table ronde &#8211; Sp\u00e9cial Transition Energ\u00e9tique","datePublished":"2022-07-28T09:03:05+00:00","dateModified":"2022-08-30T12:52:36+00:00","mainEntityOfPage":{"@id":"https:\/\/www.anderapartners.com\/fr\/andera-infra-table-ronde-special-transition-energetique\/"},"wordCount":76,"publisher":{"@id":"https:\/\/www.anderapartners.com\/fr\/#organization"},"articleSection":["Actu Infra","andera Infra"],"inLanguage":"fr-FR"},{"@type":"WebPage","@id":"https:\/\/www.anderapartners.com\/fr\/andera-infra-table-ronde-special-transition-energetique\/","url":"https:\/\/www.anderapartners.com\/fr\/andera-infra-table-ronde-special-transition-energetique\/","name":"Magazine des Affaires : Table ronde - Sp\u00e9cial Transition Energ\u00e9tique - ANDERA PARTNERS","isPartOf":{"@id":"https:\/\/www.anderapartners.com\/fr\/#website"},"datePublished":"2022-07-28T09:03:05+00:00","dateModified":"2022-08-30T12:52:36+00:00","breadcrumb":{"@id":"https:\/\/www.anderapartners.com\/fr\/andera-infra-table-ronde-special-transition-energetique\/#breadcrumb"},"inLanguage":"fr-FR","potentialAction":[{"@type":"ReadAction","target":["https:\/\/www.anderapartners.com\/fr\/andera-infra-table-ronde-special-transition-energetique\/"]}]},{"@type":"BreadcrumbList","@id":"https:\/\/www.anderapartners.com\/fr\/andera-infra-table-ronde-special-transition-energetique\/#breadcrumb","itemListElement":[{"@type":"ListItem","position":1,"name":"Accueil","item":"https:\/\/www.anderapartners.com\/fr\/"},{"@type":"ListItem","position":2,"name":"Magazine des Affaires : Table ronde &#8211; Sp\u00e9cial Transition Energ\u00e9tique"}]},{"@type":"WebSite","@id":"https:\/\/www.anderapartners.com\/fr\/#website","url":"https:\/\/www.anderapartners.com\/fr\/","name":"ANDERA PARTNERS","description":"","publisher":{"@id":"https:\/\/www.anderapartners.com\/fr\/#organization"},"potentialAction":[{"@type":"SearchAction","target":{"@type":"EntryPoint","urlTemplate":"https:\/\/www.anderapartners.com\/fr\/?s={search_term_string}"},"query-input":{"@type":"PropertyValueSpecification","valueRequired":true,"valueName":"search_term_string"}}],"inLanguage":"fr-FR"},{"@type":"Organization","@id":"https:\/\/www.anderapartners.com\/fr\/#organization","name":"Andera Partners","url":"https:\/\/www.anderapartners.com\/fr\/","logo":{"@type":"ImageObject","inLanguage":"fr-FR","@id":"https:\/\/www.anderapartners.com\/fr\/#\/schema\/logo\/image\/","url":"https:\/\/www.anderapartners.com\/wp-content\/uploads\/2020\/08\/logo-white.svg","contentUrl":"https:\/\/www.anderapartners.com\/wp-content\/uploads\/2020\/08\/logo-white.svg","width":107,"height":44,"caption":"Andera Partners"},"image":{"@id":"https:\/\/www.anderapartners.com\/fr\/#\/schema\/logo\/image\/"}},{"@type":"Person","@id":"https:\/\/www.anderapartners.com\/fr\/#\/schema\/person\/dce1d4a32f2d85f191a44527e202942c","name":"Nicolas Delsert","image":{"@type":"ImageObject","inLanguage":"fr-FR","@id":"https:\/\/www.anderapartners.com\/fr\/#\/schema\/person\/image\/","url":"https:\/\/secure.gravatar.com\/avatar\/fca7b29302058c85588bc6bc3db9bd1e?s=96&d=mm&r=g","contentUrl":"https:\/\/secure.gravatar.com\/avatar\/fca7b29302058c85588bc6bc3db9bd1e?s=96&d=mm&r=g","caption":"Nicolas Delsert"}}]}},"_links":{"self":[{"href":"https:\/\/www.anderapartners.com\/fr\/wp-json\/wp\/v2\/posts\/16076","targetHints":{"allow":["GET"]}}],"collection":[{"href":"https:\/\/www.anderapartners.com\/fr\/wp-json\/wp\/v2\/posts"}],"about":[{"href":"https:\/\/www.anderapartners.com\/fr\/wp-json\/wp\/v2\/types\/post"}],"author":[{"embeddable":true,"href":"https:\/\/www.anderapartners.com\/fr\/wp-json\/wp\/v2\/users\/2"}],"replies":[{"embeddable":true,"href":"https:\/\/www.anderapartners.com\/fr\/wp-json\/wp\/v2\/comments?post=16076"}],"version-history":[{"count":0,"href":"https:\/\/www.anderapartners.com\/fr\/wp-json\/wp\/v2\/posts\/16076\/revisions"}],"wp:attachment":[{"href":"https:\/\/www.anderapartners.com\/fr\/wp-json\/wp\/v2\/media?parent=16076"}],"wp:term":[{"taxonomy":"category","embeddable":true,"href":"https:\/\/www.anderapartners.com\/fr\/wp-json\/wp\/v2\/categories?post=16076"}],"curies":[{"name":"wp","href":"https:\/\/api.w.org\/{rel}","templated":true}]}}